{"id":167972,"date":"2019-06-11T15:00:20","date_gmt":"2019-06-11T12:00:20","guid":{"rendered":"http:\/\/www.tvturk.com\/index.php\/meteoroloji-genel-muduru-volkan-mutlu-coskun-dunya-meteoroloji-teskilati-yurutme-konseyine-aday-oldu\/"},"modified":"2019-06-11T15:00:20","modified_gmt":"2019-06-11T12:00:20","slug":"meteoroloji-genel-muduru-volkan-mutlu-coskun-dunya-meteoroloji-teskilati-yurutme-konseyine-aday-oldu","status":"publish","type":"post","link":"http:\/\/www.tvturk.com\/index.php\/meteoroloji-genel-muduru-volkan-mutlu-coskun-dunya-meteoroloji-teskilati-yurutme-konseyine-aday-oldu\/","title":{"rendered":"Meteoroloji Genel M\u00fcd\u00fcr\u00fc Volkan Mutlu Co\u015fkun, D\u00fcnya Meteoroloji Te\u015fkilat\u0131 Y\u00fcr\u00fctme Konseyine aday oldu"},"content":{"rendered":"<p>Meteoroloji Genel M\u00fcd\u00fcr\u00fc Volkan Mutlu Co\u015fkun\u2019un D\u00fcnya Meteoroloji Y\u00fcr\u00fctme Konseyi adayl\u0131\u011f\u0131 sebebi ile Cenevre Uluslararas\u0131 Kongre Merkezinde bir resepsiyon d\u00fczenlendi.<\/p>\n<p>Resepsiyona, WMO Ba\u015fkan\u0131 ve Kanada Meteoroloji Servisi Genel M\u00fcd\u00fcr\u00fc David Grimes, WMO Genel Sekreteri Petteri Taalas, 160 \u00fclkenin Meteoroloji Genel M\u00fcd\u00fcrleri ve temsilcileri, uluslararas\u0131 kurulu\u015f temsilcilerinden olu\u015fan Kongre delegeleri ile WMO \u00e7al\u0131\u015fanlar\u0131 kat\u0131ld\u0131. Resepsiyonda Birle\u015fmi\u015f Milletler Cenevre Ofisi nezdinde T\u00fcrkiye Daimi Temsilci Yard\u0131mc\u0131s\u0131 Beliz Cilasin Rende ile daimi temsilcilik \u00e7al\u0131\u015fanlar\u0131 da haz\u0131r bulundu.<\/p>\n<p>MGM Genel M\u00fcd\u00fcr\u00fc Volkan Mutlu Co\u015fkun resepsiyonda \u201cT\u00fcrk mutfa\u011f\u0131ndan lezzetlerle uluslararas\u0131 tatlar\u0131n bir arada sunuldu\u011funu ayr\u0131ca resepsiyon s\u00fcresince 160 \u00fclkenin Meteoroloji Genel M\u00fcd\u00fcrleriyle birebir g\u00f6r\u00fc\u015fmeler ger\u00e7ekle\u015ftirildi\u011fini, T\u00fcrkiye\u2019nin WMO programlar\u0131na katk\u0131lar\u0131ndan bahsetti ve \u00fclkelerle ikili i\u015fbirli\u011fi imkanlar\u0131n\u0131 de\u011ferlendirildi\u011fini aktard\u0131.<\/p>\n<p>\u201cD\u00fcnya Meteoroloji Kongresine ilk defa kat\u0131l\u0131yorum\u201d<\/p>\n<p>Y\u00fcr\u00fctme Konseyi se\u00e7imlerine y\u00f6nelik destek talebinde de bulunan Genel M\u00fcd\u00fcr Co\u015fkun, kendilerine  g\u00f6sterilen ilgiden hayli memnun oldu\u011funu aktararak \u015funlar\u0131 s\u00f6yledi:<\/p>\n<p>\u201c4 y\u0131lda bir d\u00fczenlenen D\u00fcnya Meteoroloji Kongresine ilk defa kat\u0131l\u0131yorum. D\u00fcnyan\u0131n en c\u00f6mert \u00fclkelerinden birinin temsilcisi olarak ana oturumda da ilk defa s\u00f6z ald\u0131\u011f\u0131mda \u00dclkemizin geli\u015fmekte olan \u00fclkeleri desteklemeye devam edece\u011fini vurgulad\u0131m. Resepsiyon s\u00fcresince g\u00f6r\u00fc\u015ft\u00fc\u011f\u00fcm mevkida\u015flar\u0131ma da meteoroloji alan\u0131nda elde etti\u011fimiz tecr\u00fcbe ve bilgi birikimini ihtiya\u00e7 duyan \u00fclkelerle payla\u015fma konusundaki kararl\u0131l\u0131\u011f\u0131m\u0131z\u0131 ilettim. Cumhurba\u015fkanl\u0131\u011f\u0131 H\u00fck\u00fcmet sisteminde Tar\u0131m ve Orman Bakan\u0131m\u0131z Dr. Bekir Pakdemirli\u2019nin destekleri ile uluslararas\u0131 camiadaki etkinli\u011fimizi ve g\u00f6r\u00fcn\u00fcrl\u00fc\u011f\u00fcm\u00fcz\u00fc daha da art\u0131raca\u011f\u0131m\u0131za inan\u0131yorum.\u201d<\/p>\n<p>D\u00fcnya Meteoroloji \u00d6rg\u00fct\u00fcn\u00fcn en \u00fcst karar organ\u0131 olan D\u00fcnya Meteoroloji Kongresi, \u00fcye \u00fclke delegelerinin kat\u0131l\u0131m\u0131 ile 4 y\u0131lda 1 defa toplanarak genel, teknik, finansal ve personel y\u00f6netmeliklerinin tamam\u0131n\u0131 karara ba\u011flar. Uzun vadeli planlar ve 4 y\u0131ll\u0131k d\u00f6nemsel b\u00fct\u00e7e de yine kongre taraf\u0131ndan onaylan\u0131r.<\/p>\n<p>18. D\u00fcnya Meteoroloji \u00d6rg\u00fct\u00fc, 3-14 Haziran 2019 tarihleri aras\u0131nda Cenevre, \u0130svi\u00e7re\u2019de Cenevre Uluslararas\u0131 Kongre Merkezinde ger\u00e7ekle\u015ftirilecek.<\/p>\n","protected":false},"excerpt":{"rendered":"<p>METEOROLOJ\u0130 GENEL M\u00dcD\u00dcR\u00dc VOLKAN MUTLU CO\u015eKUN\u2019UN D\u00dcNYA METEOROLOJ\u0130 Y\u00dcR\u00dcTME KONSEY\u0130 ADAYLI\u011eI SEBEB\u0130 \u0130LE CENEVRE ULUSLARARASI KONGRE MERKEZ\u0130NDE B\u0130R RESEPS\u0130YON D\u00dcZENLEND\u0130.<\/p>\n","protected":false},"author":1,"featured_media":167973,"comment_status":"closed","ping_status":"open","sticky":false,"template":"","format":"standard","meta":{"jetpack_post_was_ever_published":false,"_jetpack_newsletter_access":"","_jetpack_dont_email_post_to_subs":false,"_jetpack_newsletter_tier_id":0,"_jetpack_memberships_contains_paywalled_content":false,"_jetpack_memberships_contains_paid_content":false,"footnotes":"","jetpack_publicize_message":"","jetpack_publicize_feature_enabled":true,"jetpack_social_post_already_shared":true,"jetpack_social_options":{"image_generator_settings":{"template":"highway","default_image_id":0,"font":"","enabled":false},"version":2}},"categories":[1],"tags":[349,541,2514,869,31123,24961,254,4828,77,2761,30506,24013],"class_list":["post-167972","post","type-post","status-publish","format-standard","has-post-thumbnail","hentry","category-genel","tag-dunya","tag-aday","tag-coskun","tag-genel","tag-konseyine","tag-meteoroloji","tag-muduru","tag-mutlu","tag-oldu","tag-teskilati","tag-volkan","tag-yurutme"],"jetpack_publicize_connections":[],"jetpack_featured_media_url":"https:\/\/i0.wp.com\/www.tvturk.com\/wp-content\/uploads\/2019\/06\/meteoroloji-genel-muduru-volkan-mutlu-coskun-dunya-meteoroloji-teskilati-yurutme-konseyine-aday-oldu_b13671a.jpg?fit=1000%2C750","jetpack_sharing_enabled":true,"jetpack_shortlink":"https:\/\/wp.me\/paKIfm-HHe","_links":{"self":[{"href":"http:\/\/www.tvturk.com\/index.php\/wp-json\/wp\/v2\/posts\/167972","targetHints":{"allow":["GET"]}}],"collection":[{"href":"http:\/\/www.tvturk.com\/index.php\/wp-json\/wp\/v2\/posts"}],"about":[{"href":"http:\/\/www.tvturk.com\/index.php\/wp-json\/wp\/v2\/types\/post"}],"author":[{"embeddable":true,"href":"http:\/\/www.tvturk.com\/index.php\/wp-json\/wp\/v2\/users\/1"}],"replies":[{"embeddable":true,"href":"http:\/\/www.tvturk.com\/index.php\/wp-json\/wp\/v2\/comments?post=167972"}],"version-history":[{"count":0,"href":"http:\/\/www.tvturk.com\/index.php\/wp-json\/wp\/v2\/posts\/167972\/revisions"}],"wp:featuredmedia":[{"embeddable":true,"href":"http:\/\/www.tvturk.com\/index.php\/wp-json\/wp\/v2\/media\/167973"}],"wp:attachment":[{"href":"http:\/\/www.tvturk.com\/index.php\/wp-json\/wp\/v2\/media?parent=167972"}],"wp:term":[{"taxonomy":"category","embeddable":true,"href":"http:\/\/www.tvturk.com\/index.php\/wp-json\/wp\/v2\/categories?post=167972"},{"taxonomy":"post_tag","embeddable":true,"href":"http:\/\/www.tvturk.com\/index.php\/wp-json\/wp\/v2\/tags?post=167972"}],"curies":[{"name":"wp","href":"https:\/\/api.w.org\/{rel}","templated":true}]}}