{"id":167993,"date":"2019-06-11T15:23:26","date_gmt":"2019-06-11T12:23:26","guid":{"rendered":"http:\/\/www.tvturk.com\/index.php\/baskan-bocekten-letonya-antalya-iliskilerine-tam-destek\/"},"modified":"2019-06-11T15:23:26","modified_gmt":"2019-06-11T12:23:26","slug":"baskan-bocekten-letonya-antalya-iliskilerine-tam-destek","status":"publish","type":"post","link":"http:\/\/www.tvturk.com\/index.php\/baskan-bocekten-letonya-antalya-iliskilerine-tam-destek\/","title":{"rendered":"Ba\u015fkan B\u00f6cek\u2019ten Letonya-Antalya ili\u015fkilerine tam destek"},"content":{"rendered":"<p>Letonya\u2019n\u0131n Ankara B\u00fcy\u00fckel\u00e7isi Peteris Elferts, Antalya B\u00fcy\u00fck\u015fehir Belediye Ba\u015fkan\u0131 Muhittin B\u00f6cek\u2019i makam\u0131nda ziyaret etti. Ba\u015fta turizm olmak \u00fczere iki \u00fclke aras\u0131ndaki ili\u015fkilerin g\u00fcndeme geldi\u011fi g\u00f6r\u00fc\u015fmede Ba\u015fkan B\u00f6cek, Antalya ile Letonya aras\u0131ndaki ili\u015fkileri geli\u015ftirmek ad\u0131na her t\u00fcrl\u00fc deste\u011fi vereceklerini belirtti. Ba\u015fkan B\u00f6cek\u2019e g\u00f6revinde ba\u015far\u0131lar dileyen B\u00fcy\u00fckel\u00e7i Elferts, Antalya ile Letonya aras\u0131ndaki ili\u015fkileri daha da geli\u015ftirme arzusunda olduklar\u0131n\u0131 kaydetti.<\/p>\n<p>Antalya B\u00fcy\u00fck\u015fehir Belediye Ba\u015fkan\u0131 Muhittin B\u00f6cek, Letonya\u2019n\u0131n Ankara B\u00fcy\u00fckel\u00e7isi Peteris Elferts\u2019i a\u011f\u0131rlad\u0131. Antalya B\u00fcy\u00fck\u015fehir Belediyesi Genel Sekreter Vekili Mustafa G\u00fcrb\u00fcz ve Letonya Antalya Fahri Konsolosu Asl\u0131 Ulukap\u0131\u2019n\u0131n da haz\u0131r bulundu\u011fu ziyarette Letonya Ankara B\u00fcy\u00fckel\u00e7isi Peteris Elferts, Ba\u015fkan B\u00f6cek\u2019e g\u00f6revinde ba\u015far\u0131lar diledi.<\/p>\n<p>ATSO i\u015f heyeti Letonya\u2019ya gidecek<\/p>\n<p>Ge\u00e7en Nisan\u2019da Antalya ve Kemer\u2019de ortakla\u015fa d\u00fczenlenen Letonya Folk Festivali\u2019ne 13 farkl\u0131 \u00fclkeden 200\u2019e yak\u0131n dans\u00e7\u0131n\u0131n konuk oldu\u011funa dikkat \u00e7eken B\u00fcy\u00fckel\u00e7i Elferts,<\/p>\n<p>\u201cK\u00fclt\u00fcrel anlamda geli\u015ftirdi\u011fimiz g\u00fczel ili\u015fkilerin yan\u0131 s\u0131ra ekonomik anlamda da iyi ili\u015fkiler kurmak istiyoruz. \u0130ki hafta i\u00e7erisinde fahri konsolosun \u00f6nc\u00fcl\u00fc\u011f\u00fcnde Antalya Ticaret Odas\u0131\u2019ndan i\u015f heyeti Letonya\u2019ya gelecek\u201d dedi.<\/p>\n<p>Her t\u00fcrl\u00fc deste\u011fe haz\u0131r\u0131z<\/p>\n<p>B\u00fcy\u00fckel\u00e7i Elferts\u2019i Antalya\u2019da g\u00f6rmekten ve a\u011f\u0131rlamaktan b\u00fcy\u00fck mutluluk duydu\u011funu ifade eden Ba\u015fkan B\u00f6cek Letonya ile Antalya aras\u0131nda ekonomik, ticari ve k\u00fclt\u00fcrel ili\u015fkilerin geli\u015ftirilmesine her t\u00fcrl\u00fc deste\u011fi vermeye haz\u0131r olduklar\u0131n\u0131n alt\u0131n\u0131 \u00e7izdi. Bakan B\u00f6cek, ge\u00e7en d\u00f6nem Antalya B\u00fcy\u00fck\u015fehir Belediye Meclis \u00fcyesi olan Letonya Antalya Fahri Konsolosu Asl\u0131 Ulukap\u0131\u2019ya Antalya ve Letonya ili\u015fkilerinin geli\u015fmesi ad\u0131na g\u00f6sterdi\u011fi \u00f6zverili \u00e7al\u0131\u015fmalardan dolay\u0131 te\u015fekk\u00fcr etti.<\/p>\n<p>Ziyaretin sonunda B\u00fcy\u00fckel\u00e7i Elferts Ba\u015fkan B\u00f6cek\u2019e T\u00fcrk ar\u015fivlerinden derlenen bilgilerle haz\u0131rlanan ve 1918-1940 y\u0131llar\u0131 aras\u0131ndaki Letonya-T\u00fcrkiye ili\u015fkilerini anlatan bir kitap hediye etti. Ba\u015fkan B\u00f6cek de B\u00fcy\u00fckel\u00e7i Elferts\u2019e Antalya\u2019ya \u00f6zg\u00fc re\u00e7ellerden takdim etti.<\/p>\n","protected":false},"excerpt":{"rendered":"<p>LETONYA\u2019NIN ANKARA B\u00dcY\u00dcKEL\u00c7\u0130S\u0130 PETER\u0130S ELFERTS, ANTALYA B\u00dcY\u00dcK\u015eEH\u0130R BELED\u0130YE BA\u015eKANI MUH\u0130TT\u0130N B\u00d6CEK\u2019\u0130 MAKAMINDA Z\u0130YARET ETT\u0130.<\/p>\n","protected":false},"author":1,"featured_media":167994,"comment_status":"closed","ping_status":"open","sticky":false,"template":"","format":"standard","meta":{"jetpack_post_was_ever_published":false,"_jetpack_newsletter_access":"","_jetpack_dont_email_post_to_subs":false,"_jetpack_newsletter_tier_id":0,"_jetpack_memberships_contains_paywalled_content":false,"_jetpack_memberships_contains_paid_content":false,"footnotes":"","jetpack_publicize_message":"","jetpack_publicize_feature_enabled":true,"jetpack_social_post_already_shared":true,"jetpack_social_options":{"image_generator_settings":{"template":"highway","default_image_id":0,"font":"","enabled":false},"version":2}},"categories":[1],"tags":[100,40239,61,40241,40240,629],"class_list":["post-167993","post","type-post","status-publish","format-standard","has-post-thumbnail","hentry","category-genel","tag-baskan","tag-bocekten","tag-destek","tag-iliskilerine","tag-letonya-antalya","tag-tam"],"jetpack_publicize_connections":[],"jetpack_featured_media_url":"https:\/\/i0.wp.com\/www.tvturk.com\/wp-content\/uploads\/2019\/06\/baskan-bocekten-letonya-antalya-iliskilerine-tam-destek_fb873ea.jpg?fit=1000%2C666","jetpack_sharing_enabled":true,"jetpack_shortlink":"https:\/\/wp.me\/paKIfm-HHz","_links":{"self":[{"href":"http:\/\/www.tvturk.com\/index.php\/wp-json\/wp\/v2\/posts\/167993","targetHints":{"allow":["GET"]}}],"collection":[{"href":"http:\/\/www.tvturk.com\/index.php\/wp-json\/wp\/v2\/posts"}],"about":[{"href":"http:\/\/www.tvturk.com\/index.php\/wp-json\/wp\/v2\/types\/post"}],"author":[{"embeddable":true,"href":"http:\/\/www.tvturk.com\/index.php\/wp-json\/wp\/v2\/users\/1"}],"replies":[{"embeddable":true,"href":"http:\/\/www.tvturk.com\/index.php\/wp-json\/wp\/v2\/comments?post=167993"}],"version-history":[{"count":0,"href":"http:\/\/www.tvturk.com\/index.php\/wp-json\/wp\/v2\/posts\/167993\/revisions"}],"wp:featuredmedia":[{"embeddable":true,"href":"http:\/\/www.tvturk.com\/index.php\/wp-json\/wp\/v2\/media\/167994"}],"wp:attachment":[{"href":"http:\/\/www.tvturk.com\/index.php\/wp-json\/wp\/v2\/media?parent=167993"}],"wp:term":[{"taxonomy":"category","embeddable":true,"href":"http:\/\/www.tvturk.com\/index.php\/wp-json\/wp\/v2\/categories?post=167993"},{"taxonomy":"post_tag","embeddable":true,"href":"http:\/\/www.tvturk.com\/index.php\/wp-json\/wp\/v2\/tags?post=167993"}],"curies":[{"name":"wp","href":"https:\/\/api.w.org\/{rel}","templated":true}]}}