{"id":168034,"date":"2019-06-11T16:23:28","date_gmt":"2019-06-11T13:23:28","guid":{"rendered":"http:\/\/www.tvturk.com\/index.php\/fatihli-kadinlarin-sergisi-goz-doldurdu\/"},"modified":"2019-06-11T16:23:28","modified_gmt":"2019-06-11T13:23:28","slug":"fatihli-kadinlarin-sergisi-goz-doldurdu","status":"publish","type":"post","link":"http:\/\/www.tvturk.com\/index.php\/fatihli-kadinlarin-sergisi-goz-doldurdu\/","title":{"rendered":"Fatihli kad\u0131nlar\u0131n sergisi g\u00f6z doldurdu"},"content":{"rendered":"<p>Fatih Belediyesi ve Fatih Halk E\u011fitim Merkezi i\u015fbirli\u011fi ile ger\u00e7ekle\u015ftirilen y\u0131l sonu sergisi g\u00f6z doldurdu. Sergiye kat\u0131lan Fatih Belediye Ba\u015fkan\u0131 M. Erg\u00fcn Turan, \u201c\u00d6zellikle Fatih\u2019teki merkezlerde \u00fcretilen sertifikaland\u0131r\u0131lm\u0131\u015f eserlerin sat\u0131\u015f\u0131na y\u00f6nelik de bir iki noktada yer \u00e7al\u0131\u015fmas\u0131 yap\u0131yoruz. Bunlar\u0131 in\u015fallah yeni e\u011fitim y\u0131l\u0131 ba\u015flamadan bitirmi\u015f olaca\u011f\u0131z\u201d dedi.<\/p>\n<p>Fatih Belediyesi Kad\u0131n Aile E\u011fitim ve Engelliler Birimi ile Fatih Halk E\u011fitim Merkezi i\u015fbirli\u011fi ile ger\u00e7ekle\u015ftirilen y\u0131l sonu sergisinde el i\u015fi \u00fcr\u00fcnlerden tablolara kadar bir\u00e7ok eser yer ald\u0131. Sergide, 2018-2019 e\u011fitim \u00f6\u011fretim d\u00f6neminde; kad\u0131n giysileri dikimi, i\u011fne oyas\u0131, el nak\u0131\u015flar\u0131, mefru\u015fat, porselen boyama, pastac\u0131l\u0131k, tak\u0131 tasar\u0131m\u0131, ya\u011fl\u0131 boya resim, ebru, hat ve tezhip alanlar\u0131nda e\u011fitim g\u00f6ren kad\u0131nlar\u0131n ortaya koydu\u011fu eserler yer ald\u0131. Fatih Belediye Binas\u0131 fuaye alan\u0131nda kursiyerlerin sene boyunca haz\u0131rlad\u0131klar\u0131 eserlerin karma sergisinde sergilenen eserlere ilgi yo\u011fun oldu. Porselen boyama, tel k\u0131rma tasar\u0131mlar, tak\u0131 tasar\u0131m, el nak\u0131\u015f\u0131, ya\u011fl\u0131 boya gibi bir\u00e7ok alanda eserler dikkat \u00e7ekti. Fatih\u2019te 6 e\u011fitim merkezinde 27 e\u011fitmen, 22 bran\u015f ve bin 250 kursiyerin haz\u0131rlad\u0131\u011f\u0131 eserlerden en be\u011fenilenleri sergilendi. Sergi a\u00e7\u0131l\u0131\u015f\u0131na Fatih Belediye Ba\u015fkan\u0131 M. Erg\u00fcn Turan da kat\u0131ld\u0131. Kesilen kurdelenin ard\u0131ndan Ba\u015fkan Turan sergi alan\u0131n\u0131 gezdi.<\/p>\n<p>\u201cEserlerin sat\u0131\u015f\u0131na y\u00f6nelik yer \u00e7al\u0131\u015fmas\u0131 yap\u0131yoruz\u201d<\/p>\n<p>\u00d6n\u00fcm\u00fczdeki s\u00fcre\u00e7te ortaya konulan eserlerin sat\u0131\u015f\u0131n\u0131n da yap\u0131laca\u011f\u0131n\u0131 s\u00f6yleyen Fatih Belediye Ba\u015fkan\u0131 M. Erg\u00fcn Turan, \u201c \u015eu anda 6 ayr\u0131 birimde bu faaliyet devam ediyor. Bu say\u0131y\u0131 artt\u0131raca\u011f\u0131z, bu faaliyetler 6\u2019dan daha fazla binada olacak. Hem de bu faaliyetlere kat\u0131lan han\u0131mefendilerin say\u0131s\u0131n\u0131 artt\u0131rm\u0131\u015f olaca\u011f\u0131z. Bu 2019-2020 sezonuna, \u015fimdi bununla alakal\u0131 arkada\u015flar\u0131m\u0131z hem bina planlamas\u0131n\u0131 hem de organizasyon planlamas\u0131n\u0131 yap\u0131yorlar. \u0130kinci olarak burada \u00fcretilen eserlerin sat\u0131\u015f\u0131yla alakal\u0131 da Fatih\u2019te bir ya da iki ayr\u0131 b\u00f6lgede; onun da ufak bir y\u00f6netmeli\u011fi haz\u0131rlanacak. Sat\u0131\u015flar\u0131n nas\u0131l yap\u0131laca\u011f\u0131, nas\u0131l sertifikaland\u0131r\u0131laca\u011f\u0131 ile ilgili olacak. \u00d6zellikle Fatih\u2019teki merkezlerde \u00fcretilen sertifikaland\u0131r\u0131lm\u0131\u015f eserlerin sat\u0131\u015f\u0131na y\u00f6nelik de bir iki noktada yer \u00e7al\u0131\u015fmas\u0131 yap\u0131yoruz. Bunlar\u0131 in\u015fallah yeni e\u011fitim y\u0131l\u0131 ba\u015flamadan bitirmi\u015f olaca\u011f\u0131z\u201d dedi.<\/p>\n<p>Resim kursuna kat\u0131larak yeteneklerini ortaya koyan \u015e\u00fckriye G\u00fcnday, \u201cEmeklilikte yap\u0131lacak en g\u00fczel i\u015f bence kendimizi dinlendirmek. O y\u00fczden ben de 10 senedir resim yap\u0131yorum ve \u00e7ok mutluyum. \u0130SMEK\u2019lerde ve halk e\u011fitimlerde ba\u015flad\u0131m. Tabi ki bu imkanlardan faydaland\u0131\u011f\u0131m\u0131z \u00e7ok mutluyuz\u201d diye konu\u015ftu.<\/p>\n<p>Engelli kursiyerlerle ilgili konu\u015fan Nezahat Kalayc\u0131 ise \u201cBurada en \u00e7ok engelli ki\u015fiyi topluma kazand\u0131rmak, gerek mesleki a\u00e7\u0131dan haz\u0131rlamak gerekse ailelerinin, \u00f6zellikle annelerinin, onlara bakan ki\u015filerin bir g\u00fcn\u00fcn\u00fc kendilerine ay\u0131rmalar\u0131n\u0131 ama\u00e7l\u0131yoruz biz. \u0130stihdam konusunda da mesleki olarak haz\u0131rlanm\u0131\u015f oluyorlar\u201d \u015feklinde konu\u015ftu.<\/p>\n","protected":false},"excerpt":{"rendered":"<p>FAT\u0130H BELED\u0130YES\u0130 VE FAT\u0130H HALK E\u011e\u0130T\u0130M MERKEZ\u0130 \u0130\u015eB\u0130RL\u0130\u011e\u0130 \u0130LE GER\u00c7EKLE\u015eT\u0130R\u0130LEN YIL SONU SERG\u0130S\u0130 G\u00d6Z DOLDURDU.<\/p>\n","protected":false},"author":1,"featured_media":168035,"comment_status":"closed","ping_status":"open","sticky":false,"template":"","format":"standard","meta":{"jetpack_post_was_ever_published":false,"_jetpack_newsletter_access":"","_jetpack_dont_email_post_to_subs":false,"_jetpack_newsletter_tier_id":0,"_jetpack_memberships_contains_paywalled_content":false,"_jetpack_memberships_contains_paid_content":false,"footnotes":"","jetpack_publicize_message":"","jetpack_publicize_feature_enabled":true,"jetpack_social_post_already_shared":true,"jetpack_social_options":{"image_generator_settings":{"template":"highway","default_image_id":0,"font":"","enabled":false},"version":2}},"categories":[1],"tags":[2602,40258,1126,2098,1335],"class_list":["post-168034","post","type-post","status-publish","format-standard","has-post-thumbnail","hentry","category-genel","tag-doldurdu","tag-fatihli","tag-goz","tag-kadinlarin","tag-sergisi"],"jetpack_publicize_connections":[],"jetpack_featured_media_url":"https:\/\/i0.wp.com\/www.tvturk.com\/wp-content\/uploads\/2019\/06\/fatihli-kadinlarin-sergisi-goz-doldurdu_ecca5ed.jpg?fit=1000%2C666","jetpack_sharing_enabled":true,"jetpack_shortlink":"https:\/\/wp.me\/paKIfm-HIe","_links":{"self":[{"href":"http:\/\/www.tvturk.com\/index.php\/wp-json\/wp\/v2\/posts\/168034","targetHints":{"allow":["GET"]}}],"collection":[{"href":"http:\/\/www.tvturk.com\/index.php\/wp-json\/wp\/v2\/posts"}],"about":[{"href":"http:\/\/www.tvturk.com\/index.php\/wp-json\/wp\/v2\/types\/post"}],"author":[{"embeddable":true,"href":"http:\/\/www.tvturk.com\/index.php\/wp-json\/wp\/v2\/users\/1"}],"replies":[{"embeddable":true,"href":"http:\/\/www.tvturk.com\/index.php\/wp-json\/wp\/v2\/comments?post=168034"}],"version-history":[{"count":0,"href":"http:\/\/www.tvturk.com\/index.php\/wp-json\/wp\/v2\/posts\/168034\/revisions"}],"wp:featuredmedia":[{"embeddable":true,"href":"http:\/\/www.tvturk.com\/index.php\/wp-json\/wp\/v2\/media\/168035"}],"wp:attachment":[{"href":"http:\/\/www.tvturk.com\/index.php\/wp-json\/wp\/v2\/media?parent=168034"}],"wp:term":[{"taxonomy":"category","embeddable":true,"href":"http:\/\/www.tvturk.com\/index.php\/wp-json\/wp\/v2\/categories?post=168034"},{"taxonomy":"post_tag","embeddable":true,"href":"http:\/\/www.tvturk.com\/index.php\/wp-json\/wp\/v2\/tags?post=168034"}],"curies":[{"name":"wp","href":"https:\/\/api.w.org\/{rel}","templated":true}]}}