{"id":168042,"date":"2019-06-11T16:42:18","date_gmt":"2019-06-11T13:42:18","guid":{"rendered":"http:\/\/www.tvturk.com\/index.php\/cocuk-isciliginin-onlenmesi-icin-mesaj-verdiler\/"},"modified":"2019-06-11T16:42:18","modified_gmt":"2019-06-11T13:42:18","slug":"cocuk-isciliginin-onlenmesi-icin-mesaj-verdiler","status":"publish","type":"post","link":"http:\/\/www.tvturk.com\/index.php\/cocuk-isciliginin-onlenmesi-icin-mesaj-verdiler\/","title":{"rendered":"\u00c7ocuk i\u015f\u00e7ili\u011finin \u00f6nlenmesi i\u00e7in mesaj verdiler"},"content":{"rendered":"<p>\u015eanl\u0131urfa\u2019da 12 Haziran \u00c7ocuk \u0130\u015f\u00e7ili\u011fi ile M\u00fccadele G\u00fcn\u00fc dolays\u0131yla d\u00fczenlenen etkinlikte, \u00e7ocuklar\u0131n \u00e7al\u0131\u015ft\u0131r\u0131lmamas\u0131 i\u00e7in mesajlar verildi.<\/p>\n<p>\u015eanl\u0131urfa Valili\u011fi A\u00e7\u0131k Kap\u0131 Birimi ile Aile, \u00c7al\u0131\u015fma ve Sosyal Hizmetler \u0130l M\u00fcd\u00fcrl\u00fc\u011f\u00fc organizasyonuyla \u00e7ocuklara y\u00f6nelik d\u00fczenlenen etkinlik \u015eanl\u0131urfa Arkeoloji M\u00fczesi \u00f6n\u00fcnde ger\u00e7ekle\u015ftirildi.<\/p>\n<p>Etkinlikte konu\u015fma yapan Aile, \u00c7al\u0131\u015fma ve Sosyal Hizmetler \u0130l M\u00fcd\u00fcr\u00fc Hasan Bilici, \u201cUluslararas\u0131 \u00e7al\u0131\u015fma \u00f6rg\u00fct\u00fc \u0130RO 2002 y\u0131l\u0131nda d\u00fcnyada \u00e7al\u0131\u015fan milyonlarca \u00e7ocu\u011fun bulundu\u011fu olumsuz duruma ve ya\u015fad\u0131klar\u0131 a\u011f\u0131r ko\u015fullara dikkat \u00e7ekmek i\u00e7in \u201c12 Haziran \u00c7ocuk i\u015f\u00e7ileriyle M\u00fccadele G\u00fcn\u00fc\u201d olarak belirlenmi\u015ftir. 2002\u2019den bu yana her y\u0131l i\u00e7in bir tema belirlenerek, bu \u00e7er\u00e7evede \u00e7ocuk i\u015f\u00e7ili\u011finin \u00f6nlenmesi konusunda toplumsal bilincin artt\u0131r\u0131lmas\u0131na y\u00f6nelik \u00e7e\u015fitli etkinlikler yap\u0131lmaktad\u0131r. Yoksulluk, e\u011fitime ula\u015famama, g\u00f6\u00e7ler, geleneksel bak\u0131\u015f a\u00e7\u0131s\u0131 ve ailenin ruhu ucuz i\u015f g\u00fcc\u00fcne olan talep yasal d\u00fczenlemelerin ya\u015fama ge\u00e7irilmesindeki yetersizlik t\u00fcm d\u00fcnyada oldu\u011fu gibi \u00fclkemizde de \u00e7ocuklar\u0131n \u00e7al\u0131\u015fma ve \u00e7al\u0131\u015ft\u0131rma nedenleri olarak kar\u015f\u0131m\u0131za \u00e7\u0131kmaktad\u0131r. \u00c7ocuk i\u015f\u00e7ili\u011fi terimi 12 ya\u015f\u0131n alt\u0131nda olup her han gibi bir sekt\u00f6rde \u00e7al\u0131\u015fanlar 12- 14 ya\u015f aral\u0131\u011f\u0131nda olup fiziki olarak yapamayaca\u011f\u0131 i\u015flerde \u00e7al\u0131\u015ft\u0131r\u0131lanlar veya hangi ya\u015fta olursa olsun sa\u011fl\u0131k a\u00e7\u0131s\u0131ndan zararl\u0131 i\u015flerde istihdam edilen ve zorla \u00e7al\u0131\u015ft\u0131r\u0131lan, \u00e7al\u0131\u015ft\u0131r\u0131lmak zorunda b\u0131rak\u0131lan \u00e7ocuklar\u0131 kapsamaktad\u0131r. T\u00fcrkiye Cumhuriyeti 50\u2019nci maddesi, kimse ya\u015f\u0131na, cinsiyetine uymayan i\u015flerde \u00e7al\u0131\u015ft\u0131r\u0131lamaz. K\u00fc\u00e7\u00fckler ve kad\u0131nlar olarak bedeni ve ruhi yetersizli\u011fi olanlar \u00e7al\u0131\u015fma \u015fartlar\u0131 bak\u0131m\u0131ndan \u00f6zel olarak korunurlar. \u015eanl\u0131urfa Aile \u00c7al\u0131\u015fma Sosyal Hizmetler M\u00fcd\u00fcrl\u00fc\u011f\u00fc olarak \u00e7ocuk i\u015f\u00e7ili\u011finin azalt\u0131lmas\u0131 ve nihai olarak ortadan kald\u0131r\u0131lmas\u0131 konusunda toplumsal fark\u0131ndal\u0131k olu\u015fturmak amac\u0131yla \u00e7al\u0131\u015fmalar\u0131m\u0131z\u0131 aral\u0131ks\u0131z olarak s\u00fcrd\u00fcrmekteyiz. Bu ama\u00e7 do\u011frultusunda il m\u00fcd\u00fcrl\u00fc\u011f\u00fc olarak 2019 y\u0131l\u0131 itibariyle 5 bin 709 \u00e7ocu\u011fumuzu ailesi yan\u0131nda desteklemekteyiz. Ayr\u0131ca il m\u00fcd\u00fcrl\u00fc\u011f\u00fcm\u00fcze ba\u011fl\u0131 11 il\u00e7emizde hizmet veren sosyal hizmetler arac\u0131l\u0131\u011f\u0131yla \u00e7ocuk i\u015f\u00e7ili\u011fiyle m\u00fccadele kapsam\u0131nda uzman personellerimizle olu\u015fan mobil ekipler olu\u015fturulmu\u015ftur. Bu mobil ekipler sokak sokak dola\u015farak \u00e7al\u0131\u015ft\u0131r\u0131lan ve dilendirilen \u00e7ocuklar hakk\u0131nda gerekli sosyal incelemeler ve de\u011ferlendirilmeler yapmaktad\u0131r. Bu \u00e7ocuklar\u0131n ailelerine ve il\u00e7ede risk alt\u0131nda bulunan di\u011fer \u00e7ocuklar\u0131n ailelerine de \u00e7ocuk i\u015f\u00e7ili\u011fi ve m\u00fccadele konusunda fark\u0131ndal\u0131k yapmak ve bilin\u00e7lendirmek amac\u0131yla belli periyotlar ve seminerler d\u00fczenlenmekte, e\u011fitimler verilmektedir\u201d dedi.<\/p>\n<p>\u00c7ocuklara y\u00f6nelik sirk, panay\u0131r, at\u00f6lye \u00e7al\u0131\u015fmalar\u0131 ve benzer etkinliklerin icra edildi\u011fi programa, \u015eanl\u0131urfa Vali Yard\u0131mc\u0131s\u0131 Bahad\u0131r G\u00fcne\u015f, Aile, \u00c7al\u0131\u015fma ve Sosyal Hizmetler \u0130l M\u00fcd\u00fcr\u00fc Hasan Bilici ile \u00e7ocuklar kat\u0131ld\u0131.<\/p>\n","protected":false},"excerpt":{"rendered":"<p>\u015eANLIURFA\u2019DA 12 HAZ\u0130RAN \u00c7OCUK \u0130\u015e\u00c7\u0130L\u0130\u011e\u0130 \u0130LE M\u00dcCADELE G\u00dcN\u00dc DOLAYSIYLA D\u00dcZENLENEN ETK\u0130NL\u0130KTE, \u00c7OCUKLARIN \u00c7ALI\u015eTIRILMAMASI \u0130\u00c7\u0130N MESAJLAR VER\u0130LD\u0130.<\/p>\n","protected":false},"author":1,"featured_media":168043,"comment_status":"closed","ping_status":"open","sticky":false,"template":"","format":"standard","meta":{"jetpack_post_was_ever_published":false,"_jetpack_newsletter_access":"","_jetpack_dont_email_post_to_subs":false,"_jetpack_newsletter_tier_id":0,"_jetpack_memberships_contains_paywalled_content":false,"_jetpack_memberships_contains_paid_content":false,"footnotes":"","jetpack_publicize_message":"","jetpack_publicize_feature_enabled":true,"jetpack_social_post_already_shared":true,"jetpack_social_options":{"image_generator_settings":{"template":"highway","default_image_id":0,"font":"","enabled":false},"version":2}},"categories":[1],"tags":[1008,44,40265,11744,40266,8634],"class_list":["post-168042","post","type-post","status-publish","format-standard","has-post-thumbnail","hentry","category-genel","tag-cocuk","tag-icin","tag-isciliginin","tag-mesaj","tag-onlenmesi","tag-verdiler"],"jetpack_publicize_connections":[],"jetpack_featured_media_url":"https:\/\/i0.wp.com\/www.tvturk.com\/wp-content\/uploads\/2019\/06\/cocuk-isciliginin-onlenmesi-icin-mesaj-verdiler_7dd3139.jpg?fit=1000%2C666","jetpack_sharing_enabled":true,"jetpack_shortlink":"https:\/\/wp.me\/paKIfm-HIm","_links":{"self":[{"href":"http:\/\/www.tvturk.com\/index.php\/wp-json\/wp\/v2\/posts\/168042","targetHints":{"allow":["GET"]}}],"collection":[{"href":"http:\/\/www.tvturk.com\/index.php\/wp-json\/wp\/v2\/posts"}],"about":[{"href":"http:\/\/www.tvturk.com\/index.php\/wp-json\/wp\/v2\/types\/post"}],"author":[{"embeddable":true,"href":"http:\/\/www.tvturk.com\/index.php\/wp-json\/wp\/v2\/users\/1"}],"replies":[{"embeddable":true,"href":"http:\/\/www.tvturk.com\/index.php\/wp-json\/wp\/v2\/comments?post=168042"}],"version-history":[{"count":0,"href":"http:\/\/www.tvturk.com\/index.php\/wp-json\/wp\/v2\/posts\/168042\/revisions"}],"wp:featuredmedia":[{"embeddable":true,"href":"http:\/\/www.tvturk.com\/index.php\/wp-json\/wp\/v2\/media\/168043"}],"wp:attachment":[{"href":"http:\/\/www.tvturk.com\/index.php\/wp-json\/wp\/v2\/media?parent=168042"}],"wp:term":[{"taxonomy":"category","embeddable":true,"href":"http:\/\/www.tvturk.com\/index.php\/wp-json\/wp\/v2\/categories?post=168042"},{"taxonomy":"post_tag","embeddable":true,"href":"http:\/\/www.tvturk.com\/index.php\/wp-json\/wp\/v2\/tags?post=168042"}],"curies":[{"name":"wp","href":"https:\/\/api.w.org\/{rel}","templated":true}]}}