{"id":168058,"date":"2019-06-11T17:04:18","date_gmt":"2019-06-11T14:04:18","guid":{"rendered":"http:\/\/www.tvturk.com\/index.php\/karacabeye-bayram-tatilinde-ziyaretci-akini\/"},"modified":"2019-06-11T17:04:18","modified_gmt":"2019-06-11T14:04:18","slug":"karacabeye-bayram-tatilinde-ziyaretci-akini","status":"publish","type":"post","link":"http:\/\/www.tvturk.com\/index.php\/karacabeye-bayram-tatilinde-ziyaretci-akini\/","title":{"rendered":"Karacabey\u2019e bayram tatilinde ziyaret\u00e7i ak\u0131n\u0131"},"content":{"rendered":"<p>Karacabey Belediye Ba\u015fkan\u0131 Ali \u00d6zkan, il\u00e7eye 9 g\u00fcnl\u00fck bayram tatilinde 100 binden fazla ziyaret\u00e7inin geldi\u011fini a\u00e7\u0131klad\u0131.<\/p>\n<p>9 g\u00fcnl\u00fck bayram tatilinde vatanda\u015flar\u0131n refah ve huzuru i\u00e7in hummal\u0131 bir mesai harcayan Karacabey Belediyesi ekipleri, bayram tatili boyunca il\u00e7e genelinde 646 ton evsel at\u0131k toplayarak,bu at\u0131klar\u0131 Bursa Hamitler Mahallesi\u2019ndeki kat\u0131 at\u0131k depolama merkezine ula\u015ft\u0131rd\u0131.<\/p>\n<p>Belediye Ba\u015fkan\u0131 Ali \u00d6zkan, Karacabey\u2019in 9 g\u00fcnl\u00fck bayram tatilinde tatilcilerin g\u00f6zdesi haline geldi\u011fini belirterek, il\u00e7eye 100 binden fazla ziyaret\u00e7inin geldi\u011fini a\u00e7\u0131klad\u0131. Ali \u00d6zkan, yo\u011fun ge\u00e7en tatili mesaisi sonras\u0131 yapt\u0131\u011f\u0131 a\u00e7\u0131klamada, \u201cBelediyemizde \u00f6zellikle Temizlik \u0130\u015fleri, Zab\u0131ta M\u00fcd\u00fcrl\u00fc\u011f\u00fc ve Fen \u0130\u015fleri personelimiz, fazla mesai ile vatanda\u015flar\u0131m\u0131z\u0131n ve tatil i\u00e7in b\u00f6lgemizi tercih edenlerin olumsuzluklarla kar\u015f\u0131la\u015fmamas\u0131 i\u00e7in b\u00fcy\u00fck \u00e7aba harcad\u0131. Bu sayede herhangi bir aksama olmaks\u0131z\u0131n, 9 g\u00fcn boyunca il\u00e7emizden 646 ton kat\u0131 at\u0131\u011f\u0131n 13 \u00e7\u00f6p kamyonu, 2 trakt\u00f6r ve 3 s\u00fcp\u00fcrge arac\u0131 ile topland\u0131\u011f\u0131 belirlendi. 65 ki\u015fi, bayram tatili boyunca d\u00f6n\u00fc\u015f\u00fcml\u00fc olarak yapt\u0131klar\u0131 mesai ile vatanda\u015flar\u0131m\u0131z\u0131n \u00e7evre temizli\u011finden olumsuz etkilenmemeleri i\u00e7in \u00e7aba harcad\u0131. Bunun yan\u0131nda, Zab\u0131ta M\u00fcd\u00fcrl\u00fc\u011f\u00fc ekiplerimiz park, bah\u00e7e, mesire alanlar\u0131n\u0131n yan\u0131 s\u0131ra cadde ve sokaklardaki kontrollerini de s\u0131kla\u015ft\u0131rarak, vatanda\u015flar\u0131m\u0131z\u0131n sa\u011fl\u0131\u011f\u0131n\u0131n ve \u015fehir i\u015fleyi\u015finin sekteye u\u011framamas\u0131 i\u00e7in \u00e7aba harcad\u0131\u201d dedi.<\/p>\n<p>Ba\u015fkan Ali \u00d6zkan, tatil s\u00fcresince \u00f6zellikle Uluabat G\u00f6l\u00fc, Eskikaraa\u011fa\u00e7 Leylek K\u00f6y\u00fc, Iss\u0131zhan ve Karacabey Haras\u0131\u2019n\u0131n yan\u0131 s\u0131ra, \u015fehir merkezindeki Atat\u00fcrk K\u00fclt\u00fcr Park\u0131, Yenik\u00f6y, Malkara ve Kur\u015funlu tatil beldeleri ile Longoz Orman\u0131 ve sahil b\u00f6lgesindeki piknik alanlar\u0131nda ya\u015fanan yo\u011funlu\u011fun da had safhaya ula\u015ft\u0131\u011f\u0131n\u0131 belirtti.<\/p>\n","protected":false},"excerpt":{"rendered":"<p>KARACABEY BELED\u0130YE BA\u015eKANI AL\u0130 \u00d6ZKAN, \u0130L\u00c7EYE 9 G\u00dcNL\u00dcK BAYRAM TAT\u0130L\u0130NDE 100 B\u0130NDEN FAZLA Z\u0130YARET\u00c7\u0130N\u0130N GELD\u0130\u011e\u0130N\u0130 A\u00c7IKLADI.<\/p>\n","protected":false},"author":1,"featured_media":168059,"comment_status":"closed","ping_status":"open","sticky":false,"template":"","format":"standard","meta":{"jetpack_post_was_ever_published":false,"_jetpack_newsletter_access":"","_jetpack_dont_email_post_to_subs":false,"_jetpack_newsletter_tier_id":0,"_jetpack_memberships_contains_paywalled_content":false,"_jetpack_memberships_contains_paid_content":false,"footnotes":"","jetpack_publicize_message":"","jetpack_publicize_feature_enabled":true,"jetpack_social_post_already_shared":true,"jetpack_social_options":{"image_generator_settings":{"template":"highway","default_image_id":0,"font":"","enabled":false},"version":2}},"categories":[1],"tags":[8365,23995,11586,4755,6267],"class_list":["post-168058","post","type-post","status-publish","format-standard","has-post-thumbnail","hentry","category-genel","tag-akini","tag-bayram","tag-karacabeye","tag-tatilinde","tag-ziyaretci"],"jetpack_publicize_connections":[],"jetpack_featured_media_url":"https:\/\/i0.wp.com\/www.tvturk.com\/wp-content\/uploads\/2019\/06\/karacabeye-bayram-tatilinde-ziyaretci-akini_1aaa0b6.jpg?fit=1000%2C667","jetpack_sharing_enabled":true,"jetpack_shortlink":"https:\/\/wp.me\/paKIfm-HIC","_links":{"self":[{"href":"http:\/\/www.tvturk.com\/index.php\/wp-json\/wp\/v2\/posts\/168058","targetHints":{"allow":["GET"]}}],"collection":[{"href":"http:\/\/www.tvturk.com\/index.php\/wp-json\/wp\/v2\/posts"}],"about":[{"href":"http:\/\/www.tvturk.com\/index.php\/wp-json\/wp\/v2\/types\/post"}],"author":[{"embeddable":true,"href":"http:\/\/www.tvturk.com\/index.php\/wp-json\/wp\/v2\/users\/1"}],"replies":[{"embeddable":true,"href":"http:\/\/www.tvturk.com\/index.php\/wp-json\/wp\/v2\/comments?post=168058"}],"version-history":[{"count":0,"href":"http:\/\/www.tvturk.com\/index.php\/wp-json\/wp\/v2\/posts\/168058\/revisions"}],"wp:featuredmedia":[{"embeddable":true,"href":"http:\/\/www.tvturk.com\/index.php\/wp-json\/wp\/v2\/media\/168059"}],"wp:attachment":[{"href":"http:\/\/www.tvturk.com\/index.php\/wp-json\/wp\/v2\/media?parent=168058"}],"wp:term":[{"taxonomy":"category","embeddable":true,"href":"http:\/\/www.tvturk.com\/index.php\/wp-json\/wp\/v2\/categories?post=168058"},{"taxonomy":"post_tag","embeddable":true,"href":"http:\/\/www.tvturk.com\/index.php\/wp-json\/wp\/v2\/tags?post=168058"}],"curies":[{"name":"wp","href":"https:\/\/api.w.org\/{rel}","templated":true}]}}