{"id":168072,"date":"2019-06-11T18:14:19","date_gmt":"2019-06-11T15:14:19","guid":{"rendered":"http:\/\/www.tvturk.com\/index.php\/ispartada-dolu-zarari-pazar-tezgah-fiyatina-cok-yansimaz-aciklamasi\/"},"modified":"2019-06-11T18:14:19","modified_gmt":"2019-06-11T15:14:19","slug":"ispartada-dolu-zarari-pazar-tezgah-fiyatina-cok-yansimaz-aciklamasi","status":"publish","type":"post","link":"http:\/\/www.tvturk.com\/index.php\/ispartada-dolu-zarari-pazar-tezgah-fiyatina-cok-yansimaz-aciklamasi\/","title":{"rendered":"Isparta\u2019da \u201cDolu zarar\u0131, pazar tezgah fiyat\u0131na \u00e7ok yans\u0131maz\u201d a\u00e7\u0131klamas\u0131"},"content":{"rendered":"<p>Isparta\u2019da d\u00fcn etkili olan ve b\u00fcy\u00fckl\u00fckleri baz\u0131 b\u00f6lgelerde f\u0131nd\u0131k b\u00fcy\u00fckl\u00fc\u011f\u00fcnden ceviz b\u00fcy\u00fckl\u00fc\u011f\u00fcne kadar ula\u015fan dolu ya\u011f\u0131\u015f\u0131 sonras\u0131nda meydana gelen zarar\u0131n pazar tezgah\u0131na \u00e7ok fazla yans\u0131mayaca\u011f\u0131n\u0131 belirten Ziraat Odas\u0131 Ba\u015fkan\u0131 Mustahattin Can Sel\u00e7uk, \u201cBu dolu ya\u011f\u0131\u015f\u0131 sonras\u0131 olu\u015facak zarardan do\u011fan hasar\u0131n, \u00e7ok fazla pazara yans\u0131yaca\u011f\u0131n\u0131 d\u00fc\u015f\u00fcnm\u00fcyorum\u201d dedi.<\/p>\n<p>Isparta\u2019da etkili olan dolu ya\u011f\u0131\u015f\u0131 baz\u0131 b\u00f6lgelerde yeti\u015fen \u00fcr\u00fcnlere zarar verdi. B\u00f6lgede \u00fcretimi yap\u0131lan kiraz\u0131n meyve erginlik d\u00f6nemine denk gelen dolu ya\u011f\u0131\u015f\u0131, baz\u0131 b\u00f6lgelerde hasara yol a\u00e7t\u0131.<\/p>\n<p>\u201cYaralar\u0131n sar\u0131lmas\u0131 i\u00e7in \u00fczerimize d\u00fc\u015fen ne varsa, gerekeni yapaca\u011f\u0131z\u201d<\/p>\n<p>Dolu ya\u011f\u0131\u015f\u0131 sonras\u0131 \u0130HA muhabirine a\u00e7\u0131klamalarda bulunan Isparta Ziraat Odas\u0131 Ba\u015fkan\u0131 Mustahattin Can Sel\u00e7uk, \u201cT\u00fcm \u00fclkemizde bu dolu ya\u011f\u0131\u015f\u0131 ger\u00e7ekle\u015fti. T\u00fcm \u00e7ift\u00e7ilerimize ge\u00e7mi\u015f olsun dileklerimizi iletiyorum. Zaman zaman ba\u015fka illerdeki Ziraat Odas\u0131 Ba\u015fkanlar\u0131m\u0131zla nem telefon hem de sosyal medya yoluyla g\u00f6r\u00fc\u015f\u00fcyoruz. Onlara da ge\u00e7mi\u015f olsun dileklerimizi ilettik. \u0130limizde de belli b\u00f6lgelerde yo\u011fun bir dolu ya\u011f\u0131\u015f\u0131 oldu.  Buralarda yo\u011fun \u015fekilde hasar\u0131m\u0131z var. \u015eu anda, Tar\u0131m il ve il\u00e7e m\u00fcd\u00fcrl\u00fcklerimizin k\u00f6y ve kasabalar\u0131m\u0131zdaki hasar tespit \u00e7al\u0131\u015fmalar\u0131 devam ediyor. T\u00fcm \u00e7ift\u00e7ilerimize ge\u00e7mi\u015f olsun dileklerimizi iletiyoruz, devletle ilgili gerekli diyaloglara ge\u00e7ece\u011fiz, bu yaralar\u0131n sar\u0131lmas\u0131 i\u00e7in \u00fczerimize d\u00fc\u015fen ne varsa, gerekeni yapaca\u011f\u0131z\u201d dedi.<\/p>\n<p>\u201cAllah daha beterinden saklas\u0131n\u201d<\/p>\n<p>Ya\u015fanan afetin meydana geldi\u011fi b\u00f6lgeleri \u00f6zetleyen Ziraat Odas\u0131 Ba\u015fkan\u0131 Mustahattin Can Sel\u00e7uk, \u201cIsparta merkeze ba\u011fl\u0131 yak\u0131n k\u00f6yler, Atabey ve ba\u015fka il\u00e7elerimizde de hasarlar var. \u015eu anda \u00e7al\u0131\u015fmalar devam etti\u011fi i\u00e7in net olarak bir \u015fey s\u00f6yleyemiyoruz. \u00c7\u00fcnk\u00fc, ya\u011f\u0131\u015f daha d\u00fcn meydana geldi. Bu da bir do\u011fal afet. \u0130stenilmeyen bir \u015fey ama Allah daha beterinden saklas\u0131n\u201d diye konu\u015ftu.<\/p>\n<p>\u201cDolu b\u00fcy\u00fckl\u00fc\u011f\u00fcne g\u00f6re hasar\u0131n b\u00fcy\u00fckl\u00fc\u011f\u00fc de de\u011fi\u015fiyor\u201d<\/p>\n<p>\u201c\u015eu anda zaten g\u00fclde \u00fcreticinin hasad\u0131n\u0131n y\u00fczde 80\u2019i bitti, yaylalardan az bir k\u0131sm\u0131n hasad\u0131 kald\u0131\u201d diyerek a\u00e7\u0131klamalar\u0131n\u0131 s\u00fcrd\u00fcren Ba\u015fkan Sel\u00e7uk, \u201cBizim zarar g\u00f6ren meyve ve sebzelerimiz, kiraz &#8211; elma ile tarla &#8211; bah\u00e7elerde dikili olan sebzelerimiz zarar g\u00f6rd\u00fc. Atabey il\u00e7emiz ve \u0130slamk\u00f6y taraf\u0131ndaki dolu ya\u011f\u0131\u015f\u0131n\u0131n daha b\u00fcy\u00fck oldu\u011funu biliyoruz, b\u00fcy\u00fck hasarlar var, \u00e7al\u0131\u015fmalar devam ediyor\u201d \u015feklinde konu\u015ftu.<\/p>\n<p>\u201c\u00d6rt\u00fc alt\u0131 \u00e7ok fazla etkilenmedi\u201d<\/p>\n<p>Ya\u011f\u0131\u015f\u0131n \u00f6rt\u00fc alt\u0131 tar\u0131m\u0131 \u00e7ok fazla etkilemedi\u011fini belirten Ba\u015fkan Sel\u00e7uk, \u201cDolu ya\u011f\u0131\u015f\u0131 \u00f6rt\u00fc alt\u0131n\u0131 fazla etkilemedi. Buralarda yaln\u0131zca \u00f6rt\u00fc b\u00f6l\u00fcmlerinde bir miktar hasar var. \u00d6rt\u00fcl\u00fc tar\u0131mda fazla bir zarar\u0131m\u0131z yok \u00e7\u00fck \u015f\u00fck\u00fcr\u201d dedi.<\/p>\n<p>\u201cDolu zarar\u0131, pazar tezgah fiyat\u0131na \u00e7ok yans\u0131maz\u201d<\/p>\n<p>Dolu ya\u011f\u0131\u015f\u0131n\u0131n pazar fiyatlar\u0131n\u0131 etkileyece\u011fini d\u00fc\u015f\u00fcnmedi\u011fini dile getiren Sel\u00e7uk, \u201cT\u00fcrkiye\u2019mizin her yerinde \u00fcretim var \u00e7ok \u015f\u00fck\u00fcr. Bu dolu ya\u011f\u0131\u015f\u0131 sonras\u0131 olu\u015facak zarardan do\u011fan hasar\u0131n, \u00e7ok fazla pazara yans\u0131yaca\u011f\u0131n\u0131 d\u00fc\u015f\u00fcnm\u00fcyorum. B\u00f6lge b\u00f6lge baz\u0131 yerlerde zarar var, baz\u0131 yerlerde yok. Bug\u00fcn sabah da pazar\u0131 gezdim. Bu durum pazar\u0131n tezgah fiyat\u0131na \u00e7ok yans\u0131maz\u201d \u015feklinde konu\u015ftu.<\/p>\n<p>Sel\u00e7uk son olarak, \u00fcretim yapan t\u00fcm \u00e7ift\u00e7ilerin nas\u0131rl\u0131 ellerinden \u00f6pt\u00fc\u011f\u00fcn\u00fc kaydederek, \u201cOnlar \u00fcretecek, T\u00fcrkiye geli\u015fecek. Biz de onlar\u0131n her zaman yan\u0131nday\u0131z\u201d ifadelerine yer verdi.<\/p>\n","protected":false},"excerpt":{"rendered":"<p>ISPARTA\u2019DA D\u00dcN ETK\u0130L\u0130 OLAN VE B\u00dcY\u00dcKL\u00dcKLER\u0130 BAZI B\u00d6LGELERDE FINDIK B\u00dcY\u00dcKL\u00dc\u011e\u00dcNDEN CEV\u0130Z B\u00dcY\u00dcKL\u00dc\u011e\u00dcNE KADAR ULA\u015eAN DOLU YA\u011eI\u015eI SONRASINDA MEYDANA GELEN ZARARIN PAZAR TEZGAHINA \u00c7OK FAZLA YANSIMAYACA\u011eINI BEL\u0130RTEN Z\u0130RAAT ODASI BA\u015eKANI MUSTAHATT\u0130N CAN SEL\u00c7UK, \u201cBU DOLU YA\u011eI\u015eI SONRASI OLU\u015eACAK ZARARDAN DO\u011eAN HASARIN, \u00c7OK FAZLA PAZARA YANSIYACA\u011eINI D\u00dc\u015e\u00dcNM\u00dcYORUM\u201d DED\u0130.<\/p>\n","protected":false},"author":1,"featured_media":168073,"comment_status":"closed","ping_status":"open","sticky":false,"template":"","format":"standard","meta":{"jetpack_post_was_ever_published":false,"_jetpack_newsletter_access":"","_jetpack_dont_email_post_to_subs":false,"_jetpack_newsletter_tier_id":0,"_jetpack_memberships_contains_paywalled_content":false,"_jetpack_memberships_contains_paid_content":false,"footnotes":"","jetpack_publicize_message":"","jetpack_publicize_feature_enabled":true,"jetpack_social_post_already_shared":true,"jetpack_social_options":{"image_generator_settings":{"template":"highway","default_image_id":0,"font":"","enabled":false},"version":2}},"categories":[1],"tags":[1072,105,6667,18056,5679,123,25414,40276,2806],"class_list":["post-168072","post","type-post","status-publish","format-standard","has-post-thumbnail","hentry","category-genel","tag-aciklamasi","tag-cok","tag-dolu","tag-fiyatina","tag-ispartada","tag-pazar","tag-tezgah","tag-yansimaz","tag-zarari"],"jetpack_publicize_connections":[],"jetpack_featured_media_url":"https:\/\/i0.wp.com\/www.tvturk.com\/wp-content\/uploads\/2019\/06\/ispartada-dolu-zarari-pazar-tezgah-fiyatina-cok-yansimaz-aciklamasi_3016884.jpg?fit=1000%2C562","jetpack_sharing_enabled":true,"jetpack_shortlink":"https:\/\/wp.me\/paKIfm-HIQ","_links":{"self":[{"href":"http:\/\/www.tvturk.com\/index.php\/wp-json\/wp\/v2\/posts\/168072","targetHints":{"allow":["GET"]}}],"collection":[{"href":"http:\/\/www.tvturk.com\/index.php\/wp-json\/wp\/v2\/posts"}],"about":[{"href":"http:\/\/www.tvturk.com\/index.php\/wp-json\/wp\/v2\/types\/post"}],"author":[{"embeddable":true,"href":"http:\/\/www.tvturk.com\/index.php\/wp-json\/wp\/v2\/users\/1"}],"replies":[{"embeddable":true,"href":"http:\/\/www.tvturk.com\/index.php\/wp-json\/wp\/v2\/comments?post=168072"}],"version-history":[{"count":0,"href":"http:\/\/www.tvturk.com\/index.php\/wp-json\/wp\/v2\/posts\/168072\/revisions"}],"wp:featuredmedia":[{"embeddable":true,"href":"http:\/\/www.tvturk.com\/index.php\/wp-json\/wp\/v2\/media\/168073"}],"wp:attachment":[{"href":"http:\/\/www.tvturk.com\/index.php\/wp-json\/wp\/v2\/media?parent=168072"}],"wp:term":[{"taxonomy":"category","embeddable":true,"href":"http:\/\/www.tvturk.com\/index.php\/wp-json\/wp\/v2\/categories?post=168072"},{"taxonomy":"post_tag","embeddable":true,"href":"http:\/\/www.tvturk.com\/index.php\/wp-json\/wp\/v2\/tags?post=168072"}],"curies":[{"name":"wp","href":"https:\/\/api.w.org\/{rel}","templated":true}]}}