{"id":168080,"date":"2019-06-11T18:27:24","date_gmt":"2019-06-11T15:27:24","guid":{"rendered":"http:\/\/www.tvturk.com\/index.php\/ankara-cicekciler-esnafi-odasi-baskani-cimen-herkes-kendi-isini-yapacak\/"},"modified":"2019-06-11T18:27:24","modified_gmt":"2019-06-11T15:27:24","slug":"ankara-cicekciler-esnafi-odasi-baskani-cimen-herkes-kendi-isini-yapacak","status":"publish","type":"post","link":"http:\/\/www.tvturk.com\/index.php\/ankara-cicekciler-esnafi-odasi-baskani-cimen-herkes-kendi-isini-yapacak\/","title":{"rendered":"Ankara \u00c7i\u00e7ek\u00e7iler Esnaf\u0131 Odas\u0131 Ba\u015fkan\u0131 \u00c7imen: \u201cHerkes kendi i\u015fini yapacak\u201d"},"content":{"rendered":"<p>Ankara \u00c7i\u00e7ek\u00e7iler Esnaf\u0131 Odas\u0131 Ba\u015fkan\u0131 Emin \u00c7imen, \u201cNas\u0131l ki barolar birli\u011fine kay\u0131tl\u0131 olmayan biri avukatl\u0131k yapam\u0131yorsa, d\u00fckkan\u0131 olmayan ve kay\u0131tta olmayan birinin de \u00e7i\u00e7ek d\u00fckkan\u0131 a\u00e7mamas\u0131 gerekiyor\u201d dedi.<\/p>\n<p>Ankara \u00c7i\u00e7ek\u00e7iler Esnaf\u0131 Odas\u0131 Ba\u015fkan\u0131 Emin \u00c7imen, sekt\u00f6rlerindeki sorunlar\u0131 bas\u0131n mensuplar\u0131yla payla\u015farak, bu sorunlara \u00e7\u00f6z\u00fcm bulunmas\u0131n\u0131 istediklerini s\u00f6yledi. Y\u00f6netim olarak 3 May\u0131s\u2019ta, Ankara \u00e7i\u00e7ek\u00e7i esnaf\u0131na hizmet verme ad\u0131na se\u00e7ildiklerini belirten \u00c7imen, daha \u00f6nceki y\u0131llarda da Ankara \u00c7i\u00e7ek\u00e7iler Esnaf\u0131 Odas\u0131 Ba\u015fkanl\u0131\u011f\u0131 yapt\u0131\u011f\u0131n\u0131 s\u00f6yleyerek, \u201cHepimizin sekt\u00f6rde kanayan yaralar\u0131 var. Bunlardan bir tanesi de hastanelere \u00e7i\u00e7ek veremiyoruz olu\u015fumuz. Recep Akda\u011f d\u00f6neminde, bakan\u0131m\u0131z\u0131n emriyle ve yaz\u0131s\u0131yla b\u00fct\u00fcn il sa\u011fl\u0131k m\u00fcd\u00fcrl\u00fcklerinden bizim \u00e7i\u00e7eklerimizi g\u00f6nderece\u011fimizin iznini ald\u0131k. Fakat hastane y\u00f6netimleri kendi y\u00f6netmenliklerine devam ettikleri i\u00e7in hastanelere \u00e7i\u00e7ek veremiyoruz\u201d diye konu\u015ftu.<\/p>\n<p>Bu nedenlerle m\u00fc\u015fterilerden de \u00e7ok \u015fikayet ald\u0131klar\u0131n\u0131n alt\u0131n\u0131 \u00e7izen \u00c7imen, bunun \u00f6n\u00fcne ge\u00e7mek i\u00e7in Sa\u011fl\u0131k Bakan\u0131n\u0131n emirlerinin tekrar yaz\u0131lmas\u0131n\u0131 ve hastanelere talimat verilmesini istediklerini kaydetti. Herkesin kendi i\u015fini yapmas\u0131 gerekti\u011fini vurgulayan \u00c7imen, \u201c\u00c7i\u00e7ek\u00e7i \u00e7i\u00e7e\u011fini satacak. \u00c7i\u00e7e\u011fi sevenler de \u00e7i\u00e7ek d\u00fckkanlar\u0131ndan, \u00e7i\u00e7ek alacaklar. Oto y\u0131kamac\u0131s\u0131 gelin arabas\u0131 s\u00fcsl\u00fcyor, z\u00fcccaciye \u00e7i\u00e7ek sat\u0131yor. Barolar birli\u011fine kay\u0131tl\u0131 olmayan bir avukat, avukatl\u0131k yapabilir mi? Nas\u0131l ki barolar birli\u011fine kay\u0131tl\u0131 olmayan biri avukatl\u0131k yapam\u0131yorsa, d\u00fckkan\u0131 olmayan ve kay\u0131tta olmayan birinin de \u00e7i\u00e7ek d\u00fckkan\u0131 a\u00e7mamas\u0131 gerekiyor. Biz de bu konuda belediyelerden ve bakanl\u0131\u011f\u0131m\u0131zdan yard\u0131mlar\u0131n\u0131 bekliyoruz. Herkes kendi i\u015fini yapacak\u201d \u015feklinde konu\u015ftu.<\/p>\n<p>\u00c7imen, \u00e7i\u00e7e\u011fin toplumda israf olarak g\u00f6r\u00fcnd\u00fc\u011f\u00fcn\u00fc s\u00f6yleyerek,  \u201cBir insana bir \u00e7i\u00e7ek verdi\u011finiz an tebess\u00fcm etti\u011fini g\u00f6r\u00fcrs\u00fcn\u00fcz. \u00c7i\u00e7ek israf de\u011fil; \u00e7i\u00e7ek sevgidir, \u00e7i\u00e7ek a\u015fkt\u0131r\u201d ifadelerini kulland\u0131.<\/p>\n","protected":false},"excerpt":{"rendered":"<p>ANKARA \u00c7\u0130\u00c7EK\u00c7\u0130LER ESNAFI ODASI BA\u015eKANI EM\u0130N \u00c7\u0130MEN, \u201cNASIL K\u0130 BAROLAR B\u0130RL\u0130\u011e\u0130NE KAYITLI OLMAYAN B\u0130R\u0130 AVUKATLIK YAPAMIYORSA, D\u00dcKKANI OLMAYAN VE KAYITTA OLMAYAN B\u0130R\u0130N\u0130N DE \u00c7\u0130\u00c7EK D\u00dcKKANI A\u00c7MAMASI GEREK\u0130YOR\u201d DED\u0130.<\/p>\n","protected":false},"author":1,"featured_media":168081,"comment_status":"closed","ping_status":"open","sticky":false,"template":"","format":"standard","meta":{"jetpack_post_was_ever_published":false,"_jetpack_newsletter_access":"","_jetpack_dont_email_post_to_subs":false,"_jetpack_newsletter_tier_id":0,"_jetpack_memberships_contains_paywalled_content":false,"_jetpack_memberships_contains_paid_content":false,"footnotes":"","jetpack_publicize_message":"","jetpack_publicize_feature_enabled":true,"jetpack_social_post_already_shared":true,"jetpack_social_options":{"image_generator_settings":{"template":"highway","default_image_id":0,"font":"","enabled":false},"version":2}},"categories":[1],"tags":[1475,216,1309,16921,443,7291,8485,5646,374,3798],"class_list":["post-168080","post","type-post","status-publish","format-standard","has-post-thumbnail","hentry","category-genel","tag-ankara","tag-baskani","tag-cicekciler","tag-cimen","tag-esnafi","tag-herkes","tag-isini","tag-kendi","tag-odasi","tag-yapacak"],"jetpack_publicize_connections":[],"jetpack_featured_media_url":"https:\/\/i0.wp.com\/www.tvturk.com\/wp-content\/uploads\/2019\/06\/ankara-cicekciler-esnafi-odasi-baskani-cimen-herkes-kendi-isini-yapacak_74998f5.jpg?fit=1000%2C750","jetpack_sharing_enabled":true,"jetpack_shortlink":"https:\/\/wp.me\/paKIfm-HIY","_links":{"self":[{"href":"http:\/\/www.tvturk.com\/index.php\/wp-json\/wp\/v2\/posts\/168080","targetHints":{"allow":["GET"]}}],"collection":[{"href":"http:\/\/www.tvturk.com\/index.php\/wp-json\/wp\/v2\/posts"}],"about":[{"href":"http:\/\/www.tvturk.com\/index.php\/wp-json\/wp\/v2\/types\/post"}],"author":[{"embeddable":true,"href":"http:\/\/www.tvturk.com\/index.php\/wp-json\/wp\/v2\/users\/1"}],"replies":[{"embeddable":true,"href":"http:\/\/www.tvturk.com\/index.php\/wp-json\/wp\/v2\/comments?post=168080"}],"version-history":[{"count":0,"href":"http:\/\/www.tvturk.com\/index.php\/wp-json\/wp\/v2\/posts\/168080\/revisions"}],"wp:featuredmedia":[{"embeddable":true,"href":"http:\/\/www.tvturk.com\/index.php\/wp-json\/wp\/v2\/media\/168081"}],"wp:attachment":[{"href":"http:\/\/www.tvturk.com\/index.php\/wp-json\/wp\/v2\/media?parent=168080"}],"wp:term":[{"taxonomy":"category","embeddable":true,"href":"http:\/\/www.tvturk.com\/index.php\/wp-json\/wp\/v2\/categories?post=168080"},{"taxonomy":"post_tag","embeddable":true,"href":"http:\/\/www.tvturk.com\/index.php\/wp-json\/wp\/v2\/tags?post=168080"}],"curies":[{"name":"wp","href":"https:\/\/api.w.org\/{rel}","templated":true}]}}