{"id":16809,"date":"2019-02-09T20:21:52","date_gmt":"2019-02-09T17:21:52","guid":{"rendered":"http:\/\/www.tvturk.com\/index.php\/arikan-hayalimde-futbolcu-olmak-vardi\/"},"modified":"2019-02-09T20:21:55","modified_gmt":"2019-02-09T17:21:55","slug":"arikan-hayalimde-futbolcu-olmak-vardi","status":"publish","type":"post","link":"http:\/\/www.tvturk.com\/index.php\/arikan-hayalimde-futbolcu-olmak-vardi\/","title":{"rendered":"Ar\u0131kan: &#8220;Hayalimde futbolcu olmak vard\u0131&#8221;"},"content":{"rendered":"<p>Ordu\u2019nun \u00dcnye il\u00e7esinde gen\u00e7lerle bulu\u015fan spor spikeri Erdo\u011fan Ar\u0131kan, &#8220;Hayalimde futbolcu olmak vard\u0131&#8221; dedi.<\/p>\n<p>Spor spikeri Erdo\u011fan Ar\u0131kan, \u00dcnye Futbol Kul\u00fcb\u00fcn\u00fcn davetlisi olarak bug\u00fcn Ordu\u2019nun \u00dcnye il\u00e7esine geldi. Ba\u015far\u0131l\u0131 sunucu Ar\u0131kan, \u00dcnyeli gen\u00e7lerle bulu\u015farak mesle\u011fe nas\u0131l ba\u015flad\u0131\u011f\u0131n\u0131 ve futbol spikerli\u011fi hayat\u0131n\u0131 anlatt\u0131.<\/p>\n<p>Programda ev sahipli\u011fi yapan \u00dcnye Futbol Kul\u00fcb\u00fc Ba\u015fkan\u0131 Metin Tamt\u00fcrk, \u201cBizim \u00dcnye\u2019deki en b\u00fcy\u00fck eksikli\u011fimiz, herkesin gelebilece\u011fi dolmu\u015f mesafesinde bir futbol saham\u0131z yok. 120 bin n\u00fcfuslu bir il\u00e7edeyiz ama bizim \u00dcnye i\u00e7inde \u00e7al\u0131\u015facak bir saham\u0131z yok&#8221; diye konu\u015ftu.<\/p>\n<p>&#8220;T\u00fcrk futbolunda alt yap\u0131ya \u00f6nem verelim&#8221;<\/p>\n<p>Ordu Futbol \u0130l Temsilcisi Ali Osman Osma, &#8220;\u00dcnye Futbol Kul\u00fcb\u00fc \u00dcnye ve Ordu Futbolu ad\u0131na ligimize, alt liglerde renk katmaktad\u0131r. Spor bran\u015flar\u0131 i\u00e7erisinden futbol deyince ger\u00e7ekten insan\u0131n nabz\u0131 duruyor. Son y\u0131llarda pek fazla olmuyor ama biz \u015funu istiyoruz: T\u00fcrk futbolu ad\u0131na alt yap\u0131ya \u00f6nem verelim, \u00e7ocuklar\u0131m\u0131za \u00f6nem verelim. Biz tesis anlam\u0131nda biraz s\u0131k\u0131nt\u0131 ya\u015f\u0131yoruz\u201d ifadelerini kulland\u0131.<\/p>\n<p>Ba\u015f\u0131nda ge\u00e7en birka\u00e7 olay\u0131 anlatan Medya Direkt\u00f6r\u00fc, Milli Boccia Sporcusu Emre Vural, &#8220;Ne olursa olsun sporcular asla vazge\u00e7memelidir. Ma\u00e7\u0131 kaybedebilirsiniz ama vazge\u00e7erseniz as\u0131l kay\u0131p o zaman olur. Vazge\u00e7ti\u011finiz g\u00fcn her \u015feyi kaybetmi\u015f oluyorsunuz. \u00c7ok k\u00f6t\u00fc olaylarla kar\u015f\u0131la\u015fabilirsiniz ama asla vazge\u00e7meyin\u201c \u015feklinde konu\u015ftu.<\/p>\n<p>&#8220;Hayalimde futbolcu olmak vard\u0131&#8221;<\/p>\n<p>TRT Spor Spikeri ve Spor Programlar\u0131 Yap\u0131mc\u0131s\u0131 Erdo\u011fan Ar\u0131kan, &#8220;Bug\u00fcn sizlerle spor arac\u0131l\u0131\u011f\u0131 ile bulu\u015ftuk. Ben sporun ba\u015fka bir alan\u0131nda y\u00fcr\u00fcd\u00fcm. Benim de \u00e7ocuklu\u011fumda hayalimde futbolcu olmak vard\u0131. Ama hayat herkese bu \u015fans\u0131 vermiyor. Yetene\u011finiz \u00e7ok \u00f6nemli ve yetene\u011finizin yan\u0131nda hayata bak\u0131\u015f\u0131n\u0131z. Belki ben bunlardan birinde eksiktim, bu y\u00fczden futbolcu olarak y\u00fcr\u00fcyemedim ama sizin gibi gen\u00e7lerle bulu\u015ftu\u011fumda diyorum ki \u2019insan hayat\u0131n\u0131n en \u00f6nemli karar\u0131n\u0131 15 ile 30 ya\u015f aras\u0131ndaki bo\u015flukta veriyor. \u00c7\u00fcnk\u00fc o ya\u015f diliminde kendinizi ke\u015ffetmeniz, hangi alanda daha yeteneklisiniz ve hangi alanda hayat\u0131 daha iyi y\u00fcr\u00fcyebilirsiniz \u00f6nce bunu bulabilmeniz ve sonra bunun \u00fczerine yat\u0131r\u0131mlar yapman\u0131z, yakla\u015f\u0131k 80 y\u0131ll\u0131k hayat\u0131n\u0131z\u0131n geriye kalan 30\u2019dan sonraki 50 y\u0131l\u0131n\u0131n nas\u0131l ge\u00e7ece\u011fini belirliyor&#8221; dedi.<\/p>\n<p>Program sonunda \u00fcnl\u00fc futbol spikerine \u00dcnye Futbol Kul\u00fcb\u00fc Ba\u015fkan\u0131 Metin Tamt\u00fcrk ve Ordu Futbol \u0130l Temsilcisi Ali Osman Osma \u00e7i\u00e7ek ve forma hediye etti.<div class=\"tiled-gallery type-rectangular tiled-gallery-unresized\" data-original-width=\"500\" data-carousel-extra='null' itemscope itemtype=\"http:\/\/schema.org\/ImageGallery\" > <div class=\"gallery-row\" style=\"width: 500px; height: 224px;\" data-original-width=\"500\" data-original-height=\"224\" > <div class=\"gallery-group images-1\" style=\"width: 334px; height: 224px;\" data-original-width=\"334\" data-original-height=\"224\" > <div class=\"tiled-gallery-item tiled-gallery-item-large\" itemprop=\"associatedMedia\" itemscope itemtype=\"http:\/\/schema.org\/ImageObject\"> <a href=\"http:\/\/www.tvturk.com\/index.php\/arikan-hayalimde-futbolcu-olmak-vardi\/arikan-hayalimde-futbolcu-olmak-vardi-3\/\" border=\"0\" itemprop=\"url\"> <meta itemprop=\"width\" content=\"330\"> <meta itemprop=\"height\" content=\"220\"> <img decoding=\"async\" class=\"\" data-attachment-id=\"16811\" data-orig-file=\"http:\/\/www.tvturk.com\/wp-content\/uploads\/2019\/02\/arikan-hayalimde-futbolcu-olmak-vardi_2e41ee7.jpg\" data-orig-size=\"1000,666\" data-comments-opened=\"\" data-image-meta=\"{&quot;aperture&quot;:&quot;0&quot;,&quot;credit&quot;:&quot;IHA&quot;,&quot;camera&quot;:&quot;&quot;,&quot;caption&quot;:&quot;PROGRAM SONUNDA \\u00dcNL\\u00dc FUTBOL SP\\u0130KER\\u0130NE \\u00dcNYE FUTBOL KUL\\u00dcB\\u00dc BA\\u015eKANI MET\\u0130N TAMT\\u00dcRK VE ORDU FUTBOL \\u0130L TEMS\\u0130LC\\u0130S\\u0130 AL\\u0130 OSMAN OSMA \\u00c7\\u0130\\u00c7EK VE FORMA HED\\u0130YE ETT\\u0130. (HAMZA ALP\\\/ORDU-\\u0130HA)&quot;,&quot;created_timestamp&quot;:&quot;0&quot;,&quot;copyright&quot;:&quot;\\u0130HLAS HABER AJANSI, www.iha.com.tr&quot;,&quot;focal_length&quot;:&quot;0&quot;,&quot;iso&quot;:&quot;0&quot;,&quot;shutter_speed&quot;:&quot;0&quot;,&quot;title&quot;:&quot;ARIKAN: \\u0022HAYAL\\u0130MDE FUTBOLCU OLMAK VARDI\\u0022&quot;,&quot;orientation&quot;:&quot;0&quot;}\" data-image-title=\"Ar\u0131kan: &amp;#8220;Hayalimde futbolcu olmak vard\u0131&amp;#8221;\" data-image-description=\"&lt;p&gt;Ar\u0131kan: &amp;#8220;Hayalimde futbolcu olmak vard\u0131&amp;#8221;&lt;\/p&gt; \" data-medium-file=\"https:\/\/i0.wp.com\/www.tvturk.com\/wp-content\/uploads\/2019\/02\/arikan-hayalimde-futbolcu-olmak-vardi_2e41ee7.jpg?fit=300%2C200\" data-large-file=\"https:\/\/i0.wp.com\/www.tvturk.com\/wp-content\/uploads\/2019\/02\/arikan-hayalimde-futbolcu-olmak-vardi_2e41ee7.jpg?fit=1000%2C666\" src=\"https:\/\/i0.wp.com\/www.tvturk.com\/wp-content\/uploads\/2019\/02\/arikan-hayalimde-futbolcu-olmak-vardi_2e41ee7.jpg?w=330&#038;h=220\" srcset=\"https:\/\/i0.wp.com\/www.tvturk.com\/wp-content\/uploads\/2019\/02\/arikan-hayalimde-futbolcu-olmak-vardi_2e41ee7.jpg?w=1000 1000w, https:\/\/i0.wp.com\/www.tvturk.com\/wp-content\/uploads\/2019\/02\/arikan-hayalimde-futbolcu-olmak-vardi_2e41ee7.jpg?resize=150%2C100 150w, https:\/\/i0.wp.com\/www.tvturk.com\/wp-content\/uploads\/2019\/02\/arikan-hayalimde-futbolcu-olmak-vardi_2e41ee7.jpg?resize=300%2C200 300w, https:\/\/i0.wp.com\/www.tvturk.com\/wp-content\/uploads\/2019\/02\/arikan-hayalimde-futbolcu-olmak-vardi_2e41ee7.jpg?resize=768%2C511 768w, https:\/\/i0.wp.com\/www.tvturk.com\/wp-content\/uploads\/2019\/02\/arikan-hayalimde-futbolcu-olmak-vardi_2e41ee7.jpg?resize=170%2C113 170w, https:\/\/i0.wp.com\/www.tvturk.com\/wp-content\/uploads\/2019\/02\/arikan-hayalimde-futbolcu-olmak-vardi_2e41ee7.jpg?resize=120%2C80 120w\" width=\"330\" height=\"220\" loading=\"lazy\" data-original-width=\"330\" data-original-height=\"220\" itemprop=\"http:\/\/schema.org\/image\" title=\"Ar\u0131kan: &quot;Hayalimde futbolcu olmak vard\u0131&quot;\" alt=\"Ar\u0131kan: &quot;Hayalimde futbolcu olmak vard\u0131&quot;\" style=\"width: 330px; height: 220px;\" \/> <\/a> <\/div> <\/div> <!-- close group --> <div class=\"gallery-group images-2\" style=\"width: 166px; height: 224px;\" data-original-width=\"166\" data-original-height=\"224\" > <div class=\"tiled-gallery-item tiled-gallery-item-small\" itemprop=\"associatedMedia\" itemscope itemtype=\"http:\/\/schema.org\/ImageObject\"> <a href=\"http:\/\/www.tvturk.com\/index.php\/arikan-hayalimde-futbolcu-olmak-vardi\/arikan-hayalimde-futbolcu-olmak-vardi-4\/\" border=\"0\" itemprop=\"url\"> <meta itemprop=\"width\" content=\"162\"> <meta itemprop=\"height\" content=\"108\"> <img decoding=\"async\" class=\"\" data-attachment-id=\"16812\" data-orig-file=\"http:\/\/www.tvturk.com\/wp-content\/uploads\/2019\/02\/arikan-hayalimde-futbolcu-olmak-vardi_1f73e9d.jpg\" data-orig-size=\"1000,666\" data-comments-opened=\"\" data-image-meta=\"{&quot;aperture&quot;:&quot;0&quot;,&quot;credit&quot;:&quot;IHA&quot;,&quot;camera&quot;:&quot;&quot;,&quot;caption&quot;:&quot;PROGRAM SONUNDA \\u00dcNL\\u00dc FUTBOL SP\\u0130KER\\u0130NE \\u00dcNYE FUTBOL KUL\\u00dcB\\u00dc BA\\u015eKANI MET\\u0130N TAMT\\u00dcRK VE ORDU FUTBOL \\u0130L TEMS\\u0130LC\\u0130S\\u0130 AL\\u0130 OSMAN OSMA \\u00c7\\u0130\\u00c7EK VE FORMA HED\\u0130YE ETT\\u0130. (HAMZA ALP\\\/ORDU-\\u0130HA)&quot;,&quot;created_timestamp&quot;:&quot;0&quot;,&quot;copyright&quot;:&quot;\\u0130HLAS HABER AJANSI, www.iha.com.tr&quot;,&quot;focal_length&quot;:&quot;0&quot;,&quot;iso&quot;:&quot;0&quot;,&quot;shutter_speed&quot;:&quot;0&quot;,&quot;title&quot;:&quot;ARIKAN: \\u0022HAYAL\\u0130MDE FUTBOLCU OLMAK VARDI\\u0022&quot;,&quot;orientation&quot;:&quot;0&quot;}\" data-image-title=\"Ar\u0131kan: &amp;#8220;Hayalimde futbolcu olmak vard\u0131&amp;#8221;\" data-image-description=\"&lt;p&gt;Ar\u0131kan: &amp;#8220;Hayalimde futbolcu olmak vard\u0131&amp;#8221;&lt;\/p&gt; \" data-medium-file=\"https:\/\/i0.wp.com\/www.tvturk.com\/wp-content\/uploads\/2019\/02\/arikan-hayalimde-futbolcu-olmak-vardi_1f73e9d.jpg?fit=300%2C200\" data-large-file=\"https:\/\/i0.wp.com\/www.tvturk.com\/wp-content\/uploads\/2019\/02\/arikan-hayalimde-futbolcu-olmak-vardi_1f73e9d.jpg?fit=1000%2C666\" src=\"https:\/\/i0.wp.com\/www.tvturk.com\/wp-content\/uploads\/2019\/02\/arikan-hayalimde-futbolcu-olmak-vardi_1f73e9d.jpg?w=162&#038;h=108\" srcset=\"https:\/\/i0.wp.com\/www.tvturk.com\/wp-content\/uploads\/2019\/02\/arikan-hayalimde-futbolcu-olmak-vardi_1f73e9d.jpg?w=1000 1000w, https:\/\/i0.wp.com\/www.tvturk.com\/wp-content\/uploads\/2019\/02\/arikan-hayalimde-futbolcu-olmak-vardi_1f73e9d.jpg?resize=150%2C100 150w, https:\/\/i0.wp.com\/www.tvturk.com\/wp-content\/uploads\/2019\/02\/arikan-hayalimde-futbolcu-olmak-vardi_1f73e9d.jpg?resize=300%2C200 300w, https:\/\/i0.wp.com\/www.tvturk.com\/wp-content\/uploads\/2019\/02\/arikan-hayalimde-futbolcu-olmak-vardi_1f73e9d.jpg?resize=768%2C511 768w, https:\/\/i0.wp.com\/www.tvturk.com\/wp-content\/uploads\/2019\/02\/arikan-hayalimde-futbolcu-olmak-vardi_1f73e9d.jpg?resize=170%2C113 170w, https:\/\/i0.wp.com\/www.tvturk.com\/wp-content\/uploads\/2019\/02\/arikan-hayalimde-futbolcu-olmak-vardi_1f73e9d.jpg?resize=120%2C80 120w\" width=\"162\" height=\"108\" loading=\"lazy\" data-original-width=\"162\" data-original-height=\"108\" itemprop=\"http:\/\/schema.org\/image\" title=\"Ar\u0131kan: &quot;Hayalimde futbolcu olmak vard\u0131&quot;\" alt=\"Ar\u0131kan: &quot;Hayalimde futbolcu olmak vard\u0131&quot;\" style=\"width: 162px; height: 108px;\" \/> <\/a> <\/div> <div class=\"tiled-gallery-item tiled-gallery-item-small\" itemprop=\"associatedMedia\" itemscope itemtype=\"http:\/\/schema.org\/ImageObject\"> <a href=\"http:\/\/www.tvturk.com\/index.php\/arikan-hayalimde-futbolcu-olmak-vardi\/arikan-hayalimde-futbolcu-olmak-vardi-5\/\" border=\"0\" itemprop=\"url\"> <meta itemprop=\"width\" content=\"162\"> <meta itemprop=\"height\" content=\"108\"> <img decoding=\"async\" class=\"\" data-attachment-id=\"16813\" data-orig-file=\"http:\/\/www.tvturk.com\/wp-content\/uploads\/2019\/02\/arikan-hayalimde-futbolcu-olmak-vardi_4b0af34.jpg\" data-orig-size=\"1000,666\" data-comments-opened=\"\" data-image-meta=\"{&quot;aperture&quot;:&quot;0&quot;,&quot;credit&quot;:&quot;IHA&quot;,&quot;camera&quot;:&quot;&quot;,&quot;caption&quot;:&quot;TRT SPOR SP\\u0130KER\\u0130 VE SPOR PROGRAMLARI YAPIMCISI ERDO\\u011eAN ARIKAN, \\u00dcNYE FUTBOL KUL\\u00dcB\\u00dc\\u2019N\\u00dcN DAVETL\\u0130S\\u0130 OLARAK BUG\\u00dcN ORDU\\u0027NUN \\u00dcNYE \\u0130L\\u00c7ES\\u0130NE GELD\\u0130. BA\\u015eARILI SUNUCU ARIKAN, \\u00dcNYE\\u2019L\\u0130 GEN\\u00c7LERLE BULU\\u015eARAK MESLE\\u011eE NASIL BA\\u015eLADI\\u011eINI VE FUTBOL SP\\u0130KERL\\u0130\\u011e\\u0130 HAYATINI ANLATTI. (HAMZA ALP\\\/ORDU-\\u0130HA)&quot;,&quot;created_timestamp&quot;:&quot;0&quot;,&quot;copyright&quot;:&quot;\\u0130HLAS HABER AJANSI, www.iha.com.tr&quot;,&quot;focal_length&quot;:&quot;0&quot;,&quot;iso&quot;:&quot;0&quot;,&quot;shutter_speed&quot;:&quot;0&quot;,&quot;title&quot;:&quot;ARIKAN: \\u0022HAYAL\\u0130MDE FUTBOLCU OLMAK VARDI\\u0022&quot;,&quot;orientation&quot;:&quot;0&quot;}\" data-image-title=\"Ar\u0131kan: &amp;#8220;Hayalimde futbolcu olmak vard\u0131&amp;#8221;\" data-image-description=\"&lt;p&gt;Ar\u0131kan: &amp;#8220;Hayalimde futbolcu olmak vard\u0131&amp;#8221;&lt;\/p&gt; \" data-medium-file=\"https:\/\/i0.wp.com\/www.tvturk.com\/wp-content\/uploads\/2019\/02\/arikan-hayalimde-futbolcu-olmak-vardi_4b0af34.jpg?fit=300%2C200\" data-large-file=\"https:\/\/i0.wp.com\/www.tvturk.com\/wp-content\/uploads\/2019\/02\/arikan-hayalimde-futbolcu-olmak-vardi_4b0af34.jpg?fit=1000%2C666\" src=\"https:\/\/i0.wp.com\/www.tvturk.com\/wp-content\/uploads\/2019\/02\/arikan-hayalimde-futbolcu-olmak-vardi_4b0af34.jpg?w=162&#038;h=108\" srcset=\"https:\/\/i0.wp.com\/www.tvturk.com\/wp-content\/uploads\/2019\/02\/arikan-hayalimde-futbolcu-olmak-vardi_4b0af34.jpg?w=1000 1000w, https:\/\/i0.wp.com\/www.tvturk.com\/wp-content\/uploads\/2019\/02\/arikan-hayalimde-futbolcu-olmak-vardi_4b0af34.jpg?resize=150%2C100 150w, https:\/\/i0.wp.com\/www.tvturk.com\/wp-content\/uploads\/2019\/02\/arikan-hayalimde-futbolcu-olmak-vardi_4b0af34.jpg?resize=300%2C200 300w, https:\/\/i0.wp.com\/www.tvturk.com\/wp-content\/uploads\/2019\/02\/arikan-hayalimde-futbolcu-olmak-vardi_4b0af34.jpg?resize=768%2C511 768w, https:\/\/i0.wp.com\/www.tvturk.com\/wp-content\/uploads\/2019\/02\/arikan-hayalimde-futbolcu-olmak-vardi_4b0af34.jpg?resize=170%2C113 170w, https:\/\/i0.wp.com\/www.tvturk.com\/wp-content\/uploads\/2019\/02\/arikan-hayalimde-futbolcu-olmak-vardi_4b0af34.jpg?resize=120%2C80 120w\" width=\"162\" height=\"108\" loading=\"lazy\" data-original-width=\"162\" data-original-height=\"108\" itemprop=\"http:\/\/schema.org\/image\" title=\"Ar\u0131kan: &quot;Hayalimde futbolcu olmak vard\u0131&quot;\" alt=\"Ar\u0131kan: &quot;Hayalimde futbolcu olmak vard\u0131&quot;\" style=\"width: 162px; height: 108px;\" \/> <\/a> <\/div> <\/div> <!-- close group --> <\/div> <!-- close row --> <\/div><\/p>\n","protected":false},"excerpt":{"rendered":"<p>TRT SPOR SP\u0130KER\u0130 VE SPOR PROGRAMLARI YAPIMCISI ERDO\u011eAN ARIKAN<\/p>\n","protected":false},"author":1,"featured_media":16810,"comment_status":"closed","ping_status":"open","sticky":false,"template":"","format":"standard","meta":{"jetpack_post_was_ever_published":false,"_jetpack_newsletter_access":"","_jetpack_dont_email_post_to_subs":false,"_jetpack_newsletter_tier_id":0,"_jetpack_memberships_contains_paywalled_content":false,"_jetpack_memberships_contains_paid_content":false,"footnotes":"","jetpack_publicize_message":"","jetpack_publicize_feature_enabled":true,"jetpack_social_post_already_shared":false,"jetpack_social_options":{"image_generator_settings":{"template":"highway","default_image_id":0,"font":"","enabled":false},"version":2}},"categories":[657],"tags":[7930,7630,4599,1364,7931],"class_list":["post-16809","post","type-post","status-publish","format-standard","has-post-thumbnail","hentry","category-spor","tag-hayalimde","tag-arikan","tag-futbolcu","tag-olmak","tag-vardi"],"jetpack_publicize_connections":[],"jetpack_featured_media_url":"https:\/\/i0.wp.com\/www.tvturk.com\/wp-content\/uploads\/2019\/02\/arikan-hayalimde-futbolcu-olmak-vardi_2f3c7e1.jpg?fit=1000%2C666","jetpack_sharing_enabled":true,"jetpack_shortlink":"https:\/\/wp.me\/paKIfm-4n7","_links":{"self":[{"href":"http:\/\/www.tvturk.com\/index.php\/wp-json\/wp\/v2\/posts\/16809","targetHints":{"allow":["GET"]}}],"collection":[{"href":"http:\/\/www.tvturk.com\/index.php\/wp-json\/wp\/v2\/posts"}],"about":[{"href":"http:\/\/www.tvturk.com\/index.php\/wp-json\/wp\/v2\/types\/post"}],"author":[{"embeddable":true,"href":"http:\/\/www.tvturk.com\/index.php\/wp-json\/wp\/v2\/users\/1"}],"replies":[{"embeddable":true,"href":"http:\/\/www.tvturk.com\/index.php\/wp-json\/wp\/v2\/comments?post=16809"}],"version-history":[{"count":1,"href":"http:\/\/www.tvturk.com\/index.php\/wp-json\/wp\/v2\/posts\/16809\/revisions"}],"predecessor-version":[{"id":16814,"href":"http:\/\/www.tvturk.com\/index.php\/wp-json\/wp\/v2\/posts\/16809\/revisions\/16814"}],"wp:featuredmedia":[{"embeddable":true,"href":"http:\/\/www.tvturk.com\/index.php\/wp-json\/wp\/v2\/media\/16810"}],"wp:attachment":[{"href":"http:\/\/www.tvturk.com\/index.php\/wp-json\/wp\/v2\/media?parent=16809"}],"wp:term":[{"taxonomy":"category","embeddable":true,"href":"http:\/\/www.tvturk.com\/index.php\/wp-json\/wp\/v2\/categories?post=16809"},{"taxonomy":"post_tag","embeddable":true,"href":"http:\/\/www.tvturk.com\/index.php\/wp-json\/wp\/v2\/tags?post=16809"}],"curies":[{"name":"wp","href":"https:\/\/api.w.org\/{rel}","templated":true}]}}