{"id":168096,"date":"2019-06-11T20:21:11","date_gmt":"2019-06-11T17:21:11","guid":{"rendered":"http:\/\/www.tvturk.com\/index.php\/almanyada-etkili-olan-firtina-hayati-felc-etti\/"},"modified":"2019-06-11T20:21:11","modified_gmt":"2019-06-11T17:21:11","slug":"almanyada-etkili-olan-firtina-hayati-felc-etti","status":"publish","type":"post","link":"http:\/\/www.tvturk.com\/index.php\/almanyada-etkili-olan-firtina-hayati-felc-etti\/","title":{"rendered":"Almanya\u2019da etkili olan f\u0131rt\u0131na hayat\u0131 fel\u00e7 etti"},"content":{"rendered":"<p>Almanya\u2019n\u0131n g\u00fcneyini ve bat\u0131s\u0131n\u0131 etkisi alt\u0131na alan \u015fiddetli ya\u011f\u0131\u015flar ve f\u0131rt\u0131na g\u00fcnl\u00fck hayat\u0131 olumsuz etkilemeye devam ederken M\u00fcnih kentinde ya\u011fan dolu maddi hasara yol a\u00e7t\u0131.<\/p>\n<p>Almanya genelinde etkisini gittik\u00e7e artt\u0131ran \u015fiddetli f\u0131rt\u0131na hayat\u0131 olumsuz y\u00f6nde etkilemeye devam ediyor. \u00d6zellikle Almanya\u2019n\u0131n g\u00fcneyini ve bat\u0131s\u0131n\u0131 etkisi alt\u0131na alan olumsuz hava ko\u015fullar\u0131, bir\u00e7ok hasara sebep oldu. M\u00fcnih kentinde b\u00fcy\u00fckl\u00fc\u011f\u00fc 4 santimetreye ula\u015fan dolu taneleri maddi hasara sebep oldu. Sa\u011fanak ya\u011f\u0131\u015fla birlikte ya\u011fan dolu taneleri, evlerin \u00e7at\u0131lar\u0131nda, sokaklardaki ara\u00e7larda, bah\u00e7elerde maddi hasar olu\u015fturdu. M\u00fcnih \u0130tfaiyesi ise yapt\u0131\u011f\u0131 a\u00e7\u0131klamada 700 de\u011fi\u015fik noktaya 630 g\u00f6revli taraf\u0131ndan m\u00fcdahale edildi\u011fini belirtti.<\/p>\n<p>Merkezi Offenbach kentinde bulunan Alman Meteoroloji Servisi de yapt\u0131\u011f\u0131 a\u00e7\u0131klamada k\u00f6t\u00fc hava ko\u015fullar\u0131n\u0131n bu gece ve yar\u0131n Almanya\u2019n\u0131n do\u011fu ve g\u00fcneydo\u011fu kesiminde devam edece\u011fini, \u00c7ar\u015famba g\u00fcn\u00fcnden sonra f\u0131rt\u0131na olas\u0131l\u0131\u011f\u0131n\u0131n d\u00fc\u015f\u00fck oldu\u011funu bildirdi.<\/p>\n","protected":false},"excerpt":{"rendered":"<p>ALMANYA&#8217;NIN G\u00dcNEY\u0130N\u0130 VE BATISINI ETK\u0130S\u0130 ALTINA ALAN \u015e\u0130DDETL\u0130 YA\u011eI\u015eLAR VE FIRTINA G\u00dcNL\u00dcK HAYATI OLUMSUZ ETK\u0130LEMEYE DEVAM EDERKEN M\u00dcN\u0130H KENT\u0130NDE YA\u011eAN DOLU MADD\u0130 HASARA YOL A\u00c7TI.<\/p>\n","protected":false},"author":1,"featured_media":168097,"comment_status":"closed","ping_status":"open","sticky":false,"template":"","format":"standard","meta":{"jetpack_post_was_ever_published":false,"_jetpack_newsletter_access":"","_jetpack_dont_email_post_to_subs":false,"_jetpack_newsletter_tier_id":0,"_jetpack_memberships_contains_paywalled_content":false,"_jetpack_memberships_contains_paid_content":false,"footnotes":"","jetpack_publicize_message":"","jetpack_publicize_feature_enabled":true,"jetpack_social_post_already_shared":true,"jetpack_social_options":{"image_generator_settings":{"template":"highway","default_image_id":0,"font":"","enabled":false},"version":2}},"categories":[10],"tags":[6637,3102,207,10401,972,991,572],"class_list":["post-168096","post","type-post","status-publish","format-standard","has-post-thumbnail","hentry","category-dunya","tag-almanyada","tag-etkili","tag-etti","tag-felc","tag-firtina","tag-hayati","tag-olan"],"jetpack_publicize_connections":[],"jetpack_featured_media_url":"https:\/\/i0.wp.com\/www.tvturk.com\/wp-content\/uploads\/2019\/06\/almanyada-etkili-olan-firtina-hayati-felc-etti_7d5ff90.jpg?fit=1000%2C750","jetpack_sharing_enabled":true,"jetpack_shortlink":"https:\/\/wp.me\/paKIfm-HJe","_links":{"self":[{"href":"http:\/\/www.tvturk.com\/index.php\/wp-json\/wp\/v2\/posts\/168096","targetHints":{"allow":["GET"]}}],"collection":[{"href":"http:\/\/www.tvturk.com\/index.php\/wp-json\/wp\/v2\/posts"}],"about":[{"href":"http:\/\/www.tvturk.com\/index.php\/wp-json\/wp\/v2\/types\/post"}],"author":[{"embeddable":true,"href":"http:\/\/www.tvturk.com\/index.php\/wp-json\/wp\/v2\/users\/1"}],"replies":[{"embeddable":true,"href":"http:\/\/www.tvturk.com\/index.php\/wp-json\/wp\/v2\/comments?post=168096"}],"version-history":[{"count":0,"href":"http:\/\/www.tvturk.com\/index.php\/wp-json\/wp\/v2\/posts\/168096\/revisions"}],"wp:featuredmedia":[{"embeddable":true,"href":"http:\/\/www.tvturk.com\/index.php\/wp-json\/wp\/v2\/media\/168097"}],"wp:attachment":[{"href":"http:\/\/www.tvturk.com\/index.php\/wp-json\/wp\/v2\/media?parent=168096"}],"wp:term":[{"taxonomy":"category","embeddable":true,"href":"http:\/\/www.tvturk.com\/index.php\/wp-json\/wp\/v2\/categories?post=168096"},{"taxonomy":"post_tag","embeddable":true,"href":"http:\/\/www.tvturk.com\/index.php\/wp-json\/wp\/v2\/tags?post=168096"}],"curies":[{"name":"wp","href":"https:\/\/api.w.org\/{rel}","templated":true}]}}