{"id":168112,"date":"2019-06-11T21:30:18","date_gmt":"2019-06-11T18:30:18","guid":{"rendered":"http:\/\/www.tvturk.com\/index.php\/nevsehirde-saganak-yagis-hayati-felc-etti\/"},"modified":"2019-06-11T21:30:18","modified_gmt":"2019-06-11T18:30:18","slug":"nevsehirde-saganak-yagis-hayati-felc-etti","status":"publish","type":"post","link":"http:\/\/www.tvturk.com\/index.php\/nevsehirde-saganak-yagis-hayati-felc-etti\/","title":{"rendered":"Nev\u015fehir\u2019de sa\u011fanak ya\u011f\u0131\u015f hayat\u0131 fel\u00e7 etti"},"content":{"rendered":"<p>Nev\u015fehir\u2019de ak\u015fam saatlerinde ba\u015flayan sa\u011fanak ya\u011f\u0131\u015f hayat\u0131 fel\u00e7 etti.<\/p>\n<p>Nev\u015fehir\u2019de bu ak\u015fam saatlerinde ya\u011fan ya\u011fmur sele neden olurken trafik adeta durma noktas\u0131na geldi. Nev\u015fehir\u2019de aniden bast\u0131ran ya\u011f\u0131\u015f sonras\u0131nda yollar adeta g\u00f6le d\u00f6nerken ara\u00e7 s\u00fcr\u00fcc\u00fcleri trafikte zor anlar ya\u015fad\u0131. Ya\u011fan ya\u011fmur sonras\u0131nda baz\u0131 yollarda \u00e7\u00f6kmelerin meydana geldi\u011fi g\u00f6r\u00fcl\u00fcrken Yeni Sanayi b\u00f6lgesinde ise baz\u0131 ev ve i\u015f yerlerini su bast\u0131. Nev\u015fehir Belediyesi ekipleri taraf\u0131ndan su basan ev ve i\u015f yerlerinde temizlik \u00e7al\u0131\u015fmalar\u0131 yapt\u0131.<\/p>\n<p>\u0130\u015f yerini su basan esnaflar ise zararlar\u0131n\u0131n oldu\u011funu ifade ederken f\u0131r\u0131n i\u015fletmesi Salih Y\u0131ld\u0131z yapt\u0131\u011f\u0131 a\u00e7\u0131klamada i\u015f yerinde bulunan masalar\u0131n zarar g\u00f6rd\u00fc\u011f\u00fcn\u00fc s\u00f6yledi. Y\u0131ld\u0131z, \u201c \u0130\u015f yerimizde iki dolab\u0131m\u0131z vard\u0131 ikisi de mahvoldu. Masa ve sandalyelerim gitti. Ben bu i\u015f yerini kredi \u00e7ekerek a\u00e7t\u0131m. \u015eimdi ben ne yapaca\u011f\u0131m. Belediye i\u015f\u00e7ileri ge\u00e7 geldi. Erken gelmi\u015f olsalard\u0131 bu zarar\u0131 g\u00f6rmezdim\u201d dedi.<\/p>\n","protected":false},"excerpt":{"rendered":"<p>NEV\u015eEH\u0130R\u2019DE AK\u015eAM SAATLER\u0130NDE BA\u015eLAYAN SA\u011eANAK YA\u011eI\u015e HAYATI FEL\u00c7 ETT\u0130.<\/p>\n","protected":false},"author":1,"featured_media":168113,"comment_status":"closed","ping_status":"open","sticky":false,"template":"","format":"standard","meta":{"jetpack_post_was_ever_published":false,"_jetpack_newsletter_access":"","_jetpack_dont_email_post_to_subs":false,"_jetpack_newsletter_tier_id":0,"_jetpack_memberships_contains_paywalled_content":false,"_jetpack_memberships_contains_paid_content":false,"footnotes":"","jetpack_publicize_message":"","jetpack_publicize_feature_enabled":true,"jetpack_social_post_already_shared":true,"jetpack_social_options":{"image_generator_settings":{"template":"highway","default_image_id":0,"font":"","enabled":false},"version":2}},"categories":[1],"tags":[207,10401,991,1651,4463,1577],"class_list":["post-168112","post","type-post","status-publish","format-standard","has-post-thumbnail","hentry","category-genel","tag-etti","tag-felc","tag-hayati","tag-nevsehirde","tag-saganak","tag-yagis"],"jetpack_publicize_connections":[],"jetpack_featured_media_url":"https:\/\/i0.wp.com\/www.tvturk.com\/wp-content\/uploads\/2019\/06\/nevsehirde-saganak-yagis-hayati-felc-etti_807d0d9.jpg?fit=1000%2C666","jetpack_sharing_enabled":true,"jetpack_shortlink":"https:\/\/wp.me\/paKIfm-HJu","_links":{"self":[{"href":"http:\/\/www.tvturk.com\/index.php\/wp-json\/wp\/v2\/posts\/168112","targetHints":{"allow":["GET"]}}],"collection":[{"href":"http:\/\/www.tvturk.com\/index.php\/wp-json\/wp\/v2\/posts"}],"about":[{"href":"http:\/\/www.tvturk.com\/index.php\/wp-json\/wp\/v2\/types\/post"}],"author":[{"embeddable":true,"href":"http:\/\/www.tvturk.com\/index.php\/wp-json\/wp\/v2\/users\/1"}],"replies":[{"embeddable":true,"href":"http:\/\/www.tvturk.com\/index.php\/wp-json\/wp\/v2\/comments?post=168112"}],"version-history":[{"count":0,"href":"http:\/\/www.tvturk.com\/index.php\/wp-json\/wp\/v2\/posts\/168112\/revisions"}],"wp:featuredmedia":[{"embeddable":true,"href":"http:\/\/www.tvturk.com\/index.php\/wp-json\/wp\/v2\/media\/168113"}],"wp:attachment":[{"href":"http:\/\/www.tvturk.com\/index.php\/wp-json\/wp\/v2\/media?parent=168112"}],"wp:term":[{"taxonomy":"category","embeddable":true,"href":"http:\/\/www.tvturk.com\/index.php\/wp-json\/wp\/v2\/categories?post=168112"},{"taxonomy":"post_tag","embeddable":true,"href":"http:\/\/www.tvturk.com\/index.php\/wp-json\/wp\/v2\/tags?post=168112"}],"curies":[{"name":"wp","href":"https:\/\/api.w.org\/{rel}","templated":true}]}}