{"id":168122,"date":"2019-06-11T22:02:45","date_gmt":"2019-06-11T19:02:45","guid":{"rendered":"http:\/\/www.tvturk.com\/index.php\/100-yilinda-19-mayis-ve-milli-mucadele-sempozyumu-basladi\/"},"modified":"2019-06-11T22:02:45","modified_gmt":"2019-06-11T19:02:45","slug":"100-yilinda-19-mayis-ve-milli-mucadele-sempozyumu-basladi","status":"publish","type":"post","link":"http:\/\/www.tvturk.com\/index.php\/100-yilinda-19-mayis-ve-milli-mucadele-sempozyumu-basladi\/","title":{"rendered":"\u201c100. Y\u0131l\u0131nda 19 May\u0131s ve Milli M\u00fccadele Sempozyumu\u201d ba\u015flad\u0131"},"content":{"rendered":"<p>Atat\u00fcrk K\u00fclt\u00fcr, Dil ve Tarih Y\u00fcksek Kurumu b\u00fcnyesindeki T\u00fcrk Tarih Kurumu (TTK)  ve Ondokuz May\u0131s \u00dcniversitesi (OM\u00dc) i\u015f birli\u011fiyle d\u00fczenlenen \u201c100. Y\u0131l\u0131nda 19 May\u0131s ve Mill\u00ee M\u00fccadele Uluslararas\u0131 Sempozyumu\u201d t\u00f6renle ba\u015flad\u0131.<\/p>\n<p>TTK  ve OM\u00dc i\u015f birli\u011fiyle d\u00fczenlenen \u201c100. Y\u0131l\u0131nda 19 May\u0131s ve Mill\u00ee M\u00fccadele Uluslararas\u0131 Sempozyumu\u201d OM\u00dc Atat\u00fcrk Kongre ve K\u00fclt\u00fcr Merkezinde d\u00fczenlenen t\u00f6renle ba\u015flad\u0131. Samsun Valisi Osman Kaymak, K\u00fclt\u00fcr ve Turizm Bakan Yard\u0131mc\u0131s\u0131 Prof. Dr. Haluk Dursun, T\u00fcrk Tarih Kurumu Ba\u015fkan\u0131 Prof. Dr. Refik Turan, OM\u00dc Rekt\u00f6r\u00fc Prof. Dr. Sait Bilgi\u00e7 ve OM\u00dc Atat\u00fcrk \u0130lkeleri ve \u0130nk\u0131lap Tarihi Ara\u015ft\u0131rma ve Uygulamalar\u0131 Merkezi M\u00fcd\u00fcr\u00fc Prof. Dr. Kaya Tuncer \u00c7a\u011flayan taraf\u0131ndan yap\u0131lan a\u00e7\u0131\u015f konu\u015fmalar\u0131nda 19 May\u0131s\u2019\u0131n T\u00fcrk ve d\u00fcnya tarihi a\u00e7\u0131s\u0131ndan \u00f6nemi vurguland\u0131.<\/p>\n<p>K\u00fclt\u00fcr ve Turizm Bakan Yard\u0131mc\u0131s\u0131 Ahmet Haluk Dursun kat\u0131l\u0131mc\u0131lara hitab\u0131nda tarihin sahada \u00f6\u011frenilmesi gerekti\u011fini vurgulad\u0131. \u201cTarih\u00e7inin sahada olmas\u0131, tarihsel \u00f6neme sahip mekanlar\u0131 g\u00f6rmesi, o ruhu ya\u015famas\u0131 \u00f6nemlidir\u201d diyen Prof. Dr. Dursun, Bakanl\u0131\u011f\u0131n bu anlay\u0131\u015f do\u011frultusunda gen\u00e7lere hitap edecek etkinliklerle Milli M\u00fccadele\u2019yi yerinde anlatmaya \u00f6zen g\u00f6sterdi\u011fini dile getirdi.<\/p>\n<p>Samsun Valisi Osman Kaymak ise, Samsun\u2019un T\u00fcrk milletinin kurtulu\u015f ve T\u00fcrkiye Cumhuriyeti\u2019nin kurulu\u015funda ta\u015f\u0131d\u0131\u011f\u0131 \u00f6neme dikkat \u00e7ekti. 19 May\u0131s\u2019\u0131n T\u00fcrk milleti i\u00e7in iftihar kayna\u011f\u0131 oldu\u011funu belirten Kaymak, Atat\u00fcrk\u2019\u00fcn Milli M\u00fccadele\u2019yi ba\u015flatmas\u0131nda Samsun\u2019da g\u00f6rd\u00fc\u011f\u00fc vatanseverlik ve kararl\u0131l\u0131\u011f\u0131n etkili oldu\u011funu ifade etti.<\/p>\n<p>T\u00fcrk Tarih Kurumu Ba\u015fkan\u0131 Prof. Dr. Refik Turan Milli M\u00fccadele\u2019nin Anadolu\u2019nun belli bir b\u00f6lgesine hapsedilmek istenen T\u00fcrk milletinin bu planlara kar\u015f\u0131 geli\u015fi, ba\u015fkald\u0131r\u0131s\u0131 oldu\u011funu dile getirdi. 1918 y\u0131l\u0131n\u0131 T\u00fcrk milleti i\u00e7in \u201ckara k\u0131\u015f\u0131n ba\u015flang\u0131c\u0131\u201d olarak ifade eden Prof. Dr. Turan, bu s\u00fcre\u00e7te i\u015fgal g\u00fc\u00e7lerini ayakta alk\u0131\u015flayan Ermeni ve Rum halklar\u0131n\u0131n iyi s\u0131nav veremediklerinin alt\u0131n\u0131 \u00e7izdi. \u201c\u0130stiklal, milletin \u015ferefiyle, izzetiyle, nefsiyle, haysiyetiyle d\u00fc\u015fmeden y\u00fckselerek ya\u015famas\u0131d\u0131r. T\u00fcrk \u0130stiklal Sava\u015f\u0131 da bunun numunelerinden biridir. D\u00fcnya \u00e7ap\u0131nda y\u00fckselen bir de\u011ferdir.\u201d diyen Prof. Dr. Turan, Milli M\u00fccadele\u2019nin \u201cZ\u00fcmr\u00fcd\u00fc Anka Efsanesi\u201d, Samsun\u2019un da  Z\u00fcmr\u00fcd\u00fc Anka\u2019n\u0131n do\u011fu\u015f yeri oldu\u011funu s\u00f6zlerine ekledi.<\/p>\n<p>OM\u00dc Rekt\u00f6r\u00fc Prof. Dr. Sait Bilgi\u00e7 ise Milli M\u00fccadele\u2019nin 100. y\u0131l\u0131nda anlaml\u0131 bir etkinli\u011fe ev sahipli\u011fi yapmaktan duyduklar\u0131 memnuniyeti dile getirdi. Prof. Dr. Bilgi\u00e7,  \u201cD\u00fcnyaya bir milletin esareti kabul etmeyece\u011fini ilan eden Milli M\u00fccadele kahramanlar\u0131na duydu\u011fumuz minnet ebediyen devam edecektir.\u201d dedi<\/p>\n<p>Yurt i\u00e7inden ve yurt d\u0131\u015f\u0131ndan 170\u2019i a\u015fk\u0131n bilim insan\u0131n\u0131n kat\u0131l\u0131m\u0131yla ger\u00e7ekle\u015fmekte olan sempozyumda 3 g\u00fcn boyunca Atat\u00fcrk\u2019\u00fcn Samsun\u2019a \u00e7\u0131k\u0131\u015f\u0131ndan kongrelere, cephelerde kazan\u0131lan zaferlerden bar\u0131\u015f g\u00f6r\u00fc\u015fmelerine kadar T\u00fcrk istikl\u00e2l m\u00fccadelesinin d\u00f6n\u00fcm noktalar\u0131 ele al\u0131nacak.<\/p>\n","protected":false},"excerpt":{"rendered":"<p>ATAT\u00dcRK K\u00dcLT\u00dcR, D\u0130L VE TAR\u0130H Y\u00dcKSEK KURUMU B\u00dcNYES\u0130NDEK\u0130 T\u00dcRK TAR\u0130H KURUMU (TTK)  VE ONDOKUZ MAYIS \u00dcN\u0130VERS\u0130TES\u0130 (OM\u00dc) \u0130\u015e B\u0130RL\u0130\u011e\u0130YLE D\u00dcZENLENEN \u201c100. YILINDA 19 MAYIS VE M\u0130LL\u00ce M\u00dcCADELE ULUSLARARASI SEMPOZYUMU\u201d T\u00d6RENLE BA\u015eLADI.<\/p>\n","protected":false},"author":1,"featured_media":168123,"comment_status":"closed","ping_status":"open","sticky":false,"template":"","format":"standard","meta":{"jetpack_post_was_ever_published":false,"_jetpack_newsletter_access":"","_jetpack_dont_email_post_to_subs":false,"_jetpack_newsletter_tier_id":0,"_jetpack_memberships_contains_paywalled_content":false,"_jetpack_memberships_contains_paid_content":false,"footnotes":"","jetpack_publicize_message":"","jetpack_publicize_feature_enabled":true,"jetpack_social_post_already_shared":true,"jetpack_social_options":{"image_generator_settings":{"template":"highway","default_image_id":0,"font":"","enabled":false},"version":2}},"categories":[656],"tags":[2127,55,2125,429,888,4841,6266],"class_list":["post-168122","post","type-post","status-publish","format-standard","has-post-thumbnail","hentry","category-kultur-sanat","tag-2127","tag-basladi","tag-mayis","tag-milli","tag-mucadele","tag-sempozyumu","tag-yilinda"],"jetpack_publicize_connections":[],"jetpack_featured_media_url":"https:\/\/i0.wp.com\/www.tvturk.com\/wp-content\/uploads\/2019\/06\/100-yilinda-19-mayis-ve-milli-mucadele-sempozyumu-basladi_b1fa285.jpg?fit=1000%2C750","jetpack_sharing_enabled":true,"jetpack_shortlink":"https:\/\/wp.me\/paKIfm-HJE","_links":{"self":[{"href":"http:\/\/www.tvturk.com\/index.php\/wp-json\/wp\/v2\/posts\/168122","targetHints":{"allow":["GET"]}}],"collection":[{"href":"http:\/\/www.tvturk.com\/index.php\/wp-json\/wp\/v2\/posts"}],"about":[{"href":"http:\/\/www.tvturk.com\/index.php\/wp-json\/wp\/v2\/types\/post"}],"author":[{"embeddable":true,"href":"http:\/\/www.tvturk.com\/index.php\/wp-json\/wp\/v2\/users\/1"}],"replies":[{"embeddable":true,"href":"http:\/\/www.tvturk.com\/index.php\/wp-json\/wp\/v2\/comments?post=168122"}],"version-history":[{"count":0,"href":"http:\/\/www.tvturk.com\/index.php\/wp-json\/wp\/v2\/posts\/168122\/revisions"}],"wp:featuredmedia":[{"embeddable":true,"href":"http:\/\/www.tvturk.com\/index.php\/wp-json\/wp\/v2\/media\/168123"}],"wp:attachment":[{"href":"http:\/\/www.tvturk.com\/index.php\/wp-json\/wp\/v2\/media?parent=168122"}],"wp:term":[{"taxonomy":"category","embeddable":true,"href":"http:\/\/www.tvturk.com\/index.php\/wp-json\/wp\/v2\/categories?post=168122"},{"taxonomy":"post_tag","embeddable":true,"href":"http:\/\/www.tvturk.com\/index.php\/wp-json\/wp\/v2\/tags?post=168122"}],"curies":[{"name":"wp","href":"https:\/\/api.w.org\/{rel}","templated":true}]}}