{"id":168124,"date":"2019-06-11T22:05:24","date_gmt":"2019-06-11T19:05:24","guid":{"rendered":"http:\/\/www.tvturk.com\/index.php\/binali-yildirima-bahcelievlerde-sali-pazarinda-yogun-ilgi\/"},"modified":"2019-06-11T22:05:24","modified_gmt":"2019-06-11T19:05:24","slug":"binali-yildirima-bahcelievlerde-sali-pazarinda-yogun-ilgi","status":"publish","type":"post","link":"http:\/\/www.tvturk.com\/index.php\/binali-yildirima-bahcelievlerde-sali-pazarinda-yogun-ilgi\/","title":{"rendered":"Binali Y\u0131ld\u0131r\u0131m\u2019a Bah\u00e7elievler\u2019de sal\u0131 pazar\u0131nda yo\u011fun ilgi"},"content":{"rendered":"<p>Bah\u00e7elievler\u2019de sal\u0131 pazar\u0131n\u0131 gezen AK Parti \u0130stanbul B\u00fcy\u00fck\u015fehir Belediye Ba\u015fkan Aday\u0131 Binali Y\u0131ld\u0131r\u0131m\u2019a vatanda\u015flar yo\u011fun ilgi g\u00f6sterdi. Foto\u011fraf \u00e7ektirmek isteyen vatanda\u015flar adeta birbiriyle yar\u0131\u015f\u0131rken Binali Y\u0131ld\u0131r\u0131m, y\u00fcr\u00fcmekte g\u00fc\u00e7l\u00fck \u00e7ekti.<\/p>\n<p>23 Haziran se\u00e7imleri kapsam\u0131nda \u00e7al\u0131\u015fmalar\u0131n\u0131 s\u00fcrd\u00fcren AK Parti \u0130stanbul B\u00fcy\u00fck\u015fehir Belediye Ba\u015fkan Aday\u0131 Binali Y\u0131ld\u0131r\u0131m, g\u00fcn i\u00e7erisinde birden fazla il\u00e7eyi gezerek vatanda\u015flarla bir araya geldi. Binali Y\u0131ld\u0131r\u0131m, se\u00e7im turu kapsam\u0131nda geldi\u011fi Bah\u00e7elievler\u2019de Sal\u0131 Pazar\u0131na girerek esnaf ve vatanda\u015flarla sohbet etti.  Sal\u0131 Pazar\u0131 giri\u015fine gelen Binali Y\u0131ld\u0131r\u0131m\u2019\u0131 vatanda\u015flar \u2018\u0130stanbul\u2019un ba\u015fkan\u0131 Binali ba\u015fkan\u2019 sloganlar\u0131yla kar\u015f\u0131lad\u0131. Ba\u015fkan aday\u0131n\u0131 kar\u015f\u0131s\u0131nda g\u00f6ren vatanda\u015flar yo\u011fun ilgi g\u00f6sterirken,  Binali Y\u0131ld\u0131r\u0131m y\u00fcr\u00fcmekte g\u00fc\u00e7l\u00fck \u00e7ekti. Pazarda esnafla sohbet eden Binali Y\u0131ld\u0131r\u0131m evi i\u00e7in al\u0131\u015fveri\u015f yapt\u0131.<\/p>\n","protected":false},"excerpt":{"rendered":"<p>BAH\u00c7EL\u0130EVLER\u2019DE SALI PAZARINI GEZEN AK PART\u0130 \u0130STANBUL B\u00dcY\u00dcK\u015eEH\u0130R BELED\u0130YE BA\u015eKAN ADAYI B\u0130NAL\u0130 YILDIRIM\u2019A VATANDA\u015eLAR YO\u011eUN \u0130LG\u0130 G\u00d6STERD\u0130. FOTO\u011eRAF \u00c7EKT\u0130RMEK \u0130STEYEN VATANDA\u015eLAR ADETA B\u0130RB\u0130R\u0130YLE YARI\u015eIRKEN B\u0130NAL\u0130 YILDIRIM, Y\u00dcR\u00dcMEKTE G\u00dc\u00c7L\u00dcK \u00c7EKT\u0130.<\/p>\n","protected":false},"author":1,"featured_media":168125,"comment_status":"closed","ping_status":"open","sticky":false,"template":"","format":"standard","meta":{"jetpack_post_was_ever_published":false,"_jetpack_newsletter_access":"","_jetpack_dont_email_post_to_subs":false,"_jetpack_newsletter_tier_id":0,"_jetpack_memberships_contains_paywalled_content":false,"_jetpack_memberships_contains_paid_content":false,"footnotes":"","jetpack_publicize_message":"","jetpack_publicize_feature_enabled":true,"jetpack_social_post_already_shared":true,"jetpack_social_options":{"image_generator_settings":{"template":"highway","default_image_id":0,"font":"","enabled":false},"version":2}},"categories":[1],"tags":[8772,3333,1726,5968,447,9846,2640],"class_list":["post-168124","post","type-post","status-publish","format-standard","has-post-thumbnail","hentry","category-genel","tag-bahcelievlerde","tag-binali","tag-ilgi","tag-pazarinda","tag-sali","tag-yildirima","tag-yogun"],"jetpack_publicize_connections":[],"jetpack_featured_media_url":"https:\/\/i0.wp.com\/www.tvturk.com\/wp-content\/uploads\/2019\/06\/binali-yildirima-bahcelievlerde-sali-pazarinda-yogun-ilgi_59e8386.jpg?fit=1000%2C750","jetpack_sharing_enabled":true,"jetpack_shortlink":"https:\/\/wp.me\/paKIfm-HJG","_links":{"self":[{"href":"http:\/\/www.tvturk.com\/index.php\/wp-json\/wp\/v2\/posts\/168124","targetHints":{"allow":["GET"]}}],"collection":[{"href":"http:\/\/www.tvturk.com\/index.php\/wp-json\/wp\/v2\/posts"}],"about":[{"href":"http:\/\/www.tvturk.com\/index.php\/wp-json\/wp\/v2\/types\/post"}],"author":[{"embeddable":true,"href":"http:\/\/www.tvturk.com\/index.php\/wp-json\/wp\/v2\/users\/1"}],"replies":[{"embeddable":true,"href":"http:\/\/www.tvturk.com\/index.php\/wp-json\/wp\/v2\/comments?post=168124"}],"version-history":[{"count":0,"href":"http:\/\/www.tvturk.com\/index.php\/wp-json\/wp\/v2\/posts\/168124\/revisions"}],"wp:featuredmedia":[{"embeddable":true,"href":"http:\/\/www.tvturk.com\/index.php\/wp-json\/wp\/v2\/media\/168125"}],"wp:attachment":[{"href":"http:\/\/www.tvturk.com\/index.php\/wp-json\/wp\/v2\/media?parent=168124"}],"wp:term":[{"taxonomy":"category","embeddable":true,"href":"http:\/\/www.tvturk.com\/index.php\/wp-json\/wp\/v2\/categories?post=168124"},{"taxonomy":"post_tag","embeddable":true,"href":"http:\/\/www.tvturk.com\/index.php\/wp-json\/wp\/v2\/tags?post=168124"}],"curies":[{"name":"wp","href":"https:\/\/api.w.org\/{rel}","templated":true}]}}