{"id":168142,"date":"2019-06-11T23:40:26","date_gmt":"2019-06-11T20:40:26","guid":{"rendered":"http:\/\/www.tvturk.com\/index.php\/sakem-yil-sonu-etkinlikleri-basladi\/"},"modified":"2019-06-11T23:40:26","modified_gmt":"2019-06-11T20:40:26","slug":"sakem-yil-sonu-etkinlikleri-basladi","status":"publish","type":"post","link":"http:\/\/www.tvturk.com\/index.php\/sakem-yil-sonu-etkinlikleri-basladi\/","title":{"rendered":"SAKEM y\u0131l sonu etkinlikleri ba\u015flad\u0131"},"content":{"rendered":"<p>Safranbolu K\u00fclt\u00fcr ve E\u011fitim Merkezi y\u0131l sonu sergi ve \u015fenlikleri kortej y\u00fcr\u00fcy\u00fc\u015f\u00fc ile start ald\u0131.<\/p>\n<p>Safranbolu Belediye taraf\u0131ndan 11 &#8211; 18 Haziran tarihleri aras\u0131nda ger\u00e7ekle\u015ftirilecek olan ve \u2018Kendini Ke\u015ffet\u2019 ba\u015fl\u0131\u011f\u0131 alt\u0131nda yap\u0131lacak olan etkinlikler kortej y\u00fcr\u00fcy\u00fc\u015f\u00fc ile ba\u015flad\u0131. K\u00f6yi\u00e7i Mevkiinden Aslanlar\u2019a kadar yap\u0131lan y\u00fcr\u00fcy\u00fc\u015f\u00fcn ard\u0131ndan SAKEM sergi a\u00e7\u0131l\u0131\u015f\u0131 ger\u00e7ekle\u015ftirildi.<\/p>\n<p>A\u00e7\u0131l\u0131\u015f \u00f6ncesi konu\u015fan Safranbolu Belediye Ba\u015fkan\u0131 Elif K\u00f6se, vatanda\u015flar\u0131n sanat\u0131n her dal\u0131ndaki her t\u00fcrl\u00fc etkinli\u011fi bulabilece\u011fi sergi oldu\u011funu belirterek, \u201c\u00c7ok b\u00fcy\u00fck emek var. Hocalar\u0131m\u0131za, koordinat\u00f6r\u00fcm\u00fcze te\u015fekk\u00fcr ediyoruz. G\u00fcnlerdir neredeyse uykusuz kalacak kadar emek vererek olu\u015fturdular bu etkinlikleri. SAKEM Safranbolu\u2019daki ve civar il\u00e7elerdeki kad\u0131nlar\u0131m\u0131z i\u00e7in asl\u0131nda sadece kurs olmaktan ziyade onlar\u0131n sosyalle\u015ftikleri, ayn\u0131 zamanda \u00fcretime de katk\u0131da bulunduklar\u0131 kurum olmu\u015f. Ciddi bir vizyonu var SAKEM\u2019in art\u0131k. Burada \u00fcretime katk\u0131da bulunacak kad\u0131nlar\u0131n kooperatifle\u015ferek evlerine maddi anlamda daha fazla katk\u0131da bulunmalar\u0131 i\u00e7in destek olmak zorunday\u0131z\u201d dedi.<\/p>\n<p>Konu\u015fman\u0131n ard\u0131ndan Ba\u015fkan K\u00f6se ve a\u00e7\u0131l\u0131\u015fa kat\u0131lanlar tek tek sergileri gezdi. Halk E\u011fitim \u00f6\u011fretmenleri taraf\u0131ndan verilen kurslarda el emeklerini sergileyen kursiyerlerin birbirinden g\u00fczel eserleri programa gelenler taraf\u0131ndan b\u00fcy\u00fck be\u011feni toplad\u0131.<\/p>\n","protected":false},"excerpt":{"rendered":"<p>BA\u015eKAN K\u00d6SE VE A\u00c7ILI\u015eA KATILANLAR TEK TEK SERG\u0130LER\u0130 GEZD\u0130. ETK\u0130NL\u0130K KAPSAMINDA SAKEM \u00c7OCUK KOROSU KONSER\u0130 \u0130LE OK\u00c7ULUK G\u00d6STER\u0130S\u0130 YER ALDI.<\/p>\n","protected":false},"author":1,"featured_media":168143,"comment_status":"closed","ping_status":"open","sticky":false,"template":"","format":"standard","meta":{"jetpack_post_was_ever_published":false,"_jetpack_newsletter_access":"","_jetpack_dont_email_post_to_subs":false,"_jetpack_newsletter_tier_id":0,"_jetpack_memberships_contains_paywalled_content":false,"_jetpack_memberships_contains_paid_content":false,"footnotes":"","jetpack_publicize_message":"","jetpack_publicize_feature_enabled":true,"jetpack_social_post_already_shared":true,"jetpack_social_options":{"image_generator_settings":{"template":"highway","default_image_id":0,"font":"","enabled":false},"version":2}},"categories":[1],"tags":[55,2129,40298,3535,231],"class_list":["post-168142","post","type-post","status-publish","format-standard","has-post-thumbnail","hentry","category-genel","tag-basladi","tag-etkinlikleri","tag-sakem","tag-sonu","tag-yil"],"jetpack_publicize_connections":[],"jetpack_featured_media_url":"https:\/\/i0.wp.com\/www.tvturk.com\/wp-content\/uploads\/2019\/06\/sakem-yil-sonu-etkinlikleri-basladi_e83da57.jpg?fit=1000%2C666","jetpack_sharing_enabled":true,"jetpack_shortlink":"https:\/\/wp.me\/paKIfm-HJY","_links":{"self":[{"href":"http:\/\/www.tvturk.com\/index.php\/wp-json\/wp\/v2\/posts\/168142","targetHints":{"allow":["GET"]}}],"collection":[{"href":"http:\/\/www.tvturk.com\/index.php\/wp-json\/wp\/v2\/posts"}],"about":[{"href":"http:\/\/www.tvturk.com\/index.php\/wp-json\/wp\/v2\/types\/post"}],"author":[{"embeddable":true,"href":"http:\/\/www.tvturk.com\/index.php\/wp-json\/wp\/v2\/users\/1"}],"replies":[{"embeddable":true,"href":"http:\/\/www.tvturk.com\/index.php\/wp-json\/wp\/v2\/comments?post=168142"}],"version-history":[{"count":0,"href":"http:\/\/www.tvturk.com\/index.php\/wp-json\/wp\/v2\/posts\/168142\/revisions"}],"wp:featuredmedia":[{"embeddable":true,"href":"http:\/\/www.tvturk.com\/index.php\/wp-json\/wp\/v2\/media\/168143"}],"wp:attachment":[{"href":"http:\/\/www.tvturk.com\/index.php\/wp-json\/wp\/v2\/media?parent=168142"}],"wp:term":[{"taxonomy":"category","embeddable":true,"href":"http:\/\/www.tvturk.com\/index.php\/wp-json\/wp\/v2\/categories?post=168142"},{"taxonomy":"post_tag","embeddable":true,"href":"http:\/\/www.tvturk.com\/index.php\/wp-json\/wp\/v2\/tags?post=168142"}],"curies":[{"name":"wp","href":"https:\/\/api.w.org\/{rel}","templated":true}]}}