{"id":168158,"date":"2019-06-12T09:22:57","date_gmt":"2019-06-12T06:22:57","guid":{"rendered":"http:\/\/www.tvturk.com\/index.php\/dogunun-tuz-ihtiyaci-kemahtan\/"},"modified":"2019-06-12T09:22:57","modified_gmt":"2019-06-12T06:22:57","slug":"dogunun-tuz-ihtiyaci-kemahtan","status":"publish","type":"post","link":"http:\/\/www.tvturk.com\/index.php\/dogunun-tuz-ihtiyaci-kemahtan\/","title":{"rendered":"Do\u011fu\u2019nun tuz ihtiyac\u0131 Kemah\u2019tan"},"content":{"rendered":"<p>Erzincan\u2019\u0131n Kemah il\u00e7esine ba\u011fl\u0131 K\u00f6m\u00fcr k\u00f6y\u00fcnde 450 y\u0131ll\u0131k olan tuz oca\u011f\u0131 \u00fcretime devam ediyor. Bunalt\u0131c\u0131 s\u0131caklar 3 bin y\u0131ll\u0131k &#8220;Kemah tuzu&#8221;na bereket getirdi.<\/p>\n<p>Kemah il\u00e7esine 4 kilometre uzakl\u0131kta bulunan K\u00f6m\u00fcr k\u00f6y\u00fcnde y\u0131llarca Tuz \u0130\u015fletmeleri Genel M\u00fcd\u00fcrl\u00fc\u011f\u00fc taraf\u0131ndan i\u015fletildikten sonra \u00f6zelle\u015ftirilen tuz oca\u011f\u0131nda Do\u011fu Anadolu B\u00f6lgesi\u2019nin tuz ihtiyac\u0131 kar\u015f\u0131lan\u0131yor. Osmanl\u0131 d\u00f6neminde Ermeniler taraf\u0131ndan i\u015fletilen tuz oca\u011f\u0131nda yakla\u015f\u0131k 100 metre derinlikteki t\u00fcnelden gelen tuzlu su say\u0131lar\u0131 150\u2019yi bulan g\u00f6letlerde bekletiliyor. Su buharla\u015ft\u0131ktan sonra havuzlar i\u00e7erisinde kalan tuzlar i\u015f\u00e7iler yard\u0131m\u0131 ile toplan\u0131yor. Evliya \u00c7elebi\u2019nin Seyahatnamesi\u2019nde \u00f6vg\u00fc ile bahsetti\u011fi tuz oca\u011f\u0131n\u0131n ge\u00e7mi\u015fi 450 y\u0131l \u00f6ncesine dayan\u0131yor. Yakla\u015f\u0131k 250 bin metrekare arazi \u00fczerine kurulu tuz oca\u011f\u0131nda, hava s\u0131cakl\u0131\u011f\u0131n\u0131n mevsim normalleri \u00fczerinde seyretmesi nedeniyle \u00fcretim de art\u0131.<\/p>\n<p>\u0130\u015f\u00e7ilerin s\u0131cak alt\u0131nda zahmetli u\u011fra\u015flar\u0131 sonucu \u00fcretilen Kemah tuzu, Do\u011fu Anadolu ve \u00e7evredeki iller ba\u015fta olmak \u00fczere \u0130stanbul, Ankara ve \u0130zmir\u2019in de yer ald\u0131\u011f\u0131 bir\u00e7ok kentte sat\u0131\u015fa sunuluyor.<\/p>\n<p>Y\u00f6rede y\u0131llard\u0131r \u00fcretildi\u011fi belirtilen ve lezzetinin yan\u0131 s\u0131ra g\u0131da \u00fcr\u00fcnlerinin raf \u00f6mr\u00fcn\u00fcn uzat\u0131lmas\u0131n\u0131 sa\u011flayan Kemah tuzu, y\u00f6rede peynirciler, yaylac\u0131lar ve salamurac\u0131lar taraf\u0131ndan tercih ediliyor.<\/p>\n<p>Kemah tuzunun b\u00f6lge ekonomisine \u00f6nemli katk\u0131da bulundu\u011funu ifade eden Metin Tanr\u0131kulu, \u015funlar\u0131 s\u00f6yledi:<\/p>\n<p>&#8220;Ge\u00e7mi\u015fte buzdolab\u0131n\u0131n olmad\u0131\u011f\u0131 d\u00f6nemlerde insanlar g\u0131dalar\u0131n\u0131 bu tuzla korurlarm\u0131\u015f. Y\u00f6re halk\u0131 kavurmay\u0131 aylarca bununla yer, peynirlerini bununla yapar, etlerini tuzla g\u00fcne\u015fin alt\u0131nda kurutarak bahara kadar 3-5 ay bu tuz sayesinde muhafaza eder. Tuz demek b\u00f6lgede hayat demek. Hava s\u0131cakl\u0131\u011f\u0131 y\u00f6rede 40 dereceye kadar ula\u015ft\u0131, bu da haliyle \u00fcretimimize yans\u0131d\u0131. Ge\u00e7en sene havalar ya\u011f\u0131\u015fl\u0131 ve so\u011fuk oldu\u011fu i\u00e7in \u00fcretim d\u00fc\u015f\u00fckt\u00fc. Bu sene havalar\u0131n \u0131s\u0131nmas\u0131yla tuz \u00fcretimimiz ge\u00e7en y\u0131la oranla iki kat artt\u0131&#8221; dedi.<\/p>\n<p>Kemah tuzu, a\u011f\u0131r metal bar\u0131nd\u0131rm\u0131yor<\/p>\n<p>Tanr\u0131kulu, Kemah tuzunun i\u00e7erisinde a\u011f\u0131r metalleri bar\u0131nd\u0131rmad\u0131\u011f\u0131 i\u00e7in kaliteli oldu\u011funu ifade ederek, \u015fu bilgileri aktard\u0131:<\/p>\n<p>&#8220;Do\u011fal olarak elde edilen bu tuzda hi\u00e7bir kimyasal katk\u0131 bulunmamaktad\u0131r. Kayna\u011f\u0131ndan suyla erimi\u015f olarak gelen tuz, havuzlara al\u0131narak burada g\u00fcne\u015fin s\u0131cakl\u0131\u011f\u0131 ile buharla\u015ft\u0131r\u0131larak tekrar kristalize ediliyor. Tabii bunun i\u00e7in havan\u0131n s\u0131cak olmas\u0131 \u00f6nemli. Buradaki \u00fcretim haziran ay\u0131 ortas\u0131ndan eyl\u00fcl ay\u0131 ortas\u0131na kadar s\u00fcr\u00fcyor. Zor \u015fartlarda ve 3 ay gibi k\u0131sa s\u00fcrede Erzincan ve \u00e7evresinin tuz ihtiyac\u0131n\u0131 kar\u015f\u0131l\u0131yoruz.&#8221;<\/p>\n","protected":false},"excerpt":{"rendered":"<p>ERZ\u0130NCAN\u2019IN KEMAH \u0130L\u00c7ES\u0130NE BA\u011eLI K\u00d6M\u00dcR K\u00d6Y\u00dcNDE 450 YILLIK OLAN TUZ OCA\u011eI \u00dcRET\u0130ME DEVAM ED\u0130YOR. BUNALTICI SICAKLAR 3 B\u0130N YILLIK &#8220;KEMAH TUZU&#8221;NA BEREKET GET\u0130RD\u0130.<\/p>\n","protected":false},"author":1,"featured_media":168159,"comment_status":"closed","ping_status":"open","sticky":false,"template":"","format":"standard","meta":{"jetpack_post_was_ever_published":false,"_jetpack_newsletter_access":"","_jetpack_dont_email_post_to_subs":false,"_jetpack_newsletter_tier_id":0,"_jetpack_memberships_contains_paywalled_content":false,"_jetpack_memberships_contains_paid_content":false,"footnotes":"","jetpack_publicize_message":"","jetpack_publicize_feature_enabled":true,"jetpack_social_post_already_shared":true,"jetpack_social_options":{"image_generator_settings":{"template":"highway","default_image_id":0,"font":"","enabled":false},"version":2}},"categories":[19],"tags":[28971,180,40303,11578],"class_list":["post-168158","post","type-post","status-publish","format-standard","has-post-thumbnail","hentry","category-ekonomi","tag-dogunun","tag-ihtiyaci","tag-kemahtan","tag-tuz"],"jetpack_publicize_connections":[],"jetpack_featured_media_url":"https:\/\/i0.wp.com\/www.tvturk.com\/wp-content\/uploads\/2019\/06\/dogunun-tuz-ihtiyaci-kemahtan_4fc1ab6.jpg?fit=1000%2C562","jetpack_sharing_enabled":true,"jetpack_shortlink":"https:\/\/wp.me\/paKIfm-HKe","_links":{"self":[{"href":"http:\/\/www.tvturk.com\/index.php\/wp-json\/wp\/v2\/posts\/168158","targetHints":{"allow":["GET"]}}],"collection":[{"href":"http:\/\/www.tvturk.com\/index.php\/wp-json\/wp\/v2\/posts"}],"about":[{"href":"http:\/\/www.tvturk.com\/index.php\/wp-json\/wp\/v2\/types\/post"}],"author":[{"embeddable":true,"href":"http:\/\/www.tvturk.com\/index.php\/wp-json\/wp\/v2\/users\/1"}],"replies":[{"embeddable":true,"href":"http:\/\/www.tvturk.com\/index.php\/wp-json\/wp\/v2\/comments?post=168158"}],"version-history":[{"count":0,"href":"http:\/\/www.tvturk.com\/index.php\/wp-json\/wp\/v2\/posts\/168158\/revisions"}],"wp:featuredmedia":[{"embeddable":true,"href":"http:\/\/www.tvturk.com\/index.php\/wp-json\/wp\/v2\/media\/168159"}],"wp:attachment":[{"href":"http:\/\/www.tvturk.com\/index.php\/wp-json\/wp\/v2\/media?parent=168158"}],"wp:term":[{"taxonomy":"category","embeddable":true,"href":"http:\/\/www.tvturk.com\/index.php\/wp-json\/wp\/v2\/categories?post=168158"},{"taxonomy":"post_tag","embeddable":true,"href":"http:\/\/www.tvturk.com\/index.php\/wp-json\/wp\/v2\/tags?post=168158"}],"curies":[{"name":"wp","href":"https:\/\/api.w.org\/{rel}","templated":true}]}}