{"id":168164,"date":"2019-06-12T09:29:05","date_gmt":"2019-06-12T06:29:05","guid":{"rendered":"http:\/\/www.tvturk.com\/index.php\/aksarayda-tarim-arazilerini-dolu-vurdu\/"},"modified":"2019-06-12T09:29:05","modified_gmt":"2019-06-12T06:29:05","slug":"aksarayda-tarim-arazilerini-dolu-vurdu","status":"publish","type":"post","link":"http:\/\/www.tvturk.com\/index.php\/aksarayda-tarim-arazilerini-dolu-vurdu\/","title":{"rendered":"Aksaray\u2019da tar\u0131m arazilerini dolu vurdu"},"content":{"rendered":"<p>Aksaray\u2019da etkili olan dolu ya\u011f\u0131\u015f\u0131 ekili tar\u0131m arazilerini vururken, \u00e7ift\u00e7iler kara kara d\u00fc\u015f\u00fcnmeye ba\u015flad\u0131.<\/p>\n<p>N\u00fcfusunun y\u00fczde 80\u2019inin tar\u0131m ve hayvanc\u0131l\u0131ktan ge\u00e7imini sa\u011flad\u0131\u011f\u0131 Aksaray\u2019da d\u00fcn ve \u00f6nceki g\u00fcn etkili olan dolu ya\u011f\u0131\u015f\u0131 ekili tar\u0131m arazilerini yerle bir etti. Mahsullerini kald\u0131ramadan yok olan \u00e7ift\u00e7iler kara kara d\u00fc\u015f\u00fcn\u00fcrken, tar\u0131m ve ziraat odas\u0131 ekipleri yapt\u0131klar\u0131 ilk tespitte ekili tar\u0131m arazilerinde b\u00f6lge b\u00f6lge y\u00fczde 30 ile y\u00fczde 100 oran\u0131nda hasar oldu\u011funu belirledi. Ekili tar\u0131m arazilerinde inceleme yapan \u0130l Tar\u0131m ve Orman M\u00fcd\u00fcrl\u00fc\u011f\u00fc ile Ziraat Odas\u0131 Ba\u015fkanl\u0131\u011f\u0131 ekipleri inceleme ve tespit \u00e7al\u0131\u015fmalar\u0131n\u0131 \u00f6n\u00fcm\u00fczdeki g\u00fcnlerde tamamlayacak. \u00d6zellikle hububat ekili tar\u0131m arazilerinde ekili arpa ve bu\u011fdaylar hasar g\u00f6r\u00fcrken, \u00fcreticiler bor\u00e7lar\u0131n ertelenmesini ve maddi destek yap\u0131lmas\u0131n\u0131 istedi.<\/p>\n<p>\u0130l Tar\u0131m ve Orman M\u00fcd\u00fcr\u00fc B\u00fclent Saklav, Aksaray\u2019da ya\u015fanan dolu felaketi sonras\u0131nda il tar\u0131m m\u00fcd\u00fcrl\u00fc\u011f\u00fc ve ziraat odas\u0131 olarak dolu felaketinin ya\u015fand\u0131\u011f\u0131 k\u00f6y ve beldelerde tespit \u00e7al\u0131\u015fmalar\u0131na ba\u015flad\u0131klar\u0131n\u0131 belirterek, \u201c\u0130n\u015fallah ekiplerimiz bug\u00fcn, yar\u0131n, Cuma g\u00fcn\u00fcne kadar tespit \u00e7al\u0131\u015fmalar\u0131n\u0131 bitirip \u00e7ift\u00e7ilerimizi ma\u011fdur etmeyece\u011fiz. \u00c7ift\u00e7ilerimizin \u00f6zellikle bor\u00e7 erteleme ayn\u0131 zamanda TARS\u0130M sigortas\u0131 olanlar sigortadan faydalanacaklar. Tarla tarla, dekar dekar tespit yapaca\u011f\u0131z. \u0130n\u015fallah \u00fcreticilerimiz ma\u011fdur olmayacak. B\u00fct\u00fcn \u00e7ift\u00e7ilerimize ge\u00e7mi\u015f olsun diyorum\u201d dedi.<\/p>\n<p>Ziraat Odas\u0131 Ba\u015fkan\u0131 Emin Ko\u00e7ak ise &#8220;\u0130limizin muhtelif k\u00f6y ve kasabalar\u0131nda ciddi \u015fekilde dolu ya\u011f\u0131\u015f\u0131 oldu. Tabii il tar\u0131m m\u00fcd\u00fcrl\u00fc\u011f\u00fc ekipleri ile birlikte bizler de ziraat odas\u0131 ba\u015fkanl\u0131\u011f\u0131 olarak \u015fu anda sahada hasar tespiti yap\u0131yoruz. \u015eu ana kadar yapt\u0131\u011f\u0131m\u0131z \u00e7al\u0131\u015fmalar sonucunda b\u00f6lge b\u00f6lge y\u00fczde 30 ile y\u00fczde 100 oran\u0131nda hasar oldu\u011funu g\u00f6rd\u00fck. Bundan dolay\u0131 \u00fcreticilerimiz ciddi \u015fekilde s\u0131k\u0131nt\u0131 i\u00e7erisinde. Bu gelen Allah\u2019tan geliyor. Y\u0131llard\u0131r bor\u00e7 ertelemesi yap\u0131l\u0131yor. \u00d6zellikle dolu afeti ya\u015fanan b\u00f6lgelerde bulunan \u00fcreticilerimiz ciddi \u015fekilde s\u0131k\u0131nt\u0131da. Bu \u00fcreticilerimize ciddi \u015fekilde bir para yard\u0131m\u0131 yap\u0131lmas\u0131n\u0131 istiyoruz. Yoksa \u00e7ift\u00e7ilerimiz ne bu borcun alt\u0131ndan kalkabilir, ne de \u00fcretim yapabilir\u201d \u015feklinde konu\u015ftu.<\/p>\n<p>Ekili tar\u0131m arazisini dolu vuran \u00e7ift\u00e7i Fehmi Y\u0131ld\u0131z (68), elindeki t\u00fcm mahsul\u00fcn yok oldu\u011fundan yak\u0131narak, \u201c500 dekar b\u00f6yle sulu ekili arpam vard\u0131, 500 dekar\u0131 da gitti. Ama i\u015fte devlete, bankaya, tar\u0131m krediye borcumuz var. Biz maddi bir destek istiyoruz devletimizden, Cumhurba\u015fkan\u0131m\u0131zdan. Bor\u00e7lar\u0131n ertelenmesini istiyorum. Bize bir yard\u0131m yap\u0131ls\u0131n. Var\u0131m yo\u011fum bu ekindi, bu da Cenab\u0131 Allah\u2019tan geldi b\u00f6yle oldu. Maalesef sigortam da yoktu\u201d diye konu\u015ftu.<\/p>\n","protected":false},"excerpt":{"rendered":"<p>AKSARAY\u2019DA ETK\u0130L\u0130 OLAN DOLU YA\u011eI\u015eI EK\u0130L\u0130 TARIM ARAZ\u0130LER\u0130N\u0130 VURURKEN, \u00c7\u0130FT\u00c7\u0130LER KARA KARA D\u00dc\u015e\u00dcNMEYE BA\u015eLADI.<\/p>\n","protected":false},"author":1,"featured_media":168165,"comment_status":"closed","ping_status":"open","sticky":false,"template":"","format":"standard","meta":{"jetpack_post_was_ever_published":false,"_jetpack_newsletter_access":"","_jetpack_dont_email_post_to_subs":false,"_jetpack_newsletter_tier_id":0,"_jetpack_memberships_contains_paywalled_content":false,"_jetpack_memberships_contains_paid_content":false,"footnotes":"","jetpack_publicize_message":"","jetpack_publicize_feature_enabled":true,"jetpack_social_post_already_shared":true,"jetpack_social_options":{"image_generator_settings":{"template":"highway","default_image_id":0,"font":"","enabled":false},"version":2}},"categories":[1],"tags":[2675,15913,6667,2403,2180],"class_list":["post-168164","post","type-post","status-publish","format-standard","has-post-thumbnail","hentry","category-genel","tag-aksarayda","tag-arazilerini","tag-dolu","tag-tarim","tag-vurdu"],"jetpack_publicize_connections":[],"jetpack_featured_media_url":"https:\/\/i0.wp.com\/www.tvturk.com\/wp-content\/uploads\/2019\/06\/aksarayda-tarim-arazilerini-dolu-vurdu_16ad2c4.jpg?fit=1000%2C666","jetpack_sharing_enabled":true,"jetpack_shortlink":"https:\/\/wp.me\/paKIfm-HKk","_links":{"self":[{"href":"http:\/\/www.tvturk.com\/index.php\/wp-json\/wp\/v2\/posts\/168164","targetHints":{"allow":["GET"]}}],"collection":[{"href":"http:\/\/www.tvturk.com\/index.php\/wp-json\/wp\/v2\/posts"}],"about":[{"href":"http:\/\/www.tvturk.com\/index.php\/wp-json\/wp\/v2\/types\/post"}],"author":[{"embeddable":true,"href":"http:\/\/www.tvturk.com\/index.php\/wp-json\/wp\/v2\/users\/1"}],"replies":[{"embeddable":true,"href":"http:\/\/www.tvturk.com\/index.php\/wp-json\/wp\/v2\/comments?post=168164"}],"version-history":[{"count":0,"href":"http:\/\/www.tvturk.com\/index.php\/wp-json\/wp\/v2\/posts\/168164\/revisions"}],"wp:featuredmedia":[{"embeddable":true,"href":"http:\/\/www.tvturk.com\/index.php\/wp-json\/wp\/v2\/media\/168165"}],"wp:attachment":[{"href":"http:\/\/www.tvturk.com\/index.php\/wp-json\/wp\/v2\/media?parent=168164"}],"wp:term":[{"taxonomy":"category","embeddable":true,"href":"http:\/\/www.tvturk.com\/index.php\/wp-json\/wp\/v2\/categories?post=168164"},{"taxonomy":"post_tag","embeddable":true,"href":"http:\/\/www.tvturk.com\/index.php\/wp-json\/wp\/v2\/tags?post=168164"}],"curies":[{"name":"wp","href":"https:\/\/api.w.org\/{rel}","templated":true}]}}