{"id":168174,"date":"2019-06-12T09:46:15","date_gmt":"2019-06-12T06:46:15","guid":{"rendered":"http:\/\/www.tvturk.com\/index.php\/osmaniyeye-sehit-atesi-dustu\/"},"modified":"2019-06-12T09:46:15","modified_gmt":"2019-06-12T06:46:15","slug":"osmaniyeye-sehit-atesi-dustu","status":"publish","type":"post","link":"http:\/\/www.tvturk.com\/index.php\/osmaniyeye-sehit-atesi-dustu\/","title":{"rendered":"Osmaniye\u2019ye \u015fehit ate\u015fi d\u00fc\u015ft\u00fc"},"content":{"rendered":"<p>Tunceli k\u0131rsal\u0131nda g\u00fcvenlik g\u00fc\u00e7leriyle ter\u00f6ristler aras\u0131nda \u00e7\u0131kan \u00e7at\u0131\u015fmada Osmaniyeli Uzman \u00c7avu\u015f \u00d6kke\u015f Ede \u015fehit oldu.<\/p>\n<p>Tunceli merkeze ba\u011fl\u0131 Kar\u015f\u0131lar k\u00f6y\u00fc k\u0131rsal\u0131nda d\u00fcn ak\u015fam saatlerinde bir grup PKK\u2019l\u0131 ter\u00f6rist ile g\u00fcvenlik g\u00fc\u00e7leri \u00e7at\u0131\u015fmaya girdi. \u00c7at\u0131\u015fmada a\u011f\u0131r yaralanan Osmaniyeli Uzman \u00c7avu\u015f \u00d6kke\u015f Ede (25) kald\u0131r\u0131ld\u0131\u011f\u0131 Tunceli Devlet Hastanesinde hayat\u0131n\u0131 kaybetti.<\/p>\n<p>Anne ve babas\u0131n\u0131 daha \u00f6nce kaybeden \u015fehidin cenazesi ikindi namaz\u0131n\u0131n ard\u0131ndan Osmaniye Asri Mezarl\u0131\u011f\u0131nda k\u0131l\u0131nacak namaz\u0131n ard\u0131ndan \u015fehitli\u011fe defnedilecek.<\/p>\n","protected":false},"excerpt":{"rendered":"<p>TUNCEL\u0130 KIRSALINDA G\u00dcVENL\u0130K G\u00dc\u00c7LER\u0130YLE TER\u00d6R\u0130STLER ARASINDA \u00c7IKAN \u00c7ATI\u015eMADA OSMAN\u0130YEL\u0130 UZMAN \u00c7AVU\u015e \u00d6KKE\u015e EDE \u015eEH\u0130T OLDU.<\/p>\n","protected":false},"author":1,"featured_media":168175,"comment_status":"closed","ping_status":"open","sticky":false,"template":"","format":"standard","meta":{"jetpack_post_was_ever_published":false,"_jetpack_newsletter_access":"","_jetpack_dont_email_post_to_subs":false,"_jetpack_newsletter_tier_id":0,"_jetpack_memberships_contains_paywalled_content":false,"_jetpack_memberships_contains_paid_content":false,"footnotes":"","jetpack_publicize_message":"","jetpack_publicize_feature_enabled":true,"jetpack_social_post_already_shared":true,"jetpack_social_options":{"image_generator_settings":{"template":"highway","default_image_id":0,"font":"","enabled":false},"version":2}},"categories":[1],"tags":[4592,1613,40308,237],"class_list":["post-168174","post","type-post","status-publish","format-standard","has-post-thumbnail","hentry","category-genel","tag-atesi","tag-dustu","tag-osmaniyeye","tag-sehit"],"jetpack_publicize_connections":[],"jetpack_featured_media_url":"https:\/\/i0.wp.com\/www.tvturk.com\/wp-content\/uploads\/2019\/06\/osmaniyeye-sehit-atesi-dustu_f77ac0e.jpg?fit=750%2C749","jetpack_sharing_enabled":true,"jetpack_shortlink":"https:\/\/wp.me\/paKIfm-HKu","_links":{"self":[{"href":"http:\/\/www.tvturk.com\/index.php\/wp-json\/wp\/v2\/posts\/168174","targetHints":{"allow":["GET"]}}],"collection":[{"href":"http:\/\/www.tvturk.com\/index.php\/wp-json\/wp\/v2\/posts"}],"about":[{"href":"http:\/\/www.tvturk.com\/index.php\/wp-json\/wp\/v2\/types\/post"}],"author":[{"embeddable":true,"href":"http:\/\/www.tvturk.com\/index.php\/wp-json\/wp\/v2\/users\/1"}],"replies":[{"embeddable":true,"href":"http:\/\/www.tvturk.com\/index.php\/wp-json\/wp\/v2\/comments?post=168174"}],"version-history":[{"count":0,"href":"http:\/\/www.tvturk.com\/index.php\/wp-json\/wp\/v2\/posts\/168174\/revisions"}],"wp:featuredmedia":[{"embeddable":true,"href":"http:\/\/www.tvturk.com\/index.php\/wp-json\/wp\/v2\/media\/168175"}],"wp:attachment":[{"href":"http:\/\/www.tvturk.com\/index.php\/wp-json\/wp\/v2\/media?parent=168174"}],"wp:term":[{"taxonomy":"category","embeddable":true,"href":"http:\/\/www.tvturk.com\/index.php\/wp-json\/wp\/v2\/categories?post=168174"},{"taxonomy":"post_tag","embeddable":true,"href":"http:\/\/www.tvturk.com\/index.php\/wp-json\/wp\/v2\/tags?post=168174"}],"curies":[{"name":"wp","href":"https:\/\/api.w.org\/{rel}","templated":true}]}}