{"id":168176,"date":"2019-06-12T09:46:19","date_gmt":"2019-06-12T06:46:19","guid":{"rendered":"http:\/\/www.tvturk.com\/index.php\/ozel-buyukcekmecede-akil-almaz-olay-sinava-giren-torununa-aldigi-su-sisesinden-alkol-cikti\/"},"modified":"2019-06-12T09:46:19","modified_gmt":"2019-06-12T06:46:19","slug":"ozel-buyukcekmecede-akil-almaz-olay-sinava-giren-torununa-aldigi-su-sisesinden-alkol-cikti","status":"publish","type":"post","link":"http:\/\/www.tvturk.com\/index.php\/ozel-buyukcekmecede-akil-almaz-olay-sinava-giren-torununa-aldigi-su-sisesinden-alkol-cikti\/","title":{"rendered":"(\u00d6zel) B\u00fcy\u00fck\u00e7ekmece\u2019de ak\u0131l almaz olay: S\u0131nava giren torununa ald\u0131\u011f\u0131 su \u015fi\u015fesinden alkol \u00e7\u0131kt\u0131"},"content":{"rendered":"<p>B\u00fcy\u00fck\u00e7ekmece\u2019de s\u0131nava giren k\u0131z \u00f6\u011frencinin ba\u015f\u0131na ak\u0131l almaz bir olay geldi. \u0130ddiaya g\u00f6re, bir bayiden ald\u0131\u011f\u0131 su \u015fi\u015fesinden alkol \u00e7\u0131kan \u00e7ocu\u011fun dedesi bayiden ve firmadan \u015fikayet\u00e7i oldu.<\/p>\n<p>Ak\u0131llara durgunluk veren olay ge\u00e7ti\u011fimiz g\u00fcnlerde B\u00fcy\u00fck\u00e7ekmece\u2019de meydana geldi. \u0130ddiaya g\u00f6re, \u00fcst\u00fcn zekal\u0131 \u00f6\u011frencilerin se\u00e7ildi\u011fi Bilim ve Sanat Merkezi (B\u0130LSEM) genel yetenek s\u0131nav\u0131na girecek olan ilk\u00f6\u011fretim 2\u2019nci s\u0131n\u0131f \u00f6\u011frencisi \u0130stanbul Masal Oktay (8), s\u0131navdan \u00f6nce dedesinin bir bayiden ald\u0131\u011f\u0131 suyu i\u00e7ti. Hi\u00e7 a\u00e7\u0131lmam\u0131\u015f oldu\u011fu \u00f6ne s\u00fcr\u00fclen sudan bir yudum alan Masal Oktay\u2019\u0131n hemen t\u00fck\u00fcrd\u00fc\u011f\u00fcn\u00fc s\u00f6yleyen dedesi Hayrettin Avc\u0131, torununa ald\u0131\u011f\u0131 su \u015fi\u015fesinin i\u00e7inde alkol oldu\u011funu iddia etti. Ya\u015fanan olay\u0131n ard\u0131ndan gerekli yerlere \u015fikayette bulundu\u011funu belirten dede Hayrettin Avc\u0131, bayiye ve ald\u0131klar\u0131 suyun firmas\u0131na maddi ve manevi dava a\u00e7aca\u011f\u0131n\u0131 ifade etti.<\/p>\n<p>\u201cSuyu koklad\u0131\u011f\u0131mda rak\u0131 kokuyordu\u201d<\/p>\n<p>Torununun \u00e7ok ba\u015far\u0131l\u0131 bir \u00f6\u011frenci oldu\u011funu ve \u00fcst\u00fcn zekal\u0131 \u00f6\u011frencileri belirlemek i\u00e7in yap\u0131lan s\u0131nav\u0131n ilkini ge\u00e7ti\u011fini belirten Hayrettin Avc\u0131, 24 May\u0131s tarihinde torununu bu sefer de B\u0130LSEM Genel Yetenek s\u0131nav\u0131na g\u00f6t\u00fcrd\u00fc\u011f\u00fcn\u00fc s\u00f6yledi. Hayrettin Avc\u0131, \u201cGiderken \u00e7ar\u015f\u0131dan bir bayiden \u00fcnl\u00fc bir marka su ald\u0131m. S\u0131nava girerken suyu torunuma verdim. Torunum i\u00e7eri girdi\u011finde bir yudum su almak i\u00e7in \u00f6\u011fretmeninin yan\u0131nda a\u00e7m\u0131\u015f. \u00d6\u011fretmeni de \u015fahit, kapal\u0131 bir su. \u00c7ocuk 2 dakika sonra d\u0131\u015far\u0131 \u00e7\u0131kt\u0131. Ben kap\u0131n\u0131n \u00f6n\u00fcndeydim. \u00d6\u011fretmeni \u2018Dedesi bu \u00e7ocu\u011fa ne verdin\u2019 dedi. Hocam \u2018su, bayinden ald\u0131m\u2019 dedim. \u2018Bir koklar m\u0131s\u0131n\u2019 dedi. Suyu koklad\u0131\u011f\u0131mda rak\u0131 kokuyordu, anason. Tabi \u00e7\u0131ld\u0131rd\u0131m. Kaymakaml\u0131\u011fa gittim. Oradaki yaz\u0131 i\u015fleri m\u00fcdiresi konuyla bizzat ilgilenece\u011fini s\u00f6yledi. \u0130l\u00e7e Tar\u0131m M\u00fcd\u00fcrl\u00fc\u011f\u00fc\u2019ne telefon a\u00e7t\u0131. Emniyet M\u00fcd\u00fcrl\u00fc\u011f\u00fcn\u00fc arayarak o bayiye y\u00f6nlendirmi\u015f. Arkas\u0131ndan benim \u00f6\u011frendi\u011fim kadar\u0131yla birka\u00e7 tane daha rak\u0131l\u0131 su \u00e7\u0131km\u0131\u015f\u201d dedi.<\/p>\n<p>\u201cMaddi ve manevi tazminat davas\u0131 a\u00e7aca\u011f\u0131m\u201d<\/p>\n<p>B\u00fct\u00fcn yasal yollara ba\u015fvuraca\u011f\u0131n\u0131 ve s\u00fcrecin takip\u00e7isi oldu\u011funu ifade eden dede Hayrettin Avc\u0131, \u201c\u015ei\u015fedeki numuneyi ve fi\u015fi \u0130l\u00e7e Tar\u0131m M\u00fcd\u00fcrl\u00fc\u011f\u00fc\u2019ne polis nezaretinde teslim ederek ifade verdim. Firma ve bayisinden \u015fikayet\u00e7iyim. Maddi ve manevi tazminat da a\u00e7aca\u011f\u0131m. \u00c7\u00fcnk\u00fc ba\u015fka \u00e7ocuklar bu hale gelmesin. Benim 40 g\u00fcnl\u00fck torunum var. Ben tesad\u00fcfen \u00e7ar\u015f\u0131 i\u00e7erisinde \u00e7ocu\u011fumla gitmi\u015f olsayd\u0131m ve mama yapmak i\u00e7in suya ihtiyac\u0131m olsayd\u0131, 40 g\u00fcnl\u00fck bebek nas\u0131l anlatacakt\u0131 bunu? Hadi 8 ya\u015f\u0131ndaki t\u00fck\u00fcrd\u00fc, \u00e7\u0131kt\u0131, \u2018Dede \u00e7ok ac\u0131\u2019 dedi. Ama psikolojisi bozuldu. 40 g\u00fcnl\u00fck \u00e7ocuk ne anlatacakt\u0131 bana? Ben bayiden de firmadan da \u015fikayet\u00e7iyim. Firmay\u0131 birka\u00e7 sefer arad\u0131m. Telefonuma \u00e7\u0131kmad\u0131lar. \u0130lk arad\u0131\u011f\u0131mda \u00e7\u0131kt\u0131lar. Konuyu izah ettim. \u2018Gelin ilgilenin\u2019 dedim. Sonras\u0131nda telefon a\u00e7\u0131yorum ama cevap vermiyorlar\u201d diye konu\u015ftu.<\/p>\n<p>\u201c\u0130kinci s\u0131nava \u2018Dede ben girmeyeyim\u2019 diye \u00e7ok \u0131srar etti\u201d<\/p>\n<p>Ya\u015fanan olaydan sonra s\u0131navlara konsantre olamayan ve psikolojisi bozulan torununu tatile g\u00f6nderdi\u011fini s\u00f6yleyen dede Avc\u0131, \u201cD\u00fcn tatile g\u00f6nderdim. Psikolojisi \u00e7ok bozuk. Hatta ikinci s\u0131nava girerken de \u2018Dede ben girmeyeyim\u2019 diye \u00e7ok \u0131srar etti. \u0130kna ettim g\u00f6t\u00fcrd\u00fcm. Girdi o s\u0131nava da. Ne kadar ba\u015far\u0131l\u0131 olur bilmiyorum. Olay\u0131n \u00fcst\u00fcnden ka\u00e7 g\u00fcn ge\u00e7mesine ra\u011fmen hala daha \u2018Ba\u015f\u0131m d\u00f6n\u00fcyor\u2019 diyor\u201d \u015feklinde konu\u015ftu.<\/p>\n","protected":false},"excerpt":{"rendered":"<p>B\u00dcY\u00dcK\u00c7EKMECE\u2019DE SINAVA G\u0130REN KIZ \u00d6\u011eRENC\u0130N\u0130N BA\u015eINA AKIL ALMAZ B\u0130R OLAY GELD\u0130. \u0130DD\u0130AYA G\u00d6RE, B\u0130R BAY\u0130DEN ALDI\u011eI SU \u015e\u0130\u015eES\u0130NDEN ALKOL \u00c7IKAN \u00c7OCU\u011eUN DEDES\u0130 BAY\u0130DEN VE F\u0130RMADAN \u015e\u0130KAYET\u00c7\u0130 OLDU.<\/p>\n","protected":false},"author":1,"featured_media":168177,"comment_status":"closed","ping_status":"open","sticky":false,"template":"","format":"standard","meta":{"jetpack_post_was_ever_published":false,"_jetpack_newsletter_access":"","_jetpack_dont_email_post_to_subs":false,"_jetpack_newsletter_tier_id":0,"_jetpack_memberships_contains_paywalled_content":false,"_jetpack_memberships_contains_paid_content":false,"footnotes":"","jetpack_publicize_message":"","jetpack_publicize_feature_enabled":true,"jetpack_social_post_already_shared":true,"jetpack_social_options":{"image_generator_settings":{"template":"highway","default_image_id":0,"font":"","enabled":false},"version":2}},"categories":[1],"tags":[1073,5907,2833,11168,24131,5881,1202,5779,1793,40309,21301,18527],"class_list":["post-168176","post","type-post","status-publish","format-standard","has-post-thumbnail","hentry","category-genel","tag-ozel","tag-akil","tag-aldigi","tag-alkol","tag-almaz","tag-buyukcekmecede","tag-cikti","tag-giren","tag-olay","tag-sisesinden","tag-sinava","tag-torununa"],"jetpack_publicize_connections":[],"jetpack_featured_media_url":"https:\/\/i0.wp.com\/www.tvturk.com\/wp-content\/uploads\/2019\/06\/ozel-buyukcekmecede-akil-almaz-olay-sinava-giren-torununa-aldigi-su-sisesinden-alkol-cikti_0b85351.jpg?fit=1000%2C750","jetpack_sharing_enabled":true,"jetpack_shortlink":"https:\/\/wp.me\/paKIfm-HKw","_links":{"self":[{"href":"http:\/\/www.tvturk.com\/index.php\/wp-json\/wp\/v2\/posts\/168176","targetHints":{"allow":["GET"]}}],"collection":[{"href":"http:\/\/www.tvturk.com\/index.php\/wp-json\/wp\/v2\/posts"}],"about":[{"href":"http:\/\/www.tvturk.com\/index.php\/wp-json\/wp\/v2\/types\/post"}],"author":[{"embeddable":true,"href":"http:\/\/www.tvturk.com\/index.php\/wp-json\/wp\/v2\/users\/1"}],"replies":[{"embeddable":true,"href":"http:\/\/www.tvturk.com\/index.php\/wp-json\/wp\/v2\/comments?post=168176"}],"version-history":[{"count":0,"href":"http:\/\/www.tvturk.com\/index.php\/wp-json\/wp\/v2\/posts\/168176\/revisions"}],"wp:featuredmedia":[{"embeddable":true,"href":"http:\/\/www.tvturk.com\/index.php\/wp-json\/wp\/v2\/media\/168177"}],"wp:attachment":[{"href":"http:\/\/www.tvturk.com\/index.php\/wp-json\/wp\/v2\/media?parent=168176"}],"wp:term":[{"taxonomy":"category","embeddable":true,"href":"http:\/\/www.tvturk.com\/index.php\/wp-json\/wp\/v2\/categories?post=168176"},{"taxonomy":"post_tag","embeddable":true,"href":"http:\/\/www.tvturk.com\/index.php\/wp-json\/wp\/v2\/tags?post=168176"}],"curies":[{"name":"wp","href":"https:\/\/api.w.org\/{rel}","templated":true}]}}