{"id":168208,"date":"2019-06-12T10:18:44","date_gmt":"2019-06-12T07:18:44","guid":{"rendered":"http:\/\/www.tvturk.com\/index.php\/uzmanlardan-velilere-karne-uyarisi\/"},"modified":"2019-06-12T10:18:44","modified_gmt":"2019-06-12T07:18:44","slug":"uzmanlardan-velilere-karne-uyarisi","status":"publish","type":"post","link":"http:\/\/www.tvturk.com\/index.php\/uzmanlardan-velilere-karne-uyarisi\/","title":{"rendered":"Uzmanlardan velilere \u2019karne\u2019 uyar\u0131s\u0131"},"content":{"rendered":"<p>Uluslararas\u0131 \u00dcst\u00fcn Zekal\u0131lar Kongre \u00fcyesi ve E\u011fitim Dan\u0131\u015fman\u0131 \u00d6mer Ayvaz, \u00f6\u011frenciler taraf\u0131ndan getirilecek karnelere kar\u015f\u0131 velileri uyararak &#8220;Karnedeki notlar ile \u00e7ocuklar\u0131 de\u011ferlendirmek do\u011fru olmayacakt\u0131r&#8221; denildi.<\/p>\n<p>Uzun bir e\u011fitim y\u0131l\u0131n\u0131n ard\u0131ndan \u00f6\u011frenciler bir y\u0131ll\u0131k okul i\u00e7i performanslar\u0131n\u0131n kar\u015f\u0131l\u0131\u011f\u0131nda karnelerini alacak. Bu s\u00fcre\u00e7te velileri karnelere kar\u015f\u0131 uyaran Uluslararas\u0131 \u00dcst\u00fcn Zekal\u0131lar Kongre \u00fcyesi ve E\u011fitim Dan\u0131\u015fman\u0131 \u00d6mer Ayvaz, &#8220;Bu hafta sonu 18 milyon \u00f6\u011frenci karne alacaklar. Karneler ile birlikte bir\u00e7ok sevin\u00e7 g\u00f6rd\u00fc\u011f\u00fcm\u00fcz gibi bir\u00e7ok mutsuzlu\u011fu da g\u00f6r\u00fcyoruz ve istenmeyen olaylarla da kar\u015f\u0131la\u015f\u0131yoruz. Bizim \u00e7ocu\u011fumuzu sevip sevmememiz ile karnenin hi\u00e7bir ilgisi olmamas\u0131 laz\u0131m. Karnesi ba\u015far\u0131l\u0131 diye bir \u00e7ocu\u011fu sevmek do\u011fru de\u011fil, ayn\u0131 zamanda karnesi k\u00f6t\u00fc diye de \u00e7ocu\u011fa ac\u0131mas\u0131zca sald\u0131rmakta asla kabul edilebilir bir durum de\u011fildir. Karneyi sadece bir sonu\u00e7 olarak g\u00f6rmeliyiz. \u00c7ocuklar\u0131m\u0131za kar\u015f\u0131 eksikliklerimizi g\u00f6rme f\u0131rsat\u0131 olarak alg\u0131layaca\u011f\u0131z. Bu eksiklikler sonucunda nas\u0131l tamamlamal\u0131y\u0131z esas sorun burada. \u00c7ocu\u011fumuzun de\u011feri kesinlikle alt\u0131n\u0131 defalarca \u00e7izerek ifade ediyorum ki de\u011feri ve k\u0131ymeti getirece\u011fi karne ya da alaca\u011f\u0131 takdir ve te\u015fekk\u00fcre ba\u011fl\u0131 olmamal\u0131d\u0131r. Her hal ve \u015fartta bizim \u00e7ocuklar\u0131m\u0131z \u00e7ok de\u011ferli ve \u00e7ok k\u0131ymetlidir\u201d ifadelerini kulland\u0131.<\/p>\n<p>\u2018\u00c7ocu\u011funuza nas\u0131ls\u0131n diye sormal\u0131s\u0131n\u0131z\u2019<\/p>\n<p>Karnenin ard\u0131ndan \u00e7ocuk ile anne ve babas\u0131 aras\u0131nda diyalog sorunu olmamas\u0131 gerekti\u011finin alt\u0131n\u0131 \u00e7izen Ayvaz \u201cBa\u015far\u0131l\u0131 bir karne ile \u00e7ocu\u011fumuz kar\u015f\u0131m\u0131za geldiyse \u00e7ok fazla sevinmemeliyiz. Ba\u015far\u0131s\u0131z karnede de \u00fcz\u00fclmemeliyiz. \u00c7ocu\u011fumuza  \u2018Kendini nas\u0131l hissediyorsun?\u2019 diye sormal\u0131y\u0131z. \u00c7ok mutluyum diyorsa \u2019ben de \u00e7ok mutluyum\u2019 demeliyiz. \u00c7\u00fcnk\u00fc karnedeki ba\u015far\u0131dan dolay\u0131 de\u011fil, sen mutlu oldu\u011fun i\u00e7in \u00e7ok mutluyum demeliyiz. Karne arzu etti\u011finiz sonu\u00e7lar\u0131 da yans\u0131tmam\u0131\u015f olabilir. Karne sonras\u0131nda \u00e7ocu\u011fumuza sen kendini nas\u0131l hissediyorsun diyerek ona moral vermeliyiz. Yoksa notun beni ilgilendirmiyor, beni sen ilgilendiriyorsun. Bu notlar\u0131 halledebiliriz. Matematik, Fen Bilgisi eksikliklerini tamamlayabiliriz. \u00d6nemli olan \u00e7ocu\u011fumuz ile bizim aram\u0131zda diyalog sorunu olmas\u0131n\u201d diye konu\u015ftu.<\/p>\n<p>&#8220;Karne hediyesini sa\u011fl\u0131kl\u0131 bulmuyoruz&#8221;<\/p>\n<p>E\u011fitim Dan\u0131\u015fman\u0131 \u00d6mer Ayvaz, &#8220;E\u011fitimin kalitesi m\u00fcfredata ba\u011fl\u0131 de\u011fil, \u00f6\u011fretmene ba\u011fl\u0131d\u0131r. \u00c7ocuk \u00f6\u011fretmenini ve okulunu severse inan\u0131n bana \u00e7ok ba\u015far\u0131l\u0131 oluyor. Bizim hayat\u0131n\u0131zda aynen b\u00f6yledir. \u00c7ok sevdi\u011finiz \u00f6\u011fretmenin dersinde ba\u015far\u0131l\u0131 olurken, sevmedi\u011finiz \u00f6\u011fretmenin dersinde ise ba\u015far\u0131l\u0131 olman\u0131z muhtemeldir. \u00d6nemli olan bizim karne alan \u00e7ocu\u011fumuza yakla\u015f\u0131m\u0131m\u0131z nas\u0131l olmal\u0131. Hediye i\u015fine gelince de bu durumu sa\u011fl\u0131k bulmuyoruz. E\u011fer bizim \u00e7ocu\u011fumuza bir hediye almam\u0131z gerekiyorsa bu karneye ba\u011fl\u0131 olmamal\u0131d\u0131r. E\u011fer benim \u00e7ocu\u011fuma bir hediye almam gerekiyorsa bunu almal\u0131y\u0131m. Ancak karne iyi diye de bu hediyeyi almak i\u015fi r\u00fc\u015fvete ba\u011flamak olur. Yani al g\u00fcl\u00fcm ver g\u00fcl\u00fcm olmamal\u0131d\u0131r. E\u011fer \u00e7ocu\u011fumuzun bisiklete ihtiyac\u0131 varsa bu bisiklet karneden ba\u011f\u0131ms\u0131z almal\u0131y\u0131z. Ayr\u0131ca \u00e7ocuklar\u0131n yaz\u0131n dolu dolu ge\u00e7irmeleri i\u00e7inde velilerin \u015fimdiden etkinlik ve planlar haz\u0131rlamalar\u0131 onlar\u0131 kendilerini geli\u015ftirmeleri i\u00e7in neler yapabiliriz diye d\u00fc\u015f\u00fcnmelidirler\u201d diye s\u00f6yledi.<\/p>\n","protected":false},"excerpt":{"rendered":"<p>UZUN B\u0130R E\u011e\u0130T\u0130M YILININ ARDINDAN \u00d6\u011eRENC\u0130LER B\u0130R YILLIK OKUL \u0130\u00c7\u0130 PERFORMANSLARININ KAR\u015eILI\u011eINDA KARNELER\u0130N\u0130 ALACAK.<\/p>\n","protected":false},"author":1,"featured_media":168209,"comment_status":"closed","ping_status":"open","sticky":false,"template":"","format":"standard","meta":{"jetpack_post_was_ever_published":false,"_jetpack_newsletter_access":"","_jetpack_dont_email_post_to_subs":false,"_jetpack_newsletter_tier_id":0,"_jetpack_memberships_contains_paywalled_content":false,"_jetpack_memberships_contains_paid_content":false,"footnotes":"","jetpack_publicize_message":"","jetpack_publicize_feature_enabled":true,"jetpack_social_post_already_shared":true,"jetpack_social_options":{"image_generator_settings":{"template":"highway","default_image_id":0,"font":"","enabled":false},"version":2}},"categories":[1],"tags":[39150,914,17751,13521],"class_list":["post-168208","post","type-post","status-publish","format-standard","has-post-thumbnail","hentry","category-genel","tag-karne","tag-uyarisi","tag-uzmanlardan","tag-velilere"],"jetpack_publicize_connections":[],"jetpack_featured_media_url":"https:\/\/i0.wp.com\/www.tvturk.com\/wp-content\/uploads\/2019\/06\/uzmanlardan-velilere-karne-uyarisi_4b34eb3.jpg?fit=1000%2C666","jetpack_sharing_enabled":true,"jetpack_shortlink":"https:\/\/wp.me\/paKIfm-HL2","_links":{"self":[{"href":"http:\/\/www.tvturk.com\/index.php\/wp-json\/wp\/v2\/posts\/168208","targetHints":{"allow":["GET"]}}],"collection":[{"href":"http:\/\/www.tvturk.com\/index.php\/wp-json\/wp\/v2\/posts"}],"about":[{"href":"http:\/\/www.tvturk.com\/index.php\/wp-json\/wp\/v2\/types\/post"}],"author":[{"embeddable":true,"href":"http:\/\/www.tvturk.com\/index.php\/wp-json\/wp\/v2\/users\/1"}],"replies":[{"embeddable":true,"href":"http:\/\/www.tvturk.com\/index.php\/wp-json\/wp\/v2\/comments?post=168208"}],"version-history":[{"count":0,"href":"http:\/\/www.tvturk.com\/index.php\/wp-json\/wp\/v2\/posts\/168208\/revisions"}],"wp:featuredmedia":[{"embeddable":true,"href":"http:\/\/www.tvturk.com\/index.php\/wp-json\/wp\/v2\/media\/168209"}],"wp:attachment":[{"href":"http:\/\/www.tvturk.com\/index.php\/wp-json\/wp\/v2\/media?parent=168208"}],"wp:term":[{"taxonomy":"category","embeddable":true,"href":"http:\/\/www.tvturk.com\/index.php\/wp-json\/wp\/v2\/categories?post=168208"},{"taxonomy":"post_tag","embeddable":true,"href":"http:\/\/www.tvturk.com\/index.php\/wp-json\/wp\/v2\/tags?post=168208"}],"curies":[{"name":"wp","href":"https:\/\/api.w.org\/{rel}","templated":true}]}}