{"id":168220,"date":"2019-06-12T10:29:19","date_gmt":"2019-06-12T07:29:19","guid":{"rendered":"http:\/\/www.tvturk.com\/index.php\/2-ankara-temali-urun-tasarim-yarismasi-ve-4-fotograf-yarismasi-sergi-ve-odul-toreni\/"},"modified":"2019-06-12T10:29:19","modified_gmt":"2019-06-12T07:29:19","slug":"2-ankara-temali-urun-tasarim-yarismasi-ve-4-fotograf-yarismasi-sergi-ve-odul-toreni","status":"publish","type":"post","link":"http:\/\/www.tvturk.com\/index.php\/2-ankara-temali-urun-tasarim-yarismasi-ve-4-fotograf-yarismasi-sergi-ve-odul-toreni\/","title":{"rendered":"2. Ankara Temal\u0131 \u00dcr\u00fcn Tasar\u0131m Yar\u0131\u015fmas\u0131 ve 4. Foto\u011fraf Yar\u0131\u015fmas\u0131 Sergi ve \u00d6d\u00fcl T\u00f6reni"},"content":{"rendered":"<p>2. Ankara Temal\u0131 \u00dcr\u00fcn Tasar\u0131m Yar\u0131\u015fmas\u0131 ve 4. G\u00fcl\u00fcmse Ankara \u00c7ekiyorum Foto\u011fraf Yar\u0131\u015fmas\u0131\u2019n\u0131n \u00f6d\u00fclleri, 11 Haziran 2019 tarihinde ger\u00e7ekle\u015fen t\u00f6renle sahiplerini buldu.<\/p>\n<p>Ankara Kalk\u0131nma Ajans\u0131 taraf\u0131ndan d\u00fczenlenen 2. Ankara Temal\u0131 \u00dcr\u00fcn Tasar\u0131m Yar\u0131\u015fmas\u0131 ve 4. G\u00fcl\u00fcmse Ankara \u00c7ekiyorum Foto\u011fraf Yar\u0131\u015fmas\u0131\u2019nda ba\u015far\u0131l\u0131 olan eser sahiplerine \u00f6d\u00fclleri, Holiday INN Ankara\u2019da ger\u00e7ekle\u015fen \u00f6d\u00fcl t\u00f6reninde verildi.<\/p>\n<p>T\u00f6rene, Ankara Milletvekili Nevzat Ceylan, Ankara Vali Yard\u0131mc\u0131s\u0131 Elif Nur Bozkurt Tando\u011fan, Ankara Kalk\u0131nma Ajans\u0131 Genel Sekreteri Arif \u015eay\u0131k, T.C. K\u00fclt\u00fcr ve Turizm Bakanl\u0131\u011f\u0131 D\u00d6S\u0130MM Geleneksel El Sanatlar\u0131 ve Ma\u011fazalar \u0130\u015fletme M\u00fcd\u00fcr\u00fc G\u00fclnur \u0130z Y\u0131lmaz, Ankara \u0130l K\u00fclt\u00fcr ve Turizm M\u00fcd\u00fcr\u00fc Kamil \u00d6zer, Nall\u0131han Belediye Ba\u015fkan Yard\u0131mc\u0131s\u0131 G\u00f6khan Ar\u0131c\u0131, 2. Ankara Temal\u0131 \u00dcr\u00fcn Tasar\u0131m Yar\u0131\u015fmas\u0131 ve 4. G\u00fcl\u00fcmse Ankara \u00c7ekiyorum Foto\u011fraf Yar\u0131\u015fmas\u0131 j\u00fcrileri, \u00f6d\u00fcl alan eser sahipleri, foto\u011fraf\u00e7\u0131lar ve sanatseverler kat\u0131l\u0131m sa\u011flad\u0131.<\/p>\n<p>Ankara Milletvekili Nevzat Ceylan, \u201cAnkara Milletvekili ve Ba\u015fkent Ankara Meclisi Y\u00f6netim Kurulu Ba\u015fkan\u0131 olarak, Ankara\u2019da ya\u015fayanlar\u0131n, Ankara\u2019y\u0131 yeterince tan\u0131mad\u0131klar\u0131n\u0131 biliyoruz. Ba\u015fkent Ankara Meclisi olarak Ankara\u2019n\u0131n tan\u0131t\u0131m\u0131 i\u00e7in hizmet edenlere \u2019\u00dcst\u00fcn Hizmet ve Ba\u015far\u0131 \u00d6d\u00fcl\u00fc\u2019 takdim ediyoruz. Bu y\u0131l \u00f6d\u00fcl\u00fc Ankara Kalk\u0131nma Ajans\u0131 Genel Sekreteri Arif \u015eay\u0131k\u2019a takdim ettik. Ankara Kalk\u0131nma Ajans\u0131na d\u00fczenlemi\u015f oldu\u011fu bu \u00f6nemli iki yar\u0131\u015fma i\u00e7in te\u015fekk\u00fcr ediyorum\u201d dedi.<\/p>\n<p>Ankara Vali Yard\u0131mc\u0131s\u0131 Elif Nur Bozkurt Tando\u011fan ise, \u201cAnkara Kalk\u0131nma Ajans\u0131 taraf\u0131ndan d\u00fczenlenen 2. Ankara Temal\u0131 \u00dcr\u00fcn Tasar\u0131m Yar\u0131\u015fmas\u0131 ve 4. G\u00fcl\u00fcmse Ankara \u00c7ekiyorum Foto\u011fraf Yar\u0131\u015fmas\u0131 ile Ankara\u2019n\u0131n geleneksel el sanatlar\u0131, tarihi, do\u011fas\u0131 ve yemek k\u00fclt\u00fcr\u00fcn\u00fcn tan\u0131t\u0131lmas\u0131 ama\u00e7land\u0131. Yar\u0131\u015fmaya kat\u0131l\u0131m sa\u011flayan herkese te\u015fekk\u00fcr ediyorum\u201d dedi.<\/p>\n<p>Ankara Kalk\u0131nma Ajans\u0131 Genel Sekreteri Arif \u015eay\u0131k da, \u201cAnkara Kalk\u0131nma Ajans\u0131 olarak kalk\u0131nman\u0131n k\u00fclt\u00fcr ve sanat\u0131 da i\u00e7ine alarak ger\u00e7ekle\u015fece\u011finin bilincindeyiz. Bu kapsamda da Ankara\u2019n\u0131n tan\u0131t\u0131m\u0131na y\u00f6nelik faaliyetler d\u00fczenlemekteyiz. D\u00fczenledi\u011fimiz 2. Ankara Temal\u0131 \u00dcr\u00fcn Tasar\u0131m Yar\u0131\u015fmas\u0131 ile unutulmaya y\u00fcz tutmu\u015f geleneksel el sanatlar\u0131n\u0131n tan\u0131t\u0131m\u0131n\u0131n yap\u0131lmas\u0131n\u0131, 4. G\u00fcl\u00fcmse Ankara \u00c7ekiyorum Foto\u011fraf Yar\u0131\u015fmas\u0131 ile de Ankara\u2019n\u0131n tarihi ve k\u00fclt\u00fcr\u00fcn\u00fcn insan manzaralar\u0131 ile tan\u0131t\u0131lmas\u0131n\u0131 ama\u00e7lad\u0131k. \u00d6d\u00fcl alan yar\u0131\u015fmac\u0131lar\u0131 tebrik eder ve yar\u0131\u015fmaya kat\u0131lan herkese te\u015fekk\u00fcr ederim\u201d diye konu\u015ftu.<\/p>\n<p>A\u00e7\u0131l\u0131\u015f konu\u015fmalar\u0131n\u0131n ard\u0131ndan, \u00f6d\u00fcl alan yar\u0131\u015fmac\u0131lara \u00f6d\u00fcl ve sertifikalar\u0131 takdim edildi. Sertifika t\u00f6reninin ard\u0131ndan kat\u0131l\u0131mc\u0131lar, Pelin Aydar taraf\u0131ndan ger\u00e7ekle\u015ftirilen m\u00fczik dinletisi e\u015fli\u011finde sergiyi gezdi.<\/p>\n<p>Ankara Kalk\u0131nma Ajans\u0131 taraf\u0131ndan d\u00fczenlenen 2. Ankara Temal\u0131 \u00dcr\u00fcn Tasar\u0131m Yar\u0131\u015fmas\u0131 ile Ankara\u2019da geleneksel olarak icra edilen el sanatlar\u0131ndan ve b\u00f6lgeye ait malzemelerden faydalanarak, modern t\u00fcketicinin ihtiya\u00e7lar\u0131na uygun \u00fcr\u00fcnlerin tasarlanmas\u0131 hedeflendi. 200 ba\u015fvurunun al\u0131nd\u0131\u011f\u0131 yar\u0131\u015fmada se\u00e7ici kurulun de\u011ferlendirmesi sonucunda Nuray Arl\u0131 birincilik \u00f6d\u00fcl\u00fc, Metin Onur \u00d6zt\u00fcrk ikincilik \u00f6d\u00fcl\u00fc, Bet\u00fcl Bilge \u00fc\u00e7\u00fcnc\u00fcl\u00fck \u00f6d\u00fcl\u00fcne lay\u0131k g\u00f6r\u00fcld\u00fc.<\/p>\n<p>4. \u201cG\u00fcl\u00fcmse Ankara \u00c7ekiyorum\u201d Foto\u011fraf Yar\u0131\u015fmas\u0131 \u201cSanat ve M\u00fcze\u201d, \u201cYemek K\u00fclt\u00fcr\u00fc\u201d ve \u201cDo\u011fa\u201d olmak \u00fczere \u00fc\u00e7 kategoride d\u00fczenlendi. Yar\u0131\u015fma ile Ankara\u2019ya k\u00fclt\u00fcr ve tarih taraf\u0131ndan bakarak Ankara\u2019n\u0131n tarihi mek\u00e2nlar\u0131, m\u00fczeleri, do\u011fas\u0131 ve yemekleri gibi k\u00fclt\u00fcrel ve tarihi \u00e7e\u015fitlili\u011finin tan\u0131t\u0131lmas\u0131 ama\u00e7land\u0131. Bin 254 ba\u015fvurunun al\u0131nd\u0131\u011f\u0131 yar\u0131\u015fmada, se\u00e7ici kurulun de\u011ferlendirmesi sonucunda Sanat ve M\u00fcze kategorisinde birincilik \u00f6d\u00fcl\u00fcn\u00fc H\u00fclya Yavuz Ak\u00e7ay, ikincilik \u00f6d\u00fcl\u00fcn\u00fc Mehmet Aslan, \u00fc\u00e7\u00fcnc\u00fcl\u00fck \u00f6d\u00fcl\u00fcn\u00fc Kemal \u00d6zk\u0131l\u0131\u00e7 al\u0131rken; Yemek K\u00fclt\u00fcr\u00fc kategorisinde birincilik \u00f6d\u00fcl\u00fc Mehmet \u00d6zcan, ikincilik \u00f6d\u00fcl\u00fc Mustafa G\u00fcral, \u00fc\u00e7\u00fcnc\u00fcl\u00fck \u00f6d\u00fcl\u00fc Naz\u0131m Tetik\u2019e verildi. Do\u011fa kategorisinde ise birincilik \u00f6d\u00fcl\u00fcne Mustafa Ba\u015faran, ikincilik \u00f6d\u00fcl\u00fcne Mehmet Aslan, \u00fc\u00e7\u00fcnc\u00fcl\u00fck \u00f6d\u00fcl\u00fcne Emre Soyt\u00fcrk lay\u0131k g\u00f6r\u00fcld\u00fc.<\/p>\n","protected":false},"excerpt":{"rendered":"<p>2. ANKARA TEMALI \u00dcR\u00dcN TASARIM YARI\u015eMASI VE 4.  G\u00dcL\u00dcMSE ANKARA \u00c7EK\u0130YORUM FOTO\u011eRAF YARI\u015eMASI\u2019NIN \u00d6D\u00dcLLER\u0130, 11 HAZ\u0130RAN 2019 TAR\u0130H\u0130NDE GER\u00c7EKLE\u015eEN T\u00d6RENLE SAH\u0130PLER\u0130N\u0130 BULDU.<\/p>\n","protected":false},"author":1,"featured_media":168221,"comment_status":"closed","ping_status":"open","sticky":false,"template":"","format":"standard","meta":{"jetpack_post_was_ever_published":false,"_jetpack_newsletter_access":"","_jetpack_dont_email_post_to_subs":false,"_jetpack_newsletter_tier_id":0,"_jetpack_memberships_contains_paywalled_content":false,"_jetpack_memberships_contains_paid_content":false,"footnotes":"","jetpack_publicize_message":"","jetpack_publicize_feature_enabled":true,"jetpack_social_post_already_shared":true,"jetpack_social_options":{"image_generator_settings":{"template":"highway","default_image_id":0,"font":"","enabled":false},"version":2}},"categories":[1],"tags":[1475,5874,4204,798,2455,12735,187,4337,1650],"class_list":["post-168220","post","type-post","status-publish","format-standard","has-post-thumbnail","hentry","category-genel","tag-ankara","tag-fotograf","tag-odul","tag-sergi","tag-tasarim","tag-temali","tag-toreni","tag-urun","tag-yarismasi"],"jetpack_publicize_connections":[],"jetpack_featured_media_url":"https:\/\/i0.wp.com\/www.tvturk.com\/wp-content\/uploads\/2019\/06\/2-ankara-temali-urun-tasarim-yarismasi-ve-4-fotograf-yarismasi-sergi-ve-odul-toreni_c96096d.jpg?fit=1000%2C434","jetpack_sharing_enabled":true,"jetpack_shortlink":"https:\/\/wp.me\/paKIfm-HLe","_links":{"self":[{"href":"http:\/\/www.tvturk.com\/index.php\/wp-json\/wp\/v2\/posts\/168220","targetHints":{"allow":["GET"]}}],"collection":[{"href":"http:\/\/www.tvturk.com\/index.php\/wp-json\/wp\/v2\/posts"}],"about":[{"href":"http:\/\/www.tvturk.com\/index.php\/wp-json\/wp\/v2\/types\/post"}],"author":[{"embeddable":true,"href":"http:\/\/www.tvturk.com\/index.php\/wp-json\/wp\/v2\/users\/1"}],"replies":[{"embeddable":true,"href":"http:\/\/www.tvturk.com\/index.php\/wp-json\/wp\/v2\/comments?post=168220"}],"version-history":[{"count":0,"href":"http:\/\/www.tvturk.com\/index.php\/wp-json\/wp\/v2\/posts\/168220\/revisions"}],"wp:featuredmedia":[{"embeddable":true,"href":"http:\/\/www.tvturk.com\/index.php\/wp-json\/wp\/v2\/media\/168221"}],"wp:attachment":[{"href":"http:\/\/www.tvturk.com\/index.php\/wp-json\/wp\/v2\/media?parent=168220"}],"wp:term":[{"taxonomy":"category","embeddable":true,"href":"http:\/\/www.tvturk.com\/index.php\/wp-json\/wp\/v2\/categories?post=168220"},{"taxonomy":"post_tag","embeddable":true,"href":"http:\/\/www.tvturk.com\/index.php\/wp-json\/wp\/v2\/tags?post=168220"}],"curies":[{"name":"wp","href":"https:\/\/api.w.org\/{rel}","templated":true}]}}