{"id":168232,"date":"2019-06-12T10:41:29","date_gmt":"2019-06-12T07:41:29","guid":{"rendered":"http:\/\/www.tvturk.com\/index.php\/olta-balikcilari-dikkat\/"},"modified":"2019-06-12T10:41:29","modified_gmt":"2019-06-12T07:41:29","slug":"olta-balikcilari-dikkat","status":"publish","type":"post","link":"http:\/\/www.tvturk.com\/index.php\/olta-balikcilari-dikkat\/","title":{"rendered":"Olta bal\u0131k\u00e7\u0131lar\u0131 dikkat"},"content":{"rendered":"<p>\u00dc\u00e7 taraf\u0131 denizlerle \u00e7evrili T\u00fcrkiye\u2019de ya\u015fayan en tehlikeli t\u00fcrlerden biri olan Trakonya bal\u0131\u011f\u0131 Bursa\u2019n\u0131n Mudanya ve Kapakl\u0131 sahillerinde oltaya tak\u0131ld\u0131. \u0130ki ki\u015fiyi zehirleyen Trakonya bal\u0131\u011f\u0131 sosyal medyada b\u00fcy\u00fck dikkat \u00e7ekti.<\/p>\n<p>Her iki olay farkl\u0131 g\u00fcnlerde Bursa\u2019n\u0131n Mudanya ve Gemlik il\u00e7elerinde meydana geldi. Kapakl\u0131 sahilinde bal\u0131k tutan Volkan Aksu\u2019nun oltas\u0131na 10 santim boyunda farkl\u0131 bir bal\u0131k tak\u0131ld\u0131. Bal\u0131\u011f\u0131 \u00e7\u0131plak elle tutup kancadan ay\u0131rmak isterken dikenleri ellerine batan Aksu\u2019nun bir s\u00fcre sonra ellerinde yanma ve a\u011fr\u0131 ba\u015flad\u0131. Zehirlendi\u011fini anlayan Aksu, sosyal medyada yapt\u0131\u011f\u0131 ara\u015ft\u0131rma sonras\u0131 bal\u0131\u011f\u0131n Trakonya bal\u0131\u011f\u0131 oldu\u011funu tespit etti.<\/p>\n<p>Kapakl\u0131 taraflar\u0131nda kamp yapt\u0131klar\u0131n\u0131 dile getiren Volkan Aksu, sabah saatlerinde bal\u0131\u011f\u0131n oltaya tak\u0131ld\u0131\u011f\u0131n\u0131 ve ba\u015ftan mezgit sand\u0131\u011f\u0131n\u0131 anlatt\u0131. Aksu, &#8220;Bal\u0131\u011f\u0131 i\u011fneden \u00e7\u0131kartt\u0131\u011f\u0131m anda s\u0131rt\u0131ndaki dikenlerden zehir bula\u015ft\u0131 ve 3 saat a\u015f\u0131r\u0131 halde s\u0131zlad\u0131&#8221; dedi.<\/p>\n<p>\u00dclkemiz sahillerinde ki\u015filerin kar\u015f\u0131la\u015fabilece\u011fi en tehlikeli bal\u0131k t\u00fcrlerinden biri olarak bilinen Trakonya bal\u0131\u011f\u0131n\u0131n, v\u00fccudundaki dikenlerden baz\u0131lar\u0131nda zehir kesesi bulunurken, daha \u00e7ok olta bal\u0131k\u00e7\u0131lar\u0131 i\u00e7in tehlikeli oluyor. \u00d6zellikle denizlerde kuma saklanmas\u0131yla da bilinen bal\u0131\u011f\u0131n eldiven ya da bez par\u00e7as\u0131yla tutulmas\u0131 gerekirken, \u00e7ok ciddi bir a\u011fr\u0131 ile ba\u015flayan Trakonya \u00e7arpmas\u0131, b\u00f6lgede ciddi bir \u015fi\u015fme ve baz\u0131 durumlarda da kalbin durmas\u0131na kadar gidebilecek \u00f6l\u00fcmc\u00fcl sonu\u00e7lar ortaya \u00e7\u0131karabiliyor.<\/p>\n","protected":false},"excerpt":{"rendered":"<p>\u00dc\u00c7 TARAFI DEN\u0130ZLERLE \u00c7EVR\u0130L\u0130 T\u00dcRK\u0130YE\u2019DE YA\u015eAYAN EN TEHL\u0130KEL\u0130 T\u00dcRLERDEN B\u0130R\u0130 OLAN TRAKONYA BALI\u011eI BURSA\u2019NIN MUDANYA VE KAPAKLI SAH\u0130LLER\u0130NDE OLTAYA TAKILDI. \u0130K\u0130 K\u0130\u015e\u0130Y\u0130 ZEH\u0130RLEYEN TRAKONYA BALI\u011eI SOSYAL MEDYADA B\u00dcY\u00dcK D\u0130KKAT \u00c7EKT\u0130.<\/p>\n","protected":false},"author":1,"featured_media":168233,"comment_status":"closed","ping_status":"open","sticky":false,"template":"","format":"standard","meta":{"jetpack_post_was_ever_published":false,"_jetpack_newsletter_access":"","_jetpack_dont_email_post_to_subs":false,"_jetpack_newsletter_tier_id":0,"_jetpack_memberships_contains_paywalled_content":false,"_jetpack_memberships_contains_paid_content":false,"footnotes":"","jetpack_publicize_message":"","jetpack_publicize_feature_enabled":true,"jetpack_social_post_already_shared":true,"jetpack_social_options":{"image_generator_settings":{"template":"highway","default_image_id":0,"font":"","enabled":false},"version":2}},"categories":[1],"tags":[32061,1440,27155],"class_list":["post-168232","post","type-post","status-publish","format-standard","has-post-thumbnail","hentry","category-genel","tag-balikcilari","tag-dikkat","tag-olta"],"jetpack_publicize_connections":[],"jetpack_featured_media_url":"https:\/\/i0.wp.com\/www.tvturk.com\/wp-content\/uploads\/2019\/06\/olta-balikcilari-dikkat_fc0e570.jpg?fit=562%2C1000","jetpack_sharing_enabled":true,"jetpack_shortlink":"https:\/\/wp.me\/paKIfm-HLq","_links":{"self":[{"href":"http:\/\/www.tvturk.com\/index.php\/wp-json\/wp\/v2\/posts\/168232","targetHints":{"allow":["GET"]}}],"collection":[{"href":"http:\/\/www.tvturk.com\/index.php\/wp-json\/wp\/v2\/posts"}],"about":[{"href":"http:\/\/www.tvturk.com\/index.php\/wp-json\/wp\/v2\/types\/post"}],"author":[{"embeddable":true,"href":"http:\/\/www.tvturk.com\/index.php\/wp-json\/wp\/v2\/users\/1"}],"replies":[{"embeddable":true,"href":"http:\/\/www.tvturk.com\/index.php\/wp-json\/wp\/v2\/comments?post=168232"}],"version-history":[{"count":0,"href":"http:\/\/www.tvturk.com\/index.php\/wp-json\/wp\/v2\/posts\/168232\/revisions"}],"wp:featuredmedia":[{"embeddable":true,"href":"http:\/\/www.tvturk.com\/index.php\/wp-json\/wp\/v2\/media\/168233"}],"wp:attachment":[{"href":"http:\/\/www.tvturk.com\/index.php\/wp-json\/wp\/v2\/media?parent=168232"}],"wp:term":[{"taxonomy":"category","embeddable":true,"href":"http:\/\/www.tvturk.com\/index.php\/wp-json\/wp\/v2\/categories?post=168232"},{"taxonomy":"post_tag","embeddable":true,"href":"http:\/\/www.tvturk.com\/index.php\/wp-json\/wp\/v2\/tags?post=168232"}],"curies":[{"name":"wp","href":"https:\/\/api.w.org\/{rel}","templated":true}]}}