{"id":168242,"date":"2019-06-12T11:02:36","date_gmt":"2019-06-12T08:02:36","guid":{"rendered":"http:\/\/www.tvturk.com\/index.php\/pinar-komurcuoglundan-yeni-single-calismasi-can-i-ask\/"},"modified":"2019-06-12T11:02:36","modified_gmt":"2019-06-12T08:02:36","slug":"pinar-komurcuoglundan-yeni-single-calismasi-can-i-ask","status":"publish","type":"post","link":"http:\/\/www.tvturk.com\/index.php\/pinar-komurcuoglundan-yeni-single-calismasi-can-i-ask\/","title":{"rendered":"P\u0131nar K\u00f6m\u00fcrc\u00fco\u011flu\u2019ndan yeni single \u00e7al\u0131\u015fmas\u0131 Can-\u0131 \u201cA\u015fk\u201d"},"content":{"rendered":"<p>Can-\u0131 \u201cA\u015fk\u201d isimli yeni single \u00e7al\u0131\u015fmas\u0131n\u0131 yak\u0131nda sevenleriyle bulu\u015fturma \u00e7al\u0131\u015fmas\u0131 i\u00e7erisinde olan pop sanat\u00e7\u0131s\u0131 P\u0131nar K\u00f6m\u00fcrc\u00fco\u011flu, dinamik altyap\u0131s\u0131, cesur ve \u00e7arp\u0131c\u0131 s\u00f6zleri ile be\u011feni toplayan \u015fark\u0131s\u0131n\u0131 ve yeni projelerini anlatt\u0131.<\/p>\n<p>P\u0131nar K\u00f6m\u00fcrc\u00fco\u011flu, i\u00e7erisinde iddial\u0131 3 par\u00e7as\u0131n\u0131n oldu\u011fu yeni single\u2019\u0131n\u0131 a\u00e7\u0131klad\u0131. \u0130\u00e7erisinde Bur\u00e7in Birben\u2019in &#8220;Seviyorum&#8221; adl\u0131 par\u00e7as\u0131n\u0131 Aranj\u00f6r Konur Samano\u011flu\u2019nun aranjesiyle dinleyicilerine sunuyor. Single\u2019daki t\u00fcm par\u00e7alara klip \u00e7ekece\u011finden bahseden \u015fark\u0131c\u0131 K\u00f6m\u00fcrc\u00fco\u011flu, &#8220;\u0130lk klibimiz  \u201cSeviyorum\u201d par\u00e7am\u0131za \u00e7ekilecek. Kliplerimiz i\u00e7in BNB Media Prod\u00fcksiyon ile anla\u015fma sa\u011flad\u0131k. Y\u00f6netmenli\u011fimizi ise bir \u00e7ok filme imza atm\u0131\u015f ve en son vizyondan yeni kalkan \u201cSand\u0131k\u201d filminin yap\u0131mc\u0131l\u0131\u011f\u0131n\u0131 ve y\u00f6netmenli\u011fini yapan H. M\u00fccahit Pehlivan ve bir \u00e7ok TV Ppogram\u0131n\u0131n alt\u0131nda imzas\u0131 bulunan G\u00fcng\u00f6r Okyay ile birlikte \u00e7ekece\u011fiz. Klip tamamen s\u00fcrpriz olacak \u00e7\u00fcnk\u00fc yeni \u00e7ekim metotlar\u0131 ile \u00e7ekimler ger\u00e7ekle\u015ftirilecek&#8221; dedi.<\/p>\n<p>Gelecek projelerinden de bahseden gen\u00e7 \u015fark\u0131c\u0131, &#8220;Bir caz alb\u00fcm projem var payla\u015fmak istedi\u011fim. Kas\u0131m ay\u0131ndan sonra alb\u00fcm haz\u0131rl\u0131klar\u0131na da zaman ay\u0131rmak istiyorum. Bu y\u0131l i\u00e7inse 1 Haziran\u2019da konserlere ba\u015fl\u0131yoruz. Eyl\u00fcl ortalar\u0131na kadar g\u00f6z\u00fcken bir takvimimiz var. Kul\u00fcpler, festivaller, belediye konserleri, \u00f6zel geceler ve otel e\u011flencelerini kapsayan farkl\u0131 sahnelerle keyifli, e\u011flenceli bir yaz ge\u00e7irece\u011fiz umar\u0131m&#8221; diye konu\u015ftu.<\/p>\n","protected":false},"excerpt":{"rendered":"<p>CAN-I \u201cA\u015eK\u201d \u0130S\u0130ML\u0130 YEN\u0130 S\u0130NGLE \u00c7ALI\u015eMASINI YAKIN B\u0130R ZAMAN SONRA SEVENLER\u0130YLE BULU\u015eTURMA \u00c7ALI\u015eMASI \u0130\u00c7ER\u0130S\u0130NDE OLAN T\u00dcRK POP M\u00dcZ\u0130\u011e\u0130\u2019N\u0130N \u00d6NEML\u0130 \u0130S\u0130MLER\u0130NDEN PINAR K\u00d6M\u00dcRC\u00dcO\u011eLU , D\u0130NAM\u0130K ALTYAPISI, CESUR VE \u00c7ARPICI S\u00d6ZLER\u0130 \u0130LE BE\u011eEN\u0130 TOPLAYAN \u015eARKISINI VE YEN\u0130 PROJELER\u0130N\u0130 ANLATTI.<\/p>\n","protected":false},"author":1,"featured_media":168243,"comment_status":"closed","ping_status":"open","sticky":false,"template":"","format":"standard","meta":{"jetpack_post_was_ever_published":false,"_jetpack_newsletter_access":"","_jetpack_dont_email_post_to_subs":false,"_jetpack_newsletter_tier_id":0,"_jetpack_memberships_contains_paywalled_content":false,"_jetpack_memberships_contains_paid_content":false,"footnotes":"","jetpack_publicize_message":"","jetpack_publicize_feature_enabled":true,"jetpack_social_post_already_shared":true,"jetpack_social_options":{"image_generator_settings":{"template":"highway","default_image_id":0,"font":"","enabled":false},"version":2}},"categories":[1],"tags":[5971,1699,40323,40322,2229,33660,87],"class_list":["post-168242","post","type-post","status-publish","format-standard","has-post-thumbnail","hentry","category-genel","tag-ask","tag-calismasi","tag-can-i","tag-komurcuoglundan","tag-pinar","tag-single","tag-yeni"],"jetpack_publicize_connections":[],"jetpack_featured_media_url":"https:\/\/i0.wp.com\/www.tvturk.com\/wp-content\/uploads\/2019\/06\/pinar-komurcuoglundan-yeni-single-calismasi-can-i-ask_8659cfc.jpg?fit=1000%2C666","jetpack_sharing_enabled":true,"jetpack_shortlink":"https:\/\/wp.me\/paKIfm-HLA","_links":{"self":[{"href":"http:\/\/www.tvturk.com\/index.php\/wp-json\/wp\/v2\/posts\/168242","targetHints":{"allow":["GET"]}}],"collection":[{"href":"http:\/\/www.tvturk.com\/index.php\/wp-json\/wp\/v2\/posts"}],"about":[{"href":"http:\/\/www.tvturk.com\/index.php\/wp-json\/wp\/v2\/types\/post"}],"author":[{"embeddable":true,"href":"http:\/\/www.tvturk.com\/index.php\/wp-json\/wp\/v2\/users\/1"}],"replies":[{"embeddable":true,"href":"http:\/\/www.tvturk.com\/index.php\/wp-json\/wp\/v2\/comments?post=168242"}],"version-history":[{"count":0,"href":"http:\/\/www.tvturk.com\/index.php\/wp-json\/wp\/v2\/posts\/168242\/revisions"}],"wp:featuredmedia":[{"embeddable":true,"href":"http:\/\/www.tvturk.com\/index.php\/wp-json\/wp\/v2\/media\/168243"}],"wp:attachment":[{"href":"http:\/\/www.tvturk.com\/index.php\/wp-json\/wp\/v2\/media?parent=168242"}],"wp:term":[{"taxonomy":"category","embeddable":true,"href":"http:\/\/www.tvturk.com\/index.php\/wp-json\/wp\/v2\/categories?post=168242"},{"taxonomy":"post_tag","embeddable":true,"href":"http:\/\/www.tvturk.com\/index.php\/wp-json\/wp\/v2\/tags?post=168242"}],"curies":[{"name":"wp","href":"https:\/\/api.w.org\/{rel}","templated":true}]}}