{"id":168252,"date":"2019-06-12T11:24:18","date_gmt":"2019-06-12T08:24:18","guid":{"rendered":"http:\/\/www.tvturk.com\/index.php\/ardahanda-heyelan-panigi\/"},"modified":"2019-06-12T11:24:18","modified_gmt":"2019-06-12T08:24:18","slug":"ardahanda-heyelan-panigi","status":"publish","type":"post","link":"http:\/\/www.tvturk.com\/index.php\/ardahanda-heyelan-panigi\/","title":{"rendered":"Ardahan\u2019da heyelan pani\u011fi"},"content":{"rendered":"<p>Ardahan\u2019\u0131n Posof il\u00e7esinde meydana gelen heyelan sonucu zarar g\u00f6ren evler tahliye edildi, yol ve tar\u0131m arazilerinde hasar olu\u015ftu.<\/p>\n<p>Posof il\u00e7esi s\u00fcng\u00fcl\u00fc k\u00f6y\u00fcnde heyelan meydana geldi. Zarar g\u00f6ren evlerin bo\u015falt\u0131ld\u0131\u011f\u0131 heyelanda yol ve tar\u0131m arazileri de hasar g\u00f6rd\u00fc. AFAD ve yetkililer mahallede inceleme ba\u015flatt\u0131. Evleri tahliye edilen ve ge\u00e7ici olarak yak\u0131nlar\u0131n\u0131n yan\u0131na yerle\u015fen k\u00f6yl\u00fcler devletten yard\u0131m bekliyor.<\/p>\n<p>Heyelan sonras\u0131 evi kullan\u0131lmaz hale gelen Halil Y\u0131ld\u0131z,  &#8220;7 g\u00fcnd\u00fcr evimizin hali b\u00f6yle ve Kaymakam d\u0131\u015f\u0131nda bir tane yetkili gelmiyor ve Ankara ne kadar uzak ki? Yer, zemin \u00f6l\u00e7\u00fcm\u00fc i\u00e7in ekip gelmiyor. Suriyeliler kadar de\u011ferimiz yok mu&#8221; dedi.<\/p>\n<p>Samanl\u0131klar ve ah\u0131rlar zarar g\u00f6r\u00fcrken; k\u00f6yl\u00fcler uyurken toprak alt\u0131nda kalmaktan korktuklar\u0131n\u0131 s\u00f6yleyerek, &#8220;Evlerimiz oturacak durumda de\u011fil. K\u00f6y\u00fcm\u00fcz peri\u015fan, her bir hayvan\u0131m\u0131z\u0131 farkl\u0131 yerlere g\u00f6t\u00fcrd\u00fck. Bizlerde kom\u015fu k\u00f6ylerde misafir olarak kal\u0131yoruz. Burada korku ve panik i\u00e7inde bekliyoruz.  Devletin bizlere yard\u0131mc\u0131 olmas\u0131n\u0131 bekliyoruz&#8221; diye konu\u015ftu.<\/p>\n<p>Bo\u015faltma karar\u0131 al\u0131nan 50 haneli k\u00f6yde, k\u00f6yl\u00fclerin bir b\u00f6l\u00fcm\u00fc yayla evlerine ta\u015f\u0131nd\u0131. Kalan ailelerin bir k\u0131sm\u0131 kom\u015fu k\u00f6ylerde misafir olarak kal\u0131rken bir k\u0131sm\u0131 ise Kaymakaml\u0131k taraf\u0131ndan okul yurtlar\u0131na yerle\u015ftirildi.<\/p>\n","protected":false},"excerpt":{"rendered":"<p>ARDAHAN&#8217;IN POSOF \u0130L\u00c7ES\u0130NDE MEYDANA GELEN HEYELAN SONUCU ZARAR G\u00d6REN EVLER TAHL\u0130YE ED\u0130LD\u0130, YOL VE TARIM ARAZ\u0130LER\u0130NDE HASAR OLU\u015eTU.<\/p>\n","protected":false},"author":1,"featured_media":168253,"comment_status":"closed","ping_status":"open","sticky":false,"template":"","format":"standard","meta":{"jetpack_post_was_ever_published":false,"_jetpack_newsletter_access":"","_jetpack_dont_email_post_to_subs":false,"_jetpack_newsletter_tier_id":0,"_jetpack_memberships_contains_paywalled_content":false,"_jetpack_memberships_contains_paid_content":false,"footnotes":"","jetpack_publicize_message":"","jetpack_publicize_feature_enabled":true,"jetpack_social_post_already_shared":true,"jetpack_social_options":{"image_generator_settings":{"template":"highway","default_image_id":0,"font":"","enabled":false},"version":2}},"categories":[1],"tags":[1192,8768,6401],"class_list":["post-168252","post","type-post","status-publish","format-standard","has-post-thumbnail","hentry","category-genel","tag-ardahanda","tag-heyelan","tag-panigi"],"jetpack_publicize_connections":[],"jetpack_featured_media_url":"https:\/\/i0.wp.com\/www.tvturk.com\/wp-content\/uploads\/2019\/06\/ardahanda-heyelan-panigi_eb15875.jpg?fit=1000%2C666","jetpack_sharing_enabled":true,"jetpack_shortlink":"https:\/\/wp.me\/paKIfm-HLK","_links":{"self":[{"href":"http:\/\/www.tvturk.com\/index.php\/wp-json\/wp\/v2\/posts\/168252","targetHints":{"allow":["GET"]}}],"collection":[{"href":"http:\/\/www.tvturk.com\/index.php\/wp-json\/wp\/v2\/posts"}],"about":[{"href":"http:\/\/www.tvturk.com\/index.php\/wp-json\/wp\/v2\/types\/post"}],"author":[{"embeddable":true,"href":"http:\/\/www.tvturk.com\/index.php\/wp-json\/wp\/v2\/users\/1"}],"replies":[{"embeddable":true,"href":"http:\/\/www.tvturk.com\/index.php\/wp-json\/wp\/v2\/comments?post=168252"}],"version-history":[{"count":0,"href":"http:\/\/www.tvturk.com\/index.php\/wp-json\/wp\/v2\/posts\/168252\/revisions"}],"wp:featuredmedia":[{"embeddable":true,"href":"http:\/\/www.tvturk.com\/index.php\/wp-json\/wp\/v2\/media\/168253"}],"wp:attachment":[{"href":"http:\/\/www.tvturk.com\/index.php\/wp-json\/wp\/v2\/media?parent=168252"}],"wp:term":[{"taxonomy":"category","embeddable":true,"href":"http:\/\/www.tvturk.com\/index.php\/wp-json\/wp\/v2\/categories?post=168252"},{"taxonomy":"post_tag","embeddable":true,"href":"http:\/\/www.tvturk.com\/index.php\/wp-json\/wp\/v2\/tags?post=168252"}],"curies":[{"name":"wp","href":"https:\/\/api.w.org\/{rel}","templated":true}]}}