{"id":168274,"date":"2019-06-12T11:50:22","date_gmt":"2019-06-12T08:50:22","guid":{"rendered":"http:\/\/www.tvturk.com\/index.php\/osmanli-doneminde-yapilan-tarihi-kisla-turizme-kazandirilacak\/"},"modified":"2019-06-12T11:50:22","modified_gmt":"2019-06-12T08:50:22","slug":"osmanli-doneminde-yapilan-tarihi-kisla-turizme-kazandirilacak","status":"publish","type":"post","link":"http:\/\/www.tvturk.com\/index.php\/osmanli-doneminde-yapilan-tarihi-kisla-turizme-kazandirilacak\/","title":{"rendered":"Osmanl\u0131 d\u00f6neminde yap\u0131lan tarihi k\u0131\u015fla turizme kazand\u0131r\u0131lacak"},"content":{"rendered":"<p>\u00c7orum\u2019un \u0130skilip il\u00e7esinde bulunan ve Osmanl\u0131 \u0130mparatorlu\u011fu d\u00f6neminde in\u015fa edilerek askerlerin toplanma, e\u011fitim ve sevk merkezi olarak kullan\u0131lan tarihi Redif K\u0131\u015flas\u0131 turizme kazand\u0131r\u0131lacak.<\/p>\n<p>\u0130skilip Kaymakaml\u0131\u011f\u0131nca, Orta Karadeniz Kalk\u0131nma Ajans\u0131\u2019n\u0131n (OKA) &#8220;Turizmin Geli\u015ftirilmesine Y\u00f6nelik K\u00fc\u00e7\u00fck \u00d6l\u00e7ekli Alt Yap\u0131 Yat\u0131r\u0131mlar\u0131na Mali Destek&#8221; projeleri kapsam\u0131nda 150 y\u0131ll\u0131k ge\u00e7mi\u015fe sahip askeri k\u0131\u015flan\u0131n restorasyonu i\u00e7in proje haz\u0131rlanm\u0131\u015ft\u0131. 2017 y\u0131l\u0131nda ihalesi yap\u0131lan ve 2 milyon 895 bin lira mal olan restorasyon projeni bir y\u0131l i\u00e7erisinde tamamlan\u0131rken proje maliyetinin 794 bin liras\u0131 OKA taraf\u0131ndan kar\u015f\u0131land\u0131. Tarihi k\u0131\u015flan\u0131n \u00e7at\u0131s\u0131 ve tefri\u015fat\u0131n\u0131n tamamlanmas\u0131n\u0131n ard\u0131ndan hizmete sunulmas\u0131 planlan\u0131yor.<\/p>\n<p>\u00c7orum Valisi Mustafa \u00c7ift\u00e7i tarihi Redif K\u0131\u015flas\u0131\u2019nda incelemelerde bulunarak, k\u0131\u015flan\u0131n son durumu hakk\u0131nda yetkililerden bilgi ald\u0131. \u0130ncelemelerin ard\u0131ndan gazetecilere bir a\u00e7\u0131klama yapan Vali \u00c7ift\u00e7i, Redif K\u0131\u015flas\u0131\u2019nda 2016 y\u0131l\u0131nda Orta Karadeniz Kalk\u0131nma Ajans\u0131 ve \u0130l \u00d6zel \u0130daresi ile birlikte restorasyon in\u015faat\u0131na ba\u015fland\u0131\u011f\u0131n\u0131 hat\u0131rlatarak, 2018 y\u0131l\u0131nda ayr\u0131lan \u00f6denek bitti\u011fi i\u00e7in in\u015faat\u0131n tasfiye edildi\u011fini s\u00f6yledi.<\/p>\n<p>\u00c7at\u0131s\u0131yla di\u011fer zorunlu imalatlar\u0131n\u0131n yap\u0131labilmesi i\u00e7in 800 bin liral\u0131k zorunlu kayna\u011fa ihtiya\u00e7 oldu\u011funu s\u00f6yleyen Vali \u00c7ift\u00e7i, \u201cBununla ilgili iki defa Ankara\u2019ya K\u00fclt\u00fcr ve Turizm Bakanl\u0131\u011f\u0131\u2019na giderek \u00f6denek talebinde bulundum. En son milletvekilimiz Erol Kavuncu\u2019da Redif K\u0131\u015flas\u0131yla ilgili bakan\u0131m\u0131zla g\u00f6r\u00fc\u015ft\u00fc. Yaln\u0131z k\u00fc\u00e7\u00fck bir problem var. Buras\u0131 \u015fu anda Milli E\u011fitim Bakanl\u0131\u011f\u0131na tahsisli. K\u00fclt\u00fcr Bakanl\u0131\u011f\u0131ndan \u00f6denek aktar\u0131labilmesi i\u00e7in m\u00fclkiyenin de K\u00fclt\u00fcr ve Turizm Bakanl\u0131\u011f\u0131\u2019na tahsis edilmesi gerekiyor. Onunla ilgili \u00e7al\u0131\u015fmalar devam ediyor. Bu s\u00fcre\u00e7 tamamland\u0131\u011f\u0131nda geriye kalan imalatlarda bitmi\u015f olacak. Yaln\u0131z binay\u0131 d\u0131\u015f etkenlerden korumak i\u00e7in \u00e7at\u0131s\u0131n\u0131 \u0130l \u00d6zel \u0130daresi imkanlar\u0131yla yapaca\u011f\u0131z. \u00c7at\u0131s\u0131n\u0131 yaparsak ya\u011fmur ve kar gibi etkilere kar\u015f\u0131 korumu\u015f olaca\u011f\u0131z. Geriye kalan \u00f6denek geldi\u011finde \u0130skilip halk\u0131n\u0131n hizmetine sunulabilmesi i\u00e7in di\u011fer zorunlu imalatlarda yap\u0131lm\u0131\u015f olacak\u201d dedi.<\/p>\n<p>\u2019Redif K\u0131\u015flas\u0131\u2019n\u0131n tarihi\u2019<\/p>\n<p>1826 y\u0131l\u0131nda da Osmanl\u0131 padi\u015fah\u0131 II. Mahmut d\u00f6neminde yeni\u00e7eri oca\u011f\u0131 kald\u0131r\u0131ld\u0131ktan sonra d\u00f6nemin \u201cMeclis-i \u015euras\u0131\u201d 1834 y\u0131l\u0131nda Redif Askeri K\u0131\u015flalar\u0131 kurulmas\u0131na karar verildi. T\u00fcm \u00fclkede yeniden yap\u0131lanmaya giden askeri te\u015fkilat bu kapsamda belirli yerlere askerin toplanma ve sevkini sa\u011flamak amac\u0131yla k\u0131\u015fla binalar\u0131 olu\u015fturuldu. Askerin toplanma merkezi olarak olu\u015fturulan k\u0131\u015flalardan bir tanesi de 19. y\u00fczy\u0131l sonlar\u0131nda \u0130skilip\u2019te in\u015fa edilmi\u015fti. 720 metre kare alan \u00fczerine tastan \u00fc\u00e7 kat olarak in\u015fa edilen Redif K\u0131\u015flas\u0131 1945 y\u0131l\u0131na kadar kullan\u0131ld\u0131.<\/p>\n","protected":false},"excerpt":{"rendered":"<p>\u00c7ORUM\u2019UN \u0130SK\u0130L\u0130P \u0130L\u00c7ES\u0130NDE BULUNAN VE OSMANLI DEVLET\u0130 D\u00d6NEM\u0130NDE \u0130N\u015eA ED\u0130LEREK ASKERLER\u0130N TOPLANMA, E\u011e\u0130T\u0130M VE SEVK MERKEZ\u0130 OLARAK KULLANILAN YAKLA\u015eIK TAR\u0130H\u0130 RED\u0130F KI\u015eLASI, TUR\u0130ZME KAZANDIRILACAK.<\/p>\n","protected":false},"author":1,"featured_media":168275,"comment_status":"closed","ping_status":"open","sticky":false,"template":"","format":"standard","meta":{"jetpack_post_was_ever_published":false,"_jetpack_newsletter_access":"","_jetpack_dont_email_post_to_subs":false,"_jetpack_newsletter_tier_id":0,"_jetpack_memberships_contains_paywalled_content":false,"_jetpack_memberships_contains_paid_content":false,"footnotes":"","jetpack_publicize_message":"","jetpack_publicize_feature_enabled":true,"jetpack_social_post_already_shared":true,"jetpack_social_options":{"image_generator_settings":{"template":"highway","default_image_id":0,"font":"","enabled":false},"version":2}},"categories":[1],"tags":[5410,2717,24703,40334,800,4148,530],"class_list":["post-168274","post","type-post","status-publish","format-standard","has-post-thumbnail","hentry","category-genel","tag-osmanli","tag-doneminde","tag-kazandirilacak","tag-kisla","tag-tarihi","tag-turizme","tag-yapilan"],"jetpack_publicize_connections":[],"jetpack_featured_media_url":"https:\/\/i0.wp.com\/www.tvturk.com\/wp-content\/uploads\/2019\/06\/osmanli-doneminde-yapilan-tarihi-kisla-turizme-kazandirilacak_1d8026a.jpg?fit=1000%2C666","jetpack_sharing_enabled":true,"jetpack_shortlink":"https:\/\/wp.me\/paKIfm-HM6","_links":{"self":[{"href":"http:\/\/www.tvturk.com\/index.php\/wp-json\/wp\/v2\/posts\/168274","targetHints":{"allow":["GET"]}}],"collection":[{"href":"http:\/\/www.tvturk.com\/index.php\/wp-json\/wp\/v2\/posts"}],"about":[{"href":"http:\/\/www.tvturk.com\/index.php\/wp-json\/wp\/v2\/types\/post"}],"author":[{"embeddable":true,"href":"http:\/\/www.tvturk.com\/index.php\/wp-json\/wp\/v2\/users\/1"}],"replies":[{"embeddable":true,"href":"http:\/\/www.tvturk.com\/index.php\/wp-json\/wp\/v2\/comments?post=168274"}],"version-history":[{"count":0,"href":"http:\/\/www.tvturk.com\/index.php\/wp-json\/wp\/v2\/posts\/168274\/revisions"}],"wp:featuredmedia":[{"embeddable":true,"href":"http:\/\/www.tvturk.com\/index.php\/wp-json\/wp\/v2\/media\/168275"}],"wp:attachment":[{"href":"http:\/\/www.tvturk.com\/index.php\/wp-json\/wp\/v2\/media?parent=168274"}],"wp:term":[{"taxonomy":"category","embeddable":true,"href":"http:\/\/www.tvturk.com\/index.php\/wp-json\/wp\/v2\/categories?post=168274"},{"taxonomy":"post_tag","embeddable":true,"href":"http:\/\/www.tvturk.com\/index.php\/wp-json\/wp\/v2\/tags?post=168274"}],"curies":[{"name":"wp","href":"https:\/\/api.w.org\/{rel}","templated":true}]}}