{"id":168320,"date":"2019-06-12T12:44:35","date_gmt":"2019-06-12T09:44:35","guid":{"rendered":"http:\/\/www.tvturk.com\/index.php\/baliklarin-ureme-gocune-boyle-yardim-ettiler\/"},"modified":"2019-06-12T12:44:35","modified_gmt":"2019-06-12T09:44:35","slug":"baliklarin-ureme-gocune-boyle-yardim-ettiler","status":"publish","type":"post","link":"http:\/\/www.tvturk.com\/index.php\/baliklarin-ureme-gocune-boyle-yardim-ettiler\/","title":{"rendered":"Bal\u0131klar\u0131n \u00fcreme g\u00f6\u00e7\u00fcne b\u00f6yle yard\u0131m ettiler"},"content":{"rendered":"<p>Artvin\u2019de \u00fcremek i\u00e7in ak\u0131nt\u0131ya kar\u015f\u0131 y\u00fczen bal\u0131klar, bal\u0131k g\u00f6\u00e7\u00fc d\u00fc\u015f\u00fcn\u00fclmeden yap\u0131lan dere \u0131slah\u0131 nedeniyle derenin \u00fcst k\u0131s\u0131mlar\u0131na g\u00f6\u00e7 edemeyince yard\u0131mlar\u0131na sanayi sitesi esnaf\u0131 ko\u015ftu. Kovalar, le\u011fenler ve a\u011flarla toplad\u0131klar\u0131 bal\u0131klar\u0131 derenin \u00fcst kesimlerine b\u0131rakarak g\u00f6\u00e7lerine yard\u0131mc\u0131 oldular.<\/p>\n<p>Artvin\u2019de sanayi sitesi yan\u0131nda bulunan derede \u00fcremek i\u00e7in suyun ak\u0131\u015f\u0131na kar\u015f\u0131 y\u00fczerek yavrulamak isteyen kefal, sazan ve g\u00fcm\u00fc\u015f bal\u0131\u011f\u0131 t\u00fcrleri yanl\u0131\u015f dere \u0131slah\u0131 nedeniyle bu g\u00f6\u00e7\u00fc ba\u015faramad\u0131. \u00c7ok say\u0131da bal\u0131k g\u00f6\u00e7 s\u0131ras\u0131nda telef olurken, dere \u0131slah\u0131 i\u00e7in dere i\u00e7inde yap\u0131lan basamaklar\u0131 a\u015famayan bal\u0131klar\u0131n yard\u0131m\u0131na ise sanayi sitesi esnaflar\u0131 ko\u015ftu. Serpme ad\u0131 verilen a\u011flarla bal\u0131klar\u0131 toplayan vatanda\u015flar, su dolu kovalara doldurduklar\u0131 bal\u0131klar\u0131 derenin \u00fcst taraf\u0131na g\u00f6t\u00fcrerek yeniden suya b\u0131rakt\u0131lar.<\/p>\n<p>Uzun y\u0131llard\u0131r sanayide oto elektrik ustas\u0131 olarak hizmet veren \u00dcmit \u00c7elik, \u201cDere \u0131slah\u0131 \u00e7al\u0131\u015fmas\u0131nda yap\u0131lan betonlar nedeniyle bal\u0131klar\u0131n yumurtlama zaman\u0131 buraya gelip y\u0131\u011f\u0131l\u0131yor. Yukar\u0131ya ge\u00e7emiyor. Bizde elimizden geldi\u011fince yard\u0131mc\u0131 olmaya \u00e7al\u0131\u015f\u0131yoruz. Kovalara doldurup derenin \u00fcst taraflar\u0131na b\u0131rak\u0131yoruz. Dereye bakt\u0131\u011f\u0131m\u0131zda i\u00e7i bal\u0131k kayn\u0131yor. Durumlar\u0131na \u00fcz\u00fcld\u00fck, bu bal\u0131klar\u0131n yukar\u0131ya do\u011fru gitmek istedikleri belli. Yumurtlama sezonu oldu\u011fu da belli. Bizde kendi \u00e7ap\u0131m\u0131zda yard\u0131m etmeye \u00e7al\u0131\u015ft\u0131k. Bir hafta i\u00e7inde sadece ben yakla\u015f\u0131k 25 kova bal\u0131\u011f\u0131 derenin \u00fcst taraflar\u0131na ta\u015f\u0131d\u0131m\u201d dedi.<\/p>\n","protected":false},"excerpt":{"rendered":"<p>ARTV\u0130N\u2019DE \u00dcREMEK \u0130\u00c7\u0130N AKINTIYA KAR\u015eI Y\u00dcZEN BALIKLAR, DERE ISLAHI NEDEN\u0130YLE G\u00d6\u00c7 EDEMEY\u0130NCE YARDIMLARINA SANAY\u0130 S\u0130TES\u0130 ESNAFLARI KO\u015eTU. KOVALAR VE LE\u011eENLERLE TOPLADIKLARI BALIKLARI DEREN\u0130N \u00dcST TARAFINA BIRAKARAK \u00dcREMELER\u0130NE YARDIMCI OLDULAR.<\/p>\n","protected":false},"author":1,"featured_media":168321,"comment_status":"closed","ping_status":"open","sticky":false,"template":"","format":"standard","meta":{"jetpack_post_was_ever_published":false,"_jetpack_newsletter_access":"","_jetpack_dont_email_post_to_subs":false,"_jetpack_newsletter_tier_id":0,"_jetpack_memberships_contains_paywalled_content":false,"_jetpack_memberships_contains_paid_content":false,"footnotes":"","jetpack_publicize_message":"","jetpack_publicize_feature_enabled":true,"jetpack_social_post_already_shared":true,"jetpack_social_options":{"image_generator_settings":{"template":"highway","default_image_id":0,"font":"","enabled":false},"version":2}},"categories":[1],"tags":[37442,836,2739,30903,40354,1736],"class_list":["post-168320","post","type-post","status-publish","format-standard","has-post-thumbnail","hentry","category-genel","tag-baliklarin","tag-boyle","tag-ettiler","tag-gocune","tag-ureme","tag-yardim"],"jetpack_publicize_connections":[],"jetpack_featured_media_url":"https:\/\/i0.wp.com\/www.tvturk.com\/wp-content\/uploads\/2019\/06\/baliklarin-ureme-gocune-boyle-yardim-ettiler_90e8976.jpg?fit=1000%2C563","jetpack_sharing_enabled":true,"jetpack_shortlink":"https:\/\/wp.me\/paKIfm-HMQ","_links":{"self":[{"href":"http:\/\/www.tvturk.com\/index.php\/wp-json\/wp\/v2\/posts\/168320","targetHints":{"allow":["GET"]}}],"collection":[{"href":"http:\/\/www.tvturk.com\/index.php\/wp-json\/wp\/v2\/posts"}],"about":[{"href":"http:\/\/www.tvturk.com\/index.php\/wp-json\/wp\/v2\/types\/post"}],"author":[{"embeddable":true,"href":"http:\/\/www.tvturk.com\/index.php\/wp-json\/wp\/v2\/users\/1"}],"replies":[{"embeddable":true,"href":"http:\/\/www.tvturk.com\/index.php\/wp-json\/wp\/v2\/comments?post=168320"}],"version-history":[{"count":0,"href":"http:\/\/www.tvturk.com\/index.php\/wp-json\/wp\/v2\/posts\/168320\/revisions"}],"wp:featuredmedia":[{"embeddable":true,"href":"http:\/\/www.tvturk.com\/index.php\/wp-json\/wp\/v2\/media\/168321"}],"wp:attachment":[{"href":"http:\/\/www.tvturk.com\/index.php\/wp-json\/wp\/v2\/media?parent=168320"}],"wp:term":[{"taxonomy":"category","embeddable":true,"href":"http:\/\/www.tvturk.com\/index.php\/wp-json\/wp\/v2\/categories?post=168320"},{"taxonomy":"post_tag","embeddable":true,"href":"http:\/\/www.tvturk.com\/index.php\/wp-json\/wp\/v2\/tags?post=168320"}],"curies":[{"name":"wp","href":"https:\/\/api.w.org\/{rel}","templated":true}]}}