{"id":168332,"date":"2019-06-12T12:56:27","date_gmt":"2019-06-12T09:56:27","guid":{"rendered":"http:\/\/www.tvturk.com\/index.php\/ambalaj-sektoru-buyuyor\/"},"modified":"2019-06-12T12:56:27","modified_gmt":"2019-06-12T09:56:27","slug":"ambalaj-sektoru-buyuyor","status":"publish","type":"post","link":"http:\/\/www.tvturk.com\/index.php\/ambalaj-sektoru-buyuyor\/","title":{"rendered":"Ambalaj sekt\u00f6r\u00fc b\u00fcy\u00fcyor"},"content":{"rendered":"<p>Ambalaj sekt\u00f6r\u00fcnde ya\u015fanan b\u00fcy\u00fcme kendisini \u0130SO Birinci 500 B\u00fcy\u00fck Sanayi Kurulu\u015fu listesinde de g\u00f6sterdi. Listede 33 ambalaj firmas\u0131 yer ald\u0131.<\/p>\n<p>Ambalaj Sanayicileri Derne\u011fi (ASD) Y\u00f6netim Kurulu Ba\u015fkan\u0131 Zeki Sar\u0131bekir, \u0130SO listesinde ambalaj sekt\u00f6r\u00fcn\u00fcn pay\u0131n\u0131n artt\u0131\u011f\u0131na i\u015faret ederek, bundan sonra da ihracat odakl\u0131 b\u00fcy\u00fcme hedefiyle \u00e7al\u0131\u015fmaya devam edeceklerini kaydetti.<\/p>\n<p>Ge\u00e7ti\u011fimiz y\u0131l\u0131 23 milyar dolar pazar b\u00fcy\u00fckl\u00fc\u011f\u00fc ve 4,6 milyar dolarl\u0131k ihracat geliri ile tamamlayan ambalaj sekt\u00f6r\u00fcndeki b\u00fcy\u00fcme \u0130SO Birinci 500 B\u00fcy\u00fck Sanayi Kurulu\u015fu listesine de yans\u0131d\u0131. Bir \u00f6nceki y\u0131l listede 29 sekt\u00f6r firmas\u0131 yer al\u0131rken, ge\u00e7ti\u011fimiz sene bu rakam 20\u2019si ASD \u00fcyesi olmak \u00fczere toplam 33 firmaya y\u00fckseldi.<\/p>\n<p>Sar\u0131bekir, sadece b\u00fcy\u00fcme ve ihracat olarak de\u011fil ayn\u0131 zamanda d\u0131\u015f ticaret fazlas\u0131 olarak bak\u0131ld\u0131\u011f\u0131nda da son derece olumlu bir y\u0131l\u0131 geride b\u0131rakt\u0131klar\u0131n\u0131 belirtti. Zeki Sar\u0131bekir, \u015funlar\u0131 s\u00f6yledi:<\/p>\n<p>&#8220;Ambalaj sekt\u00f6r\u00fcn\u00fcn y\u0131ll\u0131k de\u011fi\u015fimine bak\u0131ld\u0131\u011f\u0131nda, \u0130SO ilk 500\u2019de yer alan 33 firman\u0131n ger\u00e7ekle\u015ftirdi\u011fi \u00fcretimden sat\u0131\u015flar\u0131n \u00f6nceki seneye g\u00f6re yakla\u015f\u0131k y\u00fczde 59, d\u00f6nem karlar\u0131n\u0131n yakla\u015f\u0131k y\u00fczde 142, ihracatlar\u0131n\u0131n y\u00fczde 45,42 ve \u00e7al\u0131\u015fan say\u0131lar\u0131n\u0131n da y\u00fczde 25,44 oran\u0131nda artt\u0131\u011f\u0131 g\u00f6r\u00fcl\u00fcyor.<\/p>\n<p>Ambalaj sekt\u00f6r\u00fc olarak \u0130SO 500 i\u00e7erisindeki b\u00fcy\u00fckl\u00fc\u011f\u00fcm\u00fcz\u00fc de art\u0131r\u0131yoruz. Firmalar\u0131m\u0131z\u0131n \u00fcretimden sat\u0131\u015flar\u0131 \u0130SO 500\u2019\u00fcn y\u00fczde 3,4\u2019\u00fcn\u00fc, d\u00f6nem karlar\u0131n\u0131n y\u00fczde 2\u2019sini, ihracatlar\u0131n\u0131n y\u00fczde 1,5\u2019ini ve \u00e7al\u0131\u015fan say\u0131lar\u0131n\u0131n da y\u00fczde 2,3\u2019\u00fcn\u00fc olu\u015fturuyor.&#8221;<\/p>\n<p>Ambalaj sekt\u00f6r\u00fcnde ana odaklar\u0131n\u0131 ihracat olarak belirlediklerini anlatan Zeki Sar\u0131bekir, &#8220;Her ge\u00e7en g\u00fcn daha \u00e7ok ihracat yapmay\u0131 hedeflemeliyiz. T\u00fcrkiye\u2019de \u00fcretti\u011fimiz ambalajlar\u0131n en az yar\u0131s\u0131n\u0131 ihra\u00e7 edebilmek amac\u0131yla \u00e7al\u0131\u015fmal\u0131y\u0131z. T\u00fcrkiye Cumhuriyeti\u2019nin 100\u2019\u00fcnc\u00fc y\u0131l\u0131n\u0131 kutlayaca\u011f\u0131m\u0131z 2023\u2019te 30 milyar dolarl\u0131k pazar b\u00fcy\u00fckl\u00fc\u011f\u00fc ve 10 milyar dolarl\u0131k ihracat hedefimize ula\u015faca\u011f\u0131z\u2019\u2019 diye konu\u015ftu.<\/p>\n","protected":false},"excerpt":{"rendered":"<p>AMBALAJ SANAY\u0130C\u0130LER\u0130 DERNE\u011e\u0130 (ASD) Y\u00d6NET\u0130M KURULU BA\u015eKANI ZEK\u0130 SARIBEK\u0130R, \u0130SO L\u0130STES\u0130NDE AMBALAJ SEKT\u00d6R\u00dcN\u00dcN PAYININ ARTTI\u011eINA \u0130\u015eARET EDEREK, BUNDAN SONRA DA \u0130HRACAT ODAKLI B\u00dcY\u00dcME HEDEF\u0130YLE \u00c7ALI\u015eMAYA DEVAM EDECEKLER\u0130N\u0130 KAYDETT\u0130.<\/p>\n","protected":false},"author":1,"featured_media":168333,"comment_status":"closed","ping_status":"open","sticky":false,"template":"","format":"standard","meta":{"jetpack_post_was_ever_published":false,"_jetpack_newsletter_access":"","_jetpack_dont_email_post_to_subs":false,"_jetpack_newsletter_tier_id":0,"_jetpack_memberships_contains_paywalled_content":false,"_jetpack_memberships_contains_paid_content":false,"footnotes":"","jetpack_publicize_message":"","jetpack_publicize_feature_enabled":true,"jetpack_social_post_already_shared":true,"jetpack_social_options":{"image_generator_settings":{"template":"highway","default_image_id":0,"font":"","enabled":false},"version":2}},"categories":[1],"tags":[12559,7241,301],"class_list":["post-168332","post","type-post","status-publish","format-standard","has-post-thumbnail","hentry","category-genel","tag-ambalaj","tag-buyuyor","tag-sektoru"],"jetpack_publicize_connections":[],"jetpack_featured_media_url":"https:\/\/i0.wp.com\/www.tvturk.com\/wp-content\/uploads\/2019\/06\/ambalaj-sektoru-buyuyor_b46820b.jpg?fit=750%2C1000","jetpack_sharing_enabled":true,"jetpack_shortlink":"https:\/\/wp.me\/paKIfm-HN2","_links":{"self":[{"href":"http:\/\/www.tvturk.com\/index.php\/wp-json\/wp\/v2\/posts\/168332","targetHints":{"allow":["GET"]}}],"collection":[{"href":"http:\/\/www.tvturk.com\/index.php\/wp-json\/wp\/v2\/posts"}],"about":[{"href":"http:\/\/www.tvturk.com\/index.php\/wp-json\/wp\/v2\/types\/post"}],"author":[{"embeddable":true,"href":"http:\/\/www.tvturk.com\/index.php\/wp-json\/wp\/v2\/users\/1"}],"replies":[{"embeddable":true,"href":"http:\/\/www.tvturk.com\/index.php\/wp-json\/wp\/v2\/comments?post=168332"}],"version-history":[{"count":0,"href":"http:\/\/www.tvturk.com\/index.php\/wp-json\/wp\/v2\/posts\/168332\/revisions"}],"wp:featuredmedia":[{"embeddable":true,"href":"http:\/\/www.tvturk.com\/index.php\/wp-json\/wp\/v2\/media\/168333"}],"wp:attachment":[{"href":"http:\/\/www.tvturk.com\/index.php\/wp-json\/wp\/v2\/media?parent=168332"}],"wp:term":[{"taxonomy":"category","embeddable":true,"href":"http:\/\/www.tvturk.com\/index.php\/wp-json\/wp\/v2\/categories?post=168332"},{"taxonomy":"post_tag","embeddable":true,"href":"http:\/\/www.tvturk.com\/index.php\/wp-json\/wp\/v2\/tags?post=168332"}],"curies":[{"name":"wp","href":"https:\/\/api.w.org\/{rel}","templated":true}]}}