{"id":168366,"date":"2019-06-12T13:45:58","date_gmt":"2019-06-12T10:45:58","guid":{"rendered":"http:\/\/www.tvturk.com\/index.php\/avrupa-sampiyonu-guresciye-mehterli-karsilama\/"},"modified":"2019-06-12T13:45:58","modified_gmt":"2019-06-12T10:45:58","slug":"avrupa-sampiyonu-guresciye-mehterli-karsilama","status":"publish","type":"post","link":"http:\/\/www.tvturk.com\/index.php\/avrupa-sampiyonu-guresciye-mehterli-karsilama\/","title":{"rendered":"Avrupa \u015eampiyonu g\u00fcre\u015f\u00e7iye mehterli kar\u015f\u0131lama"},"content":{"rendered":"<p>\u0130spanya\u2019da ger\u00e7ekle\u015fen Gen\u00e7ler Avrupa G\u00fcre\u015f \u015eampiyonas\u0131\u2019nda yar\u0131\u015fan Akhisarl\u0131 Feyzullah Akt\u00fcrk, t\u00fcm rakiplerini yenerek alt\u0131n madalya kazand\u0131 ve Avrupa \u015eampiyonu oldu. Avrupa \u015fampiyonu g\u00fcre\u015f\u00e7i memleketi Manisa\u2019n\u0131n Akhisar il\u00e7esinde co\u015fkuyla kar\u015f\u0131land\u0131.<\/p>\n<p>Avrupa \u015eampiyonu olarak b\u00fct\u00fcn T\u00fcrkiye\u2019ye b\u00fcy\u00fck bir gurur ya\u015fatan gen\u00e7 sporcu Feyzullah Akt\u00fcrk, memleketi Akhisar\u2019a gelerek sevincini hem\u015fehrileriyle payla\u015ft\u0131. Atlar ve Mehter Mar\u015f\u0131 ile kar\u015f\u0131lanan gen\u00e7 \u015fampiyon, Akhisar Kaymakaml\u0131\u011f\u0131\u2019n\u0131 ziyaret ederek Akhisar Kaymakam\u0131 Sabit Kaya, Garnizon Komutan\u0131 Albay Mehmet \u015eahin, Akhisar Belediye Ba\u015fkan\u0131 Besim Dutlulu, Ba\u015fkan Yard\u0131mc\u0131s\u0131 Ahmet T\u0131nazl\u0131 ve Bedri T\u00fcrk, meclis \u00fcyeleri, ailesi ve sevenleri ile bir araya geldi.<\/p>\n<p>Avrupa \u015eampiyonu Feyzullah Akt\u00fcrk\u2019\u00fc \u00e7i\u00e7ekle kar\u015f\u0131layan Akhisar Kaymakam\u0131 Sabit Kaya, ata sporu olan g\u00fcre\u015fte kazan\u0131lan b\u00fcy\u00fck ba\u015far\u0131dan duydu\u011fu memnuniyeti ifade ederek, &#8220;Gen\u00e7 sporcumuzu tebrik ederim. Gen\u00e7ler Avrupa \u015eampiyonas\u0131\u2019nda kazand\u0131\u011f\u0131 alt\u0131n madalya ile sadece Akhisar\u2019a de\u011fil, t\u00fcm T\u00fcrkiye\u2019ye bir gurur ya\u015fatm\u0131\u015ft\u0131r. Ba\u015far\u0131lar\u0131n\u0131n devam\u0131n\u0131 dilerim&#8221; dedi.<\/p>\n<p>Akhisar Belediye Ba\u015fkan\u0131 Besim Dutlulu, kazand\u0131\u011f\u0131 derece ile Gen\u00e7ler Avrupa \u015eampiyonas\u0131\u2019nda T\u00fcrk bayra\u011f\u0131n\u0131 dalgaland\u0131ran gen\u00e7 g\u00fcre\u015f\u00e7i Feyzullah Akt\u00fcrk\u2019\u00fc tebrik ederek bir s\u00fcre sohbet etti. Ba\u015fkan Besim Dutlulu, &#8220;\u015eehrimize b\u00f6yle bir gurur ya\u015fatt\u0131\u011f\u0131 i\u00e7in gen\u00e7 sporcumuzu y\u00fcrekten kutlar\u0131m. Ata sporumuz g\u00fcre\u015fte kazand\u0131\u011f\u0131m\u0131z bu ba\u015far\u0131, inan\u0131yorum ki artarak devam edecektir. Akhisar\u2019\u0131m\u0131z \u00e7ok yetenekli sporculara sahip bir \u015fehir. Gen\u00e7 yeteneklerin g\u00fczel bir e\u011fitimle, \u015fanl\u0131 bayra\u011f\u0131m\u0131z\u0131  d\u00fcnyada zirveye ta\u015f\u0131yacaklar\u0131na inan\u0131yorum. Biz Akhisar Belediyesi olarak gen\u00e7leri ve amat\u00f6r spor kul\u00fcplerini \u00e7ok \u00f6nemsiyoruz. Bu konuda elimizden gelen her t\u00fcrl\u00fc deste\u011fi vermeye haz\u0131r\u0131z. Ben, gen\u00e7 \u015fampiyonumuzu bir kez daha tebrik ediyor, bir sonraki ba\u015far\u0131s\u0131n\u0131n Olimpiyat \u015eampiyonlu\u011fu olmas\u0131n\u0131 diliyorum. Ba\u015far\u0131s\u0131 daim olsun&#8221; ifadelerini kulland\u0131.<\/p>\n<p>Bir sonraki hedef olimpiyat \u015fampiyonlu\u011fu<\/p>\n<p>Feyzullah Akt\u00fcrk, yapt\u0131\u011f\u0131 konu\u015fmas\u0131nda, &#8220;G\u00fczel dilekleriniz i\u00e7in \u00e7ok te\u015fekk\u00fcr ederim. Kazand\u0131\u011f\u0131m zafer i\u00e7in mutluyum. Bunun i\u00e7in \u00e7ok \u00e7al\u0131\u015fm\u0131\u015ft\u0131m. \u00c7al\u0131\u015fmaya da devam edece\u011fim. \u0130n\u015fallah bir sonraki hedefim Olimpiyat \u015eampiyonlu\u011fu olacak&#8221; dedi.<\/p>\n<p>Protokol \u00fcyeleri ile bir s\u00fcre sohbet eden Feyzullah Akt\u00fcrk, daha sonra onlarla hat\u0131ra foto\u011fraf\u0131 \u00e7ekildi. Akt\u00fcrk daha sonra Mehter Mar\u015f\u0131, atlar ve ara\u00e7 konvoyu e\u015fli\u011finde Akhisar sokaklar\u0131n\u0131 turlad\u0131.<\/p>\n","protected":false},"excerpt":{"rendered":"<p>\u0130SPANYA&#8217;DA GER\u00c7EKLE\u015eEN GEN\u00c7LER AVRUPA \u015eAMP\u0130YONASI&#8217;NDA YARI\u015eAN AKH\u0130SARLI FEYZULLAH AKT\u00dcRK, T\u00dcM RAK\u0130PLER\u0130N\u0130 YENEREK ALTIN MADALYA KAZANDI VE AVRUPA \u015eAMP\u0130YONU OLDU.<\/p>\n","protected":false},"author":1,"featured_media":168367,"comment_status":"closed","ping_status":"open","sticky":false,"template":"","format":"standard","meta":{"jetpack_post_was_ever_published":false,"_jetpack_newsletter_access":"","_jetpack_dont_email_post_to_subs":false,"_jetpack_newsletter_tier_id":0,"_jetpack_memberships_contains_paywalled_content":false,"_jetpack_memberships_contains_paid_content":false,"footnotes":"","jetpack_publicize_message":"","jetpack_publicize_feature_enabled":true,"jetpack_social_post_already_shared":true,"jetpack_social_options":{"image_generator_settings":{"template":"highway","default_image_id":0,"font":"","enabled":false},"version":2}},"categories":[657],"tags":[392,40371,680,19898,2415],"class_list":["post-168366","post","type-post","status-publish","format-standard","has-post-thumbnail","hentry","category-spor","tag-avrupa","tag-guresciye","tag-karsilama","tag-mehterli","tag-sampiyonu"],"jetpack_publicize_connections":[],"jetpack_featured_media_url":"https:\/\/i0.wp.com\/www.tvturk.com\/wp-content\/uploads\/2019\/06\/avrupa-sampiyonu-guresciye-mehterli-karsilama_7f58b7e.jpg?fit=1000%2C668","jetpack_sharing_enabled":true,"jetpack_shortlink":"https:\/\/wp.me\/paKIfm-HNA","_links":{"self":[{"href":"http:\/\/www.tvturk.com\/index.php\/wp-json\/wp\/v2\/posts\/168366","targetHints":{"allow":["GET"]}}],"collection":[{"href":"http:\/\/www.tvturk.com\/index.php\/wp-json\/wp\/v2\/posts"}],"about":[{"href":"http:\/\/www.tvturk.com\/index.php\/wp-json\/wp\/v2\/types\/post"}],"author":[{"embeddable":true,"href":"http:\/\/www.tvturk.com\/index.php\/wp-json\/wp\/v2\/users\/1"}],"replies":[{"embeddable":true,"href":"http:\/\/www.tvturk.com\/index.php\/wp-json\/wp\/v2\/comments?post=168366"}],"version-history":[{"count":0,"href":"http:\/\/www.tvturk.com\/index.php\/wp-json\/wp\/v2\/posts\/168366\/revisions"}],"wp:featuredmedia":[{"embeddable":true,"href":"http:\/\/www.tvturk.com\/index.php\/wp-json\/wp\/v2\/media\/168367"}],"wp:attachment":[{"href":"http:\/\/www.tvturk.com\/index.php\/wp-json\/wp\/v2\/media?parent=168366"}],"wp:term":[{"taxonomy":"category","embeddable":true,"href":"http:\/\/www.tvturk.com\/index.php\/wp-json\/wp\/v2\/categories?post=168366"},{"taxonomy":"post_tag","embeddable":true,"href":"http:\/\/www.tvturk.com\/index.php\/wp-json\/wp\/v2\/tags?post=168366"}],"curies":[{"name":"wp","href":"https:\/\/api.w.org\/{rel}","templated":true}]}}