{"id":168378,"date":"2019-06-12T13:55:26","date_gmt":"2019-06-12T10:55:26","guid":{"rendered":"http:\/\/www.tvturk.com\/index.php\/orhangazide-kaldirim-isgaline-gecit-yok\/"},"modified":"2019-06-12T13:55:26","modified_gmt":"2019-06-12T10:55:26","slug":"orhangazide-kaldirim-isgaline-gecit-yok","status":"publish","type":"post","link":"http:\/\/www.tvturk.com\/index.php\/orhangazide-kaldirim-isgaline-gecit-yok\/","title":{"rendered":"Orhangazi\u2019de kald\u0131r\u0131m i\u015fgaline ge\u00e7it yok"},"content":{"rendered":"<p>Orhangazi Belediyesi\u2019nin Esnaf ve Sanatkarlar Odas\u0131 ve Ticaret ve Sanayi Odas\u0131 ile birlikte kald\u0131r\u0131m i\u015fgallerine kar\u015f\u0131 ba\u015flatt\u0131\u011f\u0131 uygulama sonu\u00e7 verdi. Pazartesi g\u00fcn\u00fc ba\u015flayan uygulamaya bir \u00e7ok esnaf ayak uydururken, zab\u0131ta ekipleri ise denetimlerini s\u0131kla\u015ft\u0131rd\u0131. Esnaflar\u0131n malzeme ve \u00fcr\u00fcnlerinin kald\u0131r\u0131ld\u0131\u011f\u0131 kald\u0131r\u0131mlar tertemiz oldu.<\/p>\n<p>Orhangazi\u2019de kald\u0131r\u0131m i\u015fgaline sava\u015f a\u00e7\u0131ld\u0131. Ba\u015fta kahvehaneler ve seyyar sat\u0131c\u0131lar olmak \u00fczere yayalar\u0131n ge\u00e7i\u015f alan\u0131 olan kald\u0131r\u0131mlar\u0131n i\u015fgal edilmesine m\u00fcsaade etmeyeceklerini duyuran belediye, esnafa tebligat g\u00f6ndermi\u015fti. Kald\u0131r\u0131m i\u015fgalinin sonlanmas\u0131 i\u00e7in verilen m\u00fchlet sona erdikten sonra zab\u0131ta ekipleri cadde ve sokaklarda denetimlerini art\u0131rd\u0131. \u0130htarlara uymayan esnaflar\u0131n kald\u0131r\u0131mlar \u00fczerindeki malzemeleri zab\u0131ta taraf\u0131ndan kald\u0131r\u0131ld\u0131.<\/p>\n<p>Orhangazi genelinde bulunan seyyar sat\u0131c\u0131 ve kald\u0131r\u0131m i\u015fgalleri ile m\u00fccadele konusunu daha \u00f6nceden yapt\u0131\u011f\u0131 toplant\u0131larda dile getiren Belediye Ba\u015fkan\u0131 Bekir Ayd\u0131n, uygulamaya uyan esnaf ve vatanda\u015flara g\u00f6stermi\u015f olduklar\u0131 hassasiyetlerinden dolay\u0131 te\u015fekk\u00fcr etti.<\/p>\n<p>Bekir Ayd\u0131n, &#8220;Orhangazi\u2019mizi daha ya\u015fanabilir bir hale getirmek i\u00e7in t\u00fcm \u00e7al\u0131\u015fmalar\u0131m\u0131z bu y\u00f6nde olacakt\u0131r. Ald\u0131\u011f\u0131m\u0131z bu m\u00fccadelede bizlere g\u00f6n\u00fclden destek veren hem\u015ferilerime te\u015fekk\u00fcr ediyorum. Bu uygulamada en az bizler kadar esnaflar\u0131m\u0131zda hassasiyet g\u00f6sterece\u011finden hi\u00e7bir \u015f\u00fcphem yoktur&#8221; dedi.<\/p>\n","protected":false},"excerpt":{"rendered":"<p>ORHANGAZ\u0130 BELED\u0130YES\u0130\u2019N\u0130N ESNAF VE SANATKARLAR ODASI VE T\u0130CARET VE SANAY\u0130 ODASI \u0130LE B\u0130RL\u0130KTE KALDIRIM \u0130\u015eGALLER\u0130NE KAR\u015eI BA\u015eLATTI\u011eI UYGULAMA SONU\u00c7 VERD\u0130. PAZARTES\u0130 G\u00dcN\u00dc BA\u015eLAYAN UYGULAMAYA B\u0130R \u00c7OK ESNAF AYAK UYDURURKEN, ZABITA EK\u0130PLER\u0130 \u0130SE DENET\u0130MLER\u0130N\u0130 SIKLA\u015eTIRDI. ESNAFLARIN MALZEME VE \u00dcR\u00dcNLER\u0130N\u0130N KALDIRILDI\u011eI KALDIRIMLAR TERTEM\u0130Z OLDU. FOTO\u011eRAFTAK\u0130: ORHANGAZ\u0130 BELED\u0130YE BA\u015eKANI BEK\u0130R AYDIN<\/p>\n","protected":false},"author":1,"featured_media":168379,"comment_status":"closed","ping_status":"open","sticky":false,"template":"","format":"standard","meta":{"jetpack_post_was_ever_published":false,"_jetpack_newsletter_access":"","_jetpack_dont_email_post_to_subs":false,"_jetpack_newsletter_tier_id":0,"_jetpack_memberships_contains_paywalled_content":false,"_jetpack_memberships_contains_paid_content":false,"footnotes":"","jetpack_publicize_message":"","jetpack_publicize_feature_enabled":true,"jetpack_social_post_already_shared":true,"jetpack_social_options":{"image_generator_settings":{"template":"highway","default_image_id":0,"font":"","enabled":false},"version":2}},"categories":[1],"tags":[2220,40373,6439,2401,664],"class_list":["post-168378","post","type-post","status-publish","format-standard","has-post-thumbnail","hentry","category-genel","tag-gecit","tag-isgaline","tag-kaldirim","tag-orhangazide","tag-yok"],"jetpack_publicize_connections":[],"jetpack_featured_media_url":"https:\/\/i0.wp.com\/www.tvturk.com\/wp-content\/uploads\/2019\/06\/orhangazide-kaldirim-isgaline-gecit-yok_a612dec.jpg?fit=1000%2C666","jetpack_sharing_enabled":true,"jetpack_shortlink":"https:\/\/wp.me\/paKIfm-HNM","_links":{"self":[{"href":"http:\/\/www.tvturk.com\/index.php\/wp-json\/wp\/v2\/posts\/168378","targetHints":{"allow":["GET"]}}],"collection":[{"href":"http:\/\/www.tvturk.com\/index.php\/wp-json\/wp\/v2\/posts"}],"about":[{"href":"http:\/\/www.tvturk.com\/index.php\/wp-json\/wp\/v2\/types\/post"}],"author":[{"embeddable":true,"href":"http:\/\/www.tvturk.com\/index.php\/wp-json\/wp\/v2\/users\/1"}],"replies":[{"embeddable":true,"href":"http:\/\/www.tvturk.com\/index.php\/wp-json\/wp\/v2\/comments?post=168378"}],"version-history":[{"count":0,"href":"http:\/\/www.tvturk.com\/index.php\/wp-json\/wp\/v2\/posts\/168378\/revisions"}],"wp:featuredmedia":[{"embeddable":true,"href":"http:\/\/www.tvturk.com\/index.php\/wp-json\/wp\/v2\/media\/168379"}],"wp:attachment":[{"href":"http:\/\/www.tvturk.com\/index.php\/wp-json\/wp\/v2\/media?parent=168378"}],"wp:term":[{"taxonomy":"category","embeddable":true,"href":"http:\/\/www.tvturk.com\/index.php\/wp-json\/wp\/v2\/categories?post=168378"},{"taxonomy":"post_tag","embeddable":true,"href":"http:\/\/www.tvturk.com\/index.php\/wp-json\/wp\/v2\/tags?post=168378"}],"curies":[{"name":"wp","href":"https:\/\/api.w.org\/{rel}","templated":true}]}}