{"id":168410,"date":"2019-06-12T14:25:25","date_gmt":"2019-06-12T11:25:25","guid":{"rendered":"http:\/\/www.tvturk.com\/index.php\/anadolu-universitesinde-mezuniyet-heyecani-basladi\/"},"modified":"2019-06-12T14:25:25","modified_gmt":"2019-06-12T11:25:25","slug":"anadolu-universitesinde-mezuniyet-heyecani-basladi","status":"publish","type":"post","link":"http:\/\/www.tvturk.com\/index.php\/anadolu-universitesinde-mezuniyet-heyecani-basladi\/","title":{"rendered":"Anadolu \u00dcniversitesi\u2019nde mezuniyet heyecan\u0131 ba\u015flad\u0131"},"content":{"rendered":"<p>Eski\u015fehir Anadolu \u00dcniversitesinde 2018-2019 e\u011fitim \u00f6\u011fretim d\u00f6nemi mezuniyet t\u00f6renleri ba\u015flad\u0131. T\u00f6rene kat\u0131lan Anadolu \u00dcniversitesi Rekt\u00f6r\u00fc Prof. Dr. \u015eafak Ertan \u00c7omakl\u0131 da programda 15 Temmuz \u015eehidi \u00d6mer Halisdemir\u2019i unutmad\u0131.<\/p>\n<p>Anadolu \u00dcniversitesi, 2019 mezunlar\u0131n\u0131 d\u00fczenlenen t\u00f6renler ile u\u011furluyor. Yunus Emre Kamp\u00fcs\u00fc\u2019nde d\u00fczenlenen t\u00f6rende \u0130ktisadi ve \u0130dari Bilimler Fak\u00fcltesi, Edebiyat Fak\u00fcltesi, Sa\u011fl\u0131k Bilimleri Fak\u00fcltesi, Eski\u015fehir Meslek Y\u00fcksekokulu, Yunus Emre Sa\u011fl\u0131k Hizmetleri Meslek Y\u00fcksekokulu, Eczac\u0131l\u0131k Fak\u00fcltesi, G\u00fczel Sanatlar Fak\u00fcltesi, \u0130leti\u015fim Bilimleri Fak\u00fcltesi, Turizm Fak\u00fcltesi ve Devlet Konservatuvar\u0131 mezunu bin 520 \u00f6\u011frenci mezuniyet heyecan\u0131 ya\u015fad\u0131. Hukuk Fak\u00fcltesi \u00f6n\u00fcnde bulunan Atat\u00fcrk An\u0131t\u0131na \u00e7elenk konulmas\u0131yla ba\u015flayan etkinlikler, \u00f6\u011frencilerin okuduklar\u0131 fak\u00fclte ve b\u00f6l\u00fcm bayraklar\u0131yla stadyuma giri\u015f yapmas\u0131 ile devam etti. Sayg\u0131 duru\u015funda bulunulmas\u0131 ve \u0130stiklal Mar\u015f\u0131\u2019n\u0131n okunmas\u0131 ile s\u00fcren t\u00f6rende mezunlar, haz\u0131rlad\u0131klar\u0131 pankartlar\u0131n yan\u0131 s\u0131ra kep atman\u0131n mutlulu\u011fu ile renkli g\u00f6r\u00fcnt\u00fcler olu\u015fturdu. Ailelerin ya\u015fad\u0131\u011f\u0131 heyecan ise \u00f6\u011frencilerinkini g\u00f6lgede b\u0131rakt\u0131.<\/p>\n<p>&#8220;Bug\u00fcnlerin k\u0131ymetini 10 sene sonra y\u00f6netimi kendilerine b\u0131rakt\u0131\u011f\u0131m\u0131z anlayacaklard\u0131r&#8221;<\/p>\n<p>T\u00f6rende konu\u015fma yapan Anadolu \u00dcniversitesi Rekt\u00f6r\u00fc Prof. Dr. \u015eafak Ertan \u00c7omakl\u0131, mezun olan \u00f6\u011frencileri ger\u00e7ek hayata g\u00f6nderdiklerini ifade etti. \u201cFark\u0131nda hen\u00fcz olmayabilirler ama 10 sene sonra y\u00f6netimi kendilerine b\u0131rakt\u0131\u011f\u0131m\u0131z zaman bug\u00fcnlerin k\u0131ymetini anlayacaklard\u0131r\u201d diyen Rekt\u00f6r \u00c7omakl\u0131, \u201cBug\u00fcn burada yaln\u0131zca bir mezuniyet t\u00f6reni de\u011fil ayn\u0131 zamanda gelece\u011fimizi in\u015fa edece\u011fimiz, \u00e7ocuklar\u0131m\u0131z\u0131, devletimizi teslim edece\u011fimiz gen\u00e7lerimizi ger\u00e7ek hayata yolluyoruz. O nedenle e\u011fitim s\u00fcresince bizlerle beraber olan, bu \u00e7ocuklar\u0131 yaln\u0131z b\u0131rakmayan siz de\u011ferli ailelere buradan sayg\u0131lar\u0131m\u0131 ve h\u00fcrmetlerimi sunuyor, hepsinin ellerinden \u00f6p\u00fcyorum. Bu \u00e7ocuklar T\u00fcrkiye Cumhuriyeti\u2019nin e\u011fitim sisteminde h\u00fcr, ba\u011f\u0131ms\u0131z, kimseye tabi olmadan \u00e7ok zeki bir \u015fekilde verdi\u011fimiz bilgileri alarak ve bizleri de y\u00f6neteceklerine inand\u0131\u011f\u0131m\u0131z \u015fekilde bug\u00fcn mezun ediyoruz. Onlar\u0131 e\u011fitimli bireyler olarak \u00e7ocuklar\u0131m\u0131z\u0131 teslim edece\u011fimiz \u00e7ok kaliteli bir ordu olarak g\u00f6r\u00fcyoruz. Bunun fark\u0131nda hen\u00fcz olmayabilirler ama 10 sene sonra y\u00f6netimi kendilerine b\u0131rakt\u0131\u011f\u0131m\u0131z zaman bug\u00fcnlerin k\u0131ymetini anlayacaklard\u0131r. Mezun olduktan sonra hayatlar\u0131n\u0131 \u00e7ok \u015feffaf ve bir de ald\u0131klar\u0131 e\u011fitimin entelekt\u00fcel boyutunu yans\u0131tarak ya\u015famalar\u0131n\u0131 temenni ediyoruz. T\u00fcm \u00f6\u011fretim \u00fcyelerimiz sizin \u00e7ocuklar\u0131n\u0131z\u0131n entelekt\u00fcel bilgi birikimini art\u0131rmak i\u00e7in de 4 senedir \u00e7abalad\u0131lar, u\u011fra\u015ft\u0131lar ve eminiz ki \u00e7ocuklar\u0131m\u0131z bunu da ald\u0131lar bizleri mahcup etmeyecekler\u201d \u015feklinde konu\u015ftu.<\/p>\n<p>T\u00f6rende bulunan \u015eehit \u00d6mer Halisdemir\u2019in e\u015fi Hatice Halisdemir\u2019e de sevgi ve sayg\u0131lar\u0131n\u0131 sundu\u011funu ifade eden Rekt\u00f6r \u00c7omakl\u0131, \u201cBurada benim kabir arkada\u015f\u0131m \u00d6mer Halisdemir\u2019in sevgili e\u015fi de aram\u0131zda. Ona buradan sayg\u0131 ve \u015f\u00fckranlar\u0131m\u0131 sunuyorum hepinizin huzurunda. Kabir arkada\u015fl\u0131\u011f\u0131 kolay de\u011fil ama i\u00e7erisinden \u00d6mer Halisler \u00e7\u0131kacak bir grubu g\u00f6r\u00fcyorsunuz burada. \u0130lla sava\u015fta de\u011fil ama e\u011fitimli olarak bu \u00e7ocuklar\u0131n onu ya\u015fatacak seviyede kahramanl\u0131klar\u0131 var y\u00fcreklerinde\u201d dedi.<\/p>\n<p>\u00d6te yandan Hukuk Fak\u00fcltesi, Engelliler Entegre Y\u00fcksekokulu, E\u011fitim Fak\u00fcltesi, A\u00e7\u0131k\u00f6\u011fretim Fak\u00fcltesi, \u0130ktisat Fak\u00fcltesi, \u0130\u015fletme Fak\u00fcltesi \u00f6\u011frencileri ise mezuniyet heyecan\u0131n\u0131 13 Haziran g\u00fcn\u00fc d\u00fczenlenecek t\u00f6ren ile ya\u015fayacak.<\/p>\n","protected":false},"excerpt":{"rendered":"<p>ANADOLU \u00dcN\u0130VERS\u0130TES\u0130\u2019N\u0130N \u00c7\u0130\u00c7E\u011e\u0130 BURNUNDA  MEZUNLARI, D\u00dcZENLENEN T\u00d6REN \u0130LE KEPLER\u0130N\u0130 HAVAYA ATARAK YEN\u0130 YA\u015eAMLARINA MERHABA DED\u0130<\/p>\n","protected":false},"author":1,"featured_media":168411,"comment_status":"closed","ping_status":"open","sticky":false,"template":"","format":"standard","meta":{"jetpack_post_was_ever_published":false,"_jetpack_newsletter_access":"","_jetpack_dont_email_post_to_subs":false,"_jetpack_newsletter_tier_id":0,"_jetpack_memberships_contains_paywalled_content":false,"_jetpack_memberships_contains_paid_content":false,"footnotes":"","jetpack_publicize_message":"","jetpack_publicize_feature_enabled":true,"jetpack_social_post_already_shared":true,"jetpack_social_options":{"image_generator_settings":{"template":"highway","default_image_id":0,"font":"","enabled":false},"version":2}},"categories":[1],"tags":[1223,55,1179,820,1889],"class_list":["post-168410","post","type-post","status-publish","format-standard","has-post-thumbnail","hentry","category-genel","tag-anadolu","tag-basladi","tag-heyecani","tag-mezuniyet","tag-universitesinde"],"jetpack_publicize_connections":[],"jetpack_featured_media_url":"https:\/\/i0.wp.com\/www.tvturk.com\/wp-content\/uploads\/2019\/06\/anadolu-universitesinde-mezuniyet-heyecani-basladi_f764c61.jpg?fit=1000%2C666","jetpack_sharing_enabled":true,"jetpack_shortlink":"https:\/\/wp.me\/paKIfm-HOi","_links":{"self":[{"href":"http:\/\/www.tvturk.com\/index.php\/wp-json\/wp\/v2\/posts\/168410","targetHints":{"allow":["GET"]}}],"collection":[{"href":"http:\/\/www.tvturk.com\/index.php\/wp-json\/wp\/v2\/posts"}],"about":[{"href":"http:\/\/www.tvturk.com\/index.php\/wp-json\/wp\/v2\/types\/post"}],"author":[{"embeddable":true,"href":"http:\/\/www.tvturk.com\/index.php\/wp-json\/wp\/v2\/users\/1"}],"replies":[{"embeddable":true,"href":"http:\/\/www.tvturk.com\/index.php\/wp-json\/wp\/v2\/comments?post=168410"}],"version-history":[{"count":0,"href":"http:\/\/www.tvturk.com\/index.php\/wp-json\/wp\/v2\/posts\/168410\/revisions"}],"wp:featuredmedia":[{"embeddable":true,"href":"http:\/\/www.tvturk.com\/index.php\/wp-json\/wp\/v2\/media\/168411"}],"wp:attachment":[{"href":"http:\/\/www.tvturk.com\/index.php\/wp-json\/wp\/v2\/media?parent=168410"}],"wp:term":[{"taxonomy":"category","embeddable":true,"href":"http:\/\/www.tvturk.com\/index.php\/wp-json\/wp\/v2\/categories?post=168410"},{"taxonomy":"post_tag","embeddable":true,"href":"http:\/\/www.tvturk.com\/index.php\/wp-json\/wp\/v2\/tags?post=168410"}],"curies":[{"name":"wp","href":"https:\/\/api.w.org\/{rel}","templated":true}]}}