{"id":168412,"date":"2019-06-12T14:26:03","date_gmt":"2019-06-12T11:26:03","guid":{"rendered":"http:\/\/www.tvturk.com\/index.php\/hong-kongda-tansiyon-yuksek\/"},"modified":"2019-06-12T14:26:03","modified_gmt":"2019-06-12T11:26:03","slug":"hong-kongda-tansiyon-yuksek","status":"publish","type":"post","link":"http:\/\/www.tvturk.com\/index.php\/hong-kongda-tansiyon-yuksek\/","title":{"rendered":"Hong Kong\u2019da tansiyon y\u00fcksek"},"content":{"rendered":"<p>Hong Kong\u2019da su\u00e7lular\u0131n \u00c7in\u2019e iade edilmesinin \u00f6n\u00fcn\u00fc a\u00e7acak olan su\u00e7lu iade yasa tasar\u0131s\u0131n\u0131 protesto g\u00f6sterilerine polisin m\u00fcdahalesi sonucunda 22 ki\u015fi yaraland\u0131.<\/p>\n<p>Hong Kong\u2019da y\u00fcz binlerce ki\u015fi, kentteki su\u00e7lular\u0131n \u00c7in\u2019e iade edilmesinin \u00f6n\u00fcn\u00fc a\u00e7acak olan su\u00e7lu iade yasa tasar\u0131s\u0131n\u0131 protesto etmek i\u00e7in sokaklara \u00e7\u0131kt\u0131. Polis, g\u00f6stericilere g\u00f6z ya\u015fart\u0131c\u0131 gaz, ger\u00e7ek mermi ve tazyikli su ile m\u00fcdahale etti. \u0130lk bilgilere g\u00f6re 22 ki\u015finin yaraland\u0131\u011f\u0131 belirtiliyor.<\/p>\n<p>\u00d6te yandan \u00c7in\u2019in Hong Kong \u00d6zel \u0130dari B\u00f6lgesinde binlerce g\u00f6stericinin Yasama Meclisi LegCo binas\u0131n\u0131n etraf\u0131nda toplanarak binaya ula\u015f\u0131m\u0131 engellemesi \u00fczerine su\u00e7lular\u0131n iadesi yasas\u0131 ertelendi.<\/p>\n<p>G\u00f6steriler 2014\u2019teki \u015eemsiye Devrimi\u2019ne benzetiliyor<\/p>\n<p>Su\u00e7lular\u0131n \u00c7in\u2019e iade edilmesinin \u00f6n\u00fcn\u00fc a\u00e7acak olan su\u00e7lu iade yasa tasar\u0131s\u0131n\u0131 protesto eden eylemcilerin g\u00f6sterileri 2014 y\u0131l\u0131ndaki \u015eemsiye Devrimi\u2019ne benzetiliyor. Polis m\u00fcdahalesi esnas\u0131nda biber gaz\u0131ndan ve g\u00fcnd\u00fcz saatlerinde sokaklardaki yak\u0131c\u0131 g\u00fcne\u015ften korunmak i\u00e7in kulland\u0131klar\u0131 \u015femsiyeler nedeniyle eyleme \u201c\u015eemsiye Devrimi\u201d ad\u0131 verilmi\u015fti. Pekin H\u00fck\u00fcmeti\u2019nin Hong Kong\u2019ta uygulanan se\u00e7im sistemini de\u011fi\u015ftirece\u011fini a\u00e7\u0131klamas\u0131n\u0131n ard\u0131ndan \u2018Occupy Central (Merkezi \u0130\u015fgal Et) eylemleri ba\u015flam\u0131\u015ft\u0131.<\/p>\n","protected":false},"excerpt":{"rendered":"<p>HONG KONG\u2019DA SU\u00c7LULARIN \u00c7\u0130N\u2019E \u0130ADE ED\u0130LMES\u0130N\u0130N \u00d6N\u00dcN\u00dc A\u00c7ACAK OLAN SU\u00c7LU \u0130ADE YASA TASARISINI PROTESTO G\u00d6STER\u0130LER\u0130NE POL\u0130S\u0130N M\u00dcDAHALES\u0130 SONUCUNDA 22 K\u0130\u015e\u0130 YARALANDI.<\/p>\n","protected":false},"author":1,"featured_media":168413,"comment_status":"closed","ping_status":"open","sticky":false,"template":"","format":"standard","meta":{"jetpack_post_was_ever_published":false,"_jetpack_newsletter_access":"","_jetpack_dont_email_post_to_subs":false,"_jetpack_newsletter_tier_id":0,"_jetpack_memberships_contains_paywalled_content":false,"_jetpack_memberships_contains_paid_content":false,"footnotes":"","jetpack_publicize_message":"","jetpack_publicize_feature_enabled":true,"jetpack_social_post_already_shared":true,"jetpack_social_options":{"image_generator_settings":{"template":"highway","default_image_id":0,"font":"","enabled":false},"version":2}},"categories":[10],"tags":[13822,25751,1847,3448],"class_list":["post-168412","post","type-post","status-publish","format-standard","has-post-thumbnail","hentry","category-dunya","tag-hong","tag-kongda","tag-tansiyon","tag-yuksek"],"jetpack_publicize_connections":[],"jetpack_featured_media_url":"https:\/\/i0.wp.com\/www.tvturk.com\/wp-content\/uploads\/2019\/06\/hong-kongda-tansiyon-yuksek_a56554f.jpg?fit=1000%2C666","jetpack_sharing_enabled":true,"jetpack_shortlink":"https:\/\/wp.me\/paKIfm-HOk","_links":{"self":[{"href":"http:\/\/www.tvturk.com\/index.php\/wp-json\/wp\/v2\/posts\/168412","targetHints":{"allow":["GET"]}}],"collection":[{"href":"http:\/\/www.tvturk.com\/index.php\/wp-json\/wp\/v2\/posts"}],"about":[{"href":"http:\/\/www.tvturk.com\/index.php\/wp-json\/wp\/v2\/types\/post"}],"author":[{"embeddable":true,"href":"http:\/\/www.tvturk.com\/index.php\/wp-json\/wp\/v2\/users\/1"}],"replies":[{"embeddable":true,"href":"http:\/\/www.tvturk.com\/index.php\/wp-json\/wp\/v2\/comments?post=168412"}],"version-history":[{"count":0,"href":"http:\/\/www.tvturk.com\/index.php\/wp-json\/wp\/v2\/posts\/168412\/revisions"}],"wp:featuredmedia":[{"embeddable":true,"href":"http:\/\/www.tvturk.com\/index.php\/wp-json\/wp\/v2\/media\/168413"}],"wp:attachment":[{"href":"http:\/\/www.tvturk.com\/index.php\/wp-json\/wp\/v2\/media?parent=168412"}],"wp:term":[{"taxonomy":"category","embeddable":true,"href":"http:\/\/www.tvturk.com\/index.php\/wp-json\/wp\/v2\/categories?post=168412"},{"taxonomy":"post_tag","embeddable":true,"href":"http:\/\/www.tvturk.com\/index.php\/wp-json\/wp\/v2\/tags?post=168412"}],"curies":[{"name":"wp","href":"https:\/\/api.w.org\/{rel}","templated":true}]}}