{"id":168414,"date":"2019-06-12T14:26:39","date_gmt":"2019-06-12T11:26:39","guid":{"rendered":"http:\/\/www.tvturk.com\/index.php\/sicak-hava-vatandasi-anadolunun-plajina-akin-ettirdi\/"},"modified":"2019-06-12T14:26:39","modified_gmt":"2019-06-12T11:26:39","slug":"sicak-hava-vatandasi-anadolunun-plajina-akin-ettirdi","status":"publish","type":"post","link":"http:\/\/www.tvturk.com\/index.php\/sicak-hava-vatandasi-anadolunun-plajina-akin-ettirdi\/","title":{"rendered":"S\u0131cak hava vatanda\u015f\u0131 Anadolu\u2019nun plaj\u0131na ak\u0131n ettirdi"},"content":{"rendered":"<p>Hava s\u0131cakl\u0131klar\u0131n\u0131n y\u00fcksek seyretmesi K\u0131r\u015fehir ve \u00e7evre illerden gelen vatanda\u015flar\u0131 \u0130\u00e7 Anadolu B\u00f6lgesinin plaj\u0131 olarak g\u00f6r\u00fclen Savc\u0131l\u0131 B\u00f6lgesine ak\u0131n ettirdi.<\/p>\n<p>\u0130\u00e7 Anadolu B\u00f6lgesinin halk plaj\u0131 olarak g\u00f6r\u00fclen Savc\u0131l\u0131 b\u00f6lgesi hafta sonlar\u0131 s\u0131caktan bunalanlar\u0131n ilk tercihi oluyor. Kent merkezinde s\u0131cakl\u0131klar\u0131n 34 derecenin \u00fczerine \u00e7\u0131kmas\u0131 sonras\u0131nda g\u00f6le ak\u0131n eden K\u0131r\u015fehirliler, suyun tad\u0131n\u0131 \u00e7\u0131kar\u0131rken kumsalda da g\u00fcne\u015fleniyor. \u0130l\u00e7e Kaymakaml\u0131\u011f\u0131 taraf\u0131ndan yapt\u0131r\u0131lan piknik alanlar\u0131nda ise yo\u011funluk ya\u015fan\u0131yor.<\/p>\n<p>K\u0131r\u015fehir\u2019e 65, K\u0131r\u0131kkale\u2019ye 80 ve Ankara\u2019ya 140 kilometre uzakl\u0131kta bulunan Savc\u0131l\u0131 plaj\u0131, \u00f6zellikle yaz mevsiminde ve hafta sonlar\u0131 beklenenin \u00fczerinde ilgi g\u00f6r\u00fcyor. Kaman il\u00e7esine ba\u011fl\u0131 Savc\u0131l\u0131 B\u00fcy\u00fckoba\u2019daki Hirfanl\u0131 Baraj G\u00f6leti, K\u0131r\u015fehir ve \u00e7evredeki illerden serinlemek i\u00e7in gelenlerin u\u011frak yeri haline gelirken 3 kilometre sahili ile de Akdeniz b\u00f6lgesini aratmayan g\u00f6rsel bir g\u00fczelli\u011fe sahip.<\/p>\n<p>Savc\u0131l\u0131 B\u00fcy\u00fckoba k\u00f6y\u00fcn\u00fcn 3 kilometrelik halk plaj\u0131nda vatanda\u015flar\u0131n g\u00fcvenli \u015fekilde e\u011flendi\u011fini ifade eden Kaman Kaymakam\u0131 Murat Girgin, b\u00f6lgenin \u0130\u00e7 Anadolu B\u00f6lgesinde bulunan \u015fehirlerden de ilgi g\u00f6rd\u00fc\u011f\u00fcn\u00fc s\u00f6yledi. Kaymakam Girgin, \u201c2018 y\u0131l\u0131nda ilk defa d\u00fczenledi\u011fimiz plajda 3 ayl\u0131k yaz s\u00fcrecinde 15 bin ara\u00e7 girdi. 75 tane yeni kamelya, eskilerin onar\u0131m\u0131 yap\u0131ld\u0131 ve kullan\u0131ma kazand\u0131r\u0131ld\u0131. Toplam 145 kamelya mevcut. \u00c7evre d\u00fczenlemesi ve kilit parke yollar, 5 \u00e7e\u015fme, peyzaj d\u00fczenlemesiyle 400 g\u00fcl dikimi yap\u0131ld\u0131. Yak\u0131n zamanda il \u00f6zel idaresi taraf\u0131ndan haz\u0131rlanan proje ile yeni yat\u0131r\u0131mlar yap\u0131larak t\u00fcm vatanda\u015flar\u0131m\u0131za ve b\u00f6lgemize hizmete devam edece\u011fiz\u201d dedi.<\/p>\n<p>B\u00f6lgeye e\u011flenmeye ve piknik yapmaya gelen halk ise plaj alan\u0131ndan memnun olduklar\u0131n\u0131 belirterek, b\u00f6lgenin \u0130\u00e7 Anadolu B\u00f6lgesi i\u00e7in \u00f6nemli bir alan oldu\u011funu anlatt\u0131.<\/p>\n","protected":false},"excerpt":{"rendered":"<p>HAVA SICAKLIKLARININ Y\u00dcKSEK SEYRETMES\u0130 KIR\u015eEH\u0130R VE \u00c7EVRE \u0130LLERDEN GELEN VATANDA\u015eLARI \u0130\u00c7 ANADOLU B\u00d6LGES\u0130N\u0130N PLAJI OLARAK G\u00d6R\u00dcLEN SAVCILI B\u00d6LGES\u0130NE AKIN ETT\u0130RD\u0130.<\/p>\n","protected":false},"author":1,"featured_media":168415,"comment_status":"closed","ping_status":"open","sticky":false,"template":"","format":"standard","meta":{"jetpack_post_was_ever_published":false,"_jetpack_newsletter_access":"","_jetpack_dont_email_post_to_subs":false,"_jetpack_newsletter_tier_id":0,"_jetpack_memberships_contains_paywalled_content":false,"_jetpack_memberships_contains_paid_content":false,"footnotes":"","jetpack_publicize_message":"","jetpack_publicize_feature_enabled":true,"jetpack_social_post_already_shared":true,"jetpack_social_options":{"image_generator_settings":{"template":"highway","default_image_id":0,"font":"","enabled":false},"version":2}},"categories":[1],"tags":[328,8110,3628,257,40385,256,1931],"class_list":["post-168414","post","type-post","status-publish","format-standard","has-post-thumbnail","hentry","category-genel","tag-akin","tag-anadolunun","tag-ettirdi","tag-hava","tag-plajina","tag-sicak","tag-vatandasi"],"jetpack_publicize_connections":[],"jetpack_featured_media_url":"https:\/\/i0.wp.com\/www.tvturk.com\/wp-content\/uploads\/2019\/06\/sicak-hava-vatandasi-anadolunun-plajina-akin-ettirdi_2f590cd.jpg?fit=1000%2C666","jetpack_sharing_enabled":true,"jetpack_shortlink":"https:\/\/wp.me\/paKIfm-HOm","_links":{"self":[{"href":"http:\/\/www.tvturk.com\/index.php\/wp-json\/wp\/v2\/posts\/168414","targetHints":{"allow":["GET"]}}],"collection":[{"href":"http:\/\/www.tvturk.com\/index.php\/wp-json\/wp\/v2\/posts"}],"about":[{"href":"http:\/\/www.tvturk.com\/index.php\/wp-json\/wp\/v2\/types\/post"}],"author":[{"embeddable":true,"href":"http:\/\/www.tvturk.com\/index.php\/wp-json\/wp\/v2\/users\/1"}],"replies":[{"embeddable":true,"href":"http:\/\/www.tvturk.com\/index.php\/wp-json\/wp\/v2\/comments?post=168414"}],"version-history":[{"count":0,"href":"http:\/\/www.tvturk.com\/index.php\/wp-json\/wp\/v2\/posts\/168414\/revisions"}],"wp:featuredmedia":[{"embeddable":true,"href":"http:\/\/www.tvturk.com\/index.php\/wp-json\/wp\/v2\/media\/168415"}],"wp:attachment":[{"href":"http:\/\/www.tvturk.com\/index.php\/wp-json\/wp\/v2\/media?parent=168414"}],"wp:term":[{"taxonomy":"category","embeddable":true,"href":"http:\/\/www.tvturk.com\/index.php\/wp-json\/wp\/v2\/categories?post=168414"},{"taxonomy":"post_tag","embeddable":true,"href":"http:\/\/www.tvturk.com\/index.php\/wp-json\/wp\/v2\/tags?post=168414"}],"curies":[{"name":"wp","href":"https:\/\/api.w.org\/{rel}","templated":true}]}}