{"id":168418,"date":"2019-06-12T14:31:27","date_gmt":"2019-06-12T11:31:27","guid":{"rendered":"http:\/\/www.tvturk.com\/index.php\/turkiyeden-somali-ordusuna-destek\/"},"modified":"2019-06-12T14:31:27","modified_gmt":"2019-06-12T11:31:27","slug":"turkiyeden-somali-ordusuna-destek","status":"publish","type":"post","link":"http:\/\/www.tvturk.com\/index.php\/turkiyeden-somali-ordusuna-destek\/","title":{"rendered":"T\u00fcrkiye\u2019den Somali ordusuna destek"},"content":{"rendered":"<p>T\u00fcrkiye\u2019nin Somali\u2019nin ba\u015fkenti Mogadi\u015fu\u2019da malzemelerini hibe ederek in\u015fas\u0131n\u0131 \u00fcstlendi\u011fi askeri \u00fcniforma fabrikas\u0131n\u0131n temeli at\u0131ld\u0131.<\/p>\n<p>T\u00fcrkiye\u2019nin Somali\u2019de in\u015fas\u0131n\u0131 \u00fcstlendi\u011fi askeri \u00fcniforma fabrikas\u0131n\u0131n temeli t\u00f6renle at\u0131ld\u0131. Fabrika in\u015faat\u0131nda kullan\u0131lacak malzemeler ve fabrikada \u00fcretim i\u00e7in kullan\u0131lacak makineler T\u00fcrkiye taraf\u0131ndan hibe edildi.<\/p>\n<p>Fabrikan\u0131n temel atma t\u00f6renine Somali Ba\u015fbakan\u0131 Hassan Ali Kheyre, Somali Savunma Bakan\u0131 Hassan Ali Amardambe, Hapishane Komutan\u0131 Bashir Mohamed G\u00f6be ve T\u00fcrkiye B\u00fcy\u00fckel\u00e7isi Mehmet Y\u0131lmaz kat\u0131ld\u0131.<\/p>\n<p>T\u00f6rende konu\u015fan Ba\u015fbakan Kheyre, askeri \u00fcniforma fabrikas\u0131 in\u015faat\u0131 i\u00e7in T\u00fcrk h\u00fckumetine te\u015fekk\u00fcr etti. Hapishane Komutan\u0131 G\u00f6be, fabrika in\u015faat\u0131n\u0131 2020\u2019ye kadar tamamlanmas\u0131 talimat\u0131n\u0131 verdi.<\/p>\n<p>Temel atma t\u00f6reninde konu\u015fma yapan G\u00f6be, &#8220;T\u00fcrkiye Devleti, Somali\u2019nin yurt d\u0131\u015f\u0131ndan askeri \u00fcniforma ithalat ihtiyac\u0131n\u0131n ortadan kald\u0131r\u0131lmas\u0131 i\u00e7in 2016\u2019da fabrika kurmak i\u00e7in \u00e7al\u0131\u015fmalarda bulundu ancak o tarihten beri \u00e7e\u015fitli sebeplerden fabrika in\u015faat\u0131na ba\u015flanamad\u0131. Bug\u00fcn ise T\u00fcrkiye sayesinde bir \u00fcniforma fabrikam\u0131z olacak. Bundan sonra t\u00fcm askeri \u00fcniformalar\u0131m\u0131z bu fabrikada \u00fcretilecek&#8221; dedi.<\/p>\n<p>T\u00fcrk h\u00fck\u00fcmetinin deste\u011fini sadece bu fabrika ile s\u0131n\u0131rl\u0131 olmad\u0131\u011f\u0131n\u0131 vurgulayan G\u00f6be, &#8220;Bug\u00fcn temeli at\u0131lan fabrikan\u0131n in\u015faat malzemeleri yine T\u00fcrkiye taraf\u0131ndan yap\u0131lan tu\u011fla fabrikas\u0131ndan kar\u015f\u0131lanacak. T\u00fcrkiye\u2019nin desteklerini her zaman \u015f\u00fckranla kar\u015f\u0131l\u0131yoruz\u201d diye konu\u015ftu.<\/p>\n<p>Somali\u2019de askeri \u00fcniformalar ge\u00e7mi\u015ften bug\u00fcne d\u0131\u015f \u00fclkelerden ticaret yoluyla elde ediliyordu ancak E\u015f-\u015eebab\u2019a da sat\u0131lan bu \u00fcniformalar militanlar taraf\u0131ndan giyilerek devlet ve askeri binalarda kolayda bask\u0131n d\u00fczenleyebiliyor.<\/p>\n<p>T\u00fcrkiye, Somali\u2019nin g\u00fc\u00e7l\u00fc askeri yap\u0131 sahip olmas\u0131 i\u00e7in \u00e7e\u015fitli yard\u0131mlarda bulundu. T\u00fcrkiye\u2019nin ba\u015fkent Mogadi\u015fu\u2019da a\u00e7t\u0131\u011f\u0131 askeri e\u011fitim \u00fcss\u00fcnde her y\u0131l y\u00fczlerce askeri \u00f6\u011frenciye e\u011fitim veriliyor.<\/p>\n","protected":false},"excerpt":{"rendered":"<p>T\u00dcRK\u0130YE\u2019N\u0130N SOMAL\u0130\u2019N\u0130N BA\u015eKENT\u0130 MOGAD\u0130\u015eU\u2019DA MALZEMELER\u0130N\u0130 H\u0130BE EDEREK \u0130N\u015eASINI \u00dcSTLEND\u0130\u011e\u0130 ASKER\u0130 \u00dcN\u0130FORMA FABR\u0130KASININ TEMEL\u0130 ATILDI.<\/p>\n","protected":false},"author":1,"featured_media":168419,"comment_status":"closed","ping_status":"open","sticky":false,"template":"","format":"standard","meta":{"jetpack_post_was_ever_published":false,"_jetpack_newsletter_access":"","_jetpack_dont_email_post_to_subs":false,"_jetpack_newsletter_tier_id":0,"_jetpack_memberships_contains_paywalled_content":false,"_jetpack_memberships_contains_paid_content":false,"footnotes":"","jetpack_publicize_message":"","jetpack_publicize_feature_enabled":true,"jetpack_social_post_already_shared":true,"jetpack_social_options":{"image_generator_settings":{"template":"highway","default_image_id":0,"font":"","enabled":false},"version":2}},"categories":[10],"tags":[61,13405,32330,11565],"class_list":["post-168418","post","type-post","status-publish","format-standard","has-post-thumbnail","hentry","category-dunya","tag-destek","tag-ordusuna","tag-somali","tag-turkiyeden"],"jetpack_publicize_connections":[],"jetpack_featured_media_url":"https:\/\/i0.wp.com\/www.tvturk.com\/wp-content\/uploads\/2019\/06\/turkiyeden-somali-ordusuna-destek_d2983c8.jpg?fit=1000%2C537","jetpack_sharing_enabled":true,"jetpack_shortlink":"https:\/\/wp.me\/paKIfm-HOq","_links":{"self":[{"href":"http:\/\/www.tvturk.com\/index.php\/wp-json\/wp\/v2\/posts\/168418","targetHints":{"allow":["GET"]}}],"collection":[{"href":"http:\/\/www.tvturk.com\/index.php\/wp-json\/wp\/v2\/posts"}],"about":[{"href":"http:\/\/www.tvturk.com\/index.php\/wp-json\/wp\/v2\/types\/post"}],"author":[{"embeddable":true,"href":"http:\/\/www.tvturk.com\/index.php\/wp-json\/wp\/v2\/users\/1"}],"replies":[{"embeddable":true,"href":"http:\/\/www.tvturk.com\/index.php\/wp-json\/wp\/v2\/comments?post=168418"}],"version-history":[{"count":0,"href":"http:\/\/www.tvturk.com\/index.php\/wp-json\/wp\/v2\/posts\/168418\/revisions"}],"wp:featuredmedia":[{"embeddable":true,"href":"http:\/\/www.tvturk.com\/index.php\/wp-json\/wp\/v2\/media\/168419"}],"wp:attachment":[{"href":"http:\/\/www.tvturk.com\/index.php\/wp-json\/wp\/v2\/media?parent=168418"}],"wp:term":[{"taxonomy":"category","embeddable":true,"href":"http:\/\/www.tvturk.com\/index.php\/wp-json\/wp\/v2\/categories?post=168418"},{"taxonomy":"post_tag","embeddable":true,"href":"http:\/\/www.tvturk.com\/index.php\/wp-json\/wp\/v2\/tags?post=168418"}],"curies":[{"name":"wp","href":"https:\/\/api.w.org\/{rel}","templated":true}]}}