{"id":168424,"date":"2019-06-12T14:41:37","date_gmt":"2019-06-12T11:41:37","guid":{"rendered":"http:\/\/www.tvturk.com\/index.php\/gagavuzyada-osmangazi-ilgisi\/"},"modified":"2019-06-12T14:41:37","modified_gmt":"2019-06-12T11:41:37","slug":"gagavuzyada-osmangazi-ilgisi","status":"publish","type":"post","link":"http:\/\/www.tvturk.com\/index.php\/gagavuzyada-osmangazi-ilgisi\/","title":{"rendered":"Gagavuzya\u2019da Osmangazi ilgisi"},"content":{"rendered":"<p>Moldova\u2019da T\u00fcrk toplumunun ya\u015fad\u0131\u011f\u0131 Gagavuzya\u2019y\u0131 ziyaret eden Osmangazi Belediye Ba\u015fkan\u0131 Mustafa D\u00fcndar, Gagavuzya \u00d6zerk Cumhuriyeti Ba\u015fkan\u0131 \u0130vana Vlah ve Belediye Ba\u015fkan\u0131 Anatoli Topal ile bir araya geldi.<\/p>\n<p>Gagavuzya, \u00c7ad\u0131r Lunga ve Comrat eyaletinden olu\u015fan T\u00fcrk b\u00f6lgesinde incelemelerde bulunan Osmangazi Belediye Ba\u015fkan\u0131 Mustafa D\u00fcndar ve Belediye Ba\u015fkan Yard\u0131mc\u0131s\u0131 Hasan H\u00fcseyin Erd\u00f6nmez, Gagavuzya Belediye Ba\u015fkan\u0131 Anatoli Topal ve yard\u0131mc\u0131s\u0131 Ceban Vadim ile bir araya geldi. Belediye binas\u0131nda ger\u00e7ekle\u015fen ziyarette Ba\u015fkan Mustafa D\u00fcndar, Gagavuzya\u2019ya T\u00fcrkiye taraf\u0131ndan yap\u0131lan yard\u0131mlar hakk\u0131nda bilgi ald\u0131. Ba\u015fkan D\u00fcndar, T\u00fcrk\u00e7e konu\u015fan iki toplumun daha \u00e7ok kayna\u015fmas\u0131 gerekti\u011fini belirterek, bilhassa Gagavuz \u00e7ocuklar\u0131n\u0131 Bursa\u2019ya davet etti.<\/p>\n<p>Moldova Gagavuzya \u00d6zerk Cumhuriyeti Ba\u015fkan\u0131 \u0130rina Vlah\u2019\u0131 da ziyaret eden Ba\u015fkan D\u00fcndar, haziran ay\u0131nda yap\u0131lacak se\u00e7imlerde kendisine ba\u015far\u0131lar diledi. Gagavuzya Ba\u015fkanl\u0131\u011f\u0131\u2019na yeniden aday olan mevcut ba\u015fkan \u0130vana Vlah\u2019dan se\u00e7im \u00e7al\u0131\u015fmalar\u0131 hakk\u0131nda bilgi alan D\u00fcndar, Gagavuzya\u2019daki yeni neslin T\u00fcrk\u00e7eden kopmaya ba\u015flad\u0131\u011f\u0131n\u0131 aktaran Ba\u015fkan Vlah\u2019a gruplar halinde Gagavuz \u00e7ocuklar\u0131 Bursa\u2019da a\u011f\u0131rlama s\u00f6z\u00fc verdi. Ge\u00e7en y\u0131l Cumhurba\u015fkan\u0131 Erdo\u011fan\u2019\u0131n kendisini ziyaret etti\u011fini ve s\u0131k s\u0131k g\u00f6r\u00fc\u015ft\u00fcklerini anlatan Vlah, T\u00fcrkiye\u2019nin kendilerine b\u00fcy\u00fck destek verdiklerini ve bunun i\u00e7in minnettar olduklar\u0131n\u0131 ifade etti.<\/p>\n<p>Gagavuzya Belediye Ba\u015fkan\u0131 Anatoli Topel, b\u00f6lgenin Avrupa Birli\u011fi deste\u011fi ile canland\u0131\u011f\u0131n\u0131 T\u00fcrkiye\u2019nin de T\u0130KA kanal\u0131yla \u00e7ok b\u00fcy\u00fck yard\u0131m ve yat\u0131r\u0131mlar yapt\u0131\u011f\u0131n\u0131 ifade ederek, Osmangazi gibi b\u00fcy\u00fck bir belediyenin de proje deste\u011fini beklediklerini s\u00f6yledi. Cumhurba\u015fkan\u0131 Recep Tayyip Erdo\u011fan\u2019\u0131n ziyaretinin bile Gagavuzya halk\u0131na \u00e7ok b\u00fcy\u00fck moral verdi\u011finin alt\u0131n\u0131 \u00e7izen Topal, Osmangazi Belediyesi\u2019nin bu ziyaretinden de \u00e7ok mutlu olduklar\u0131n\u0131 belirterek, Ba\u015fkan D\u00fcndar\u2019a te\u015fekk\u00fcr etti.<\/p>\n<p>Ba\u015fkandan destek s\u00f6z\u00fc<\/p>\n<p>Osmangazi Belediye Ba\u015fkan\u0131 Mustafa D\u00fcndar da Gagavuzya b\u00f6lgesine T\u00fcrkiye olarak yard\u0131m edildi\u011fini ve proje deste\u011finin devam edece\u011fini belirterek, \u201c\u0130ki belediye b\u00fcrokratlar\u0131yla birlikte bir \u00e7al\u0131\u015fma yaparak Gagavuzya i\u00e7in neler yap\u0131labilir bir yol haritas\u0131 \u00e7\u0131kartal\u0131m. Gerekli \u00e7al\u0131\u015fmalar\u0131 bizzat ben de takip ederim. \u00d6nceli\u011fimiz Gagavuzya\u2019n\u0131n k\u00fclt\u00fcrel geli\u015fmesi olmal\u0131. Yeni nesil T\u00fcrk\u00e7e\u2019den uzakla\u015f\u0131yor bunu \u00f6nlememiz laz\u0131m. Bunun i\u00e7in Gagavuz \u00e7ocuklar\u0131 ile Bursa \u00e7ocuklar\u0131 bir araya gelsin ve kayna\u015fma ortam\u0131n\u0131 kural\u0131m\u201d dedi.<\/p>\n","protected":false},"excerpt":{"rendered":"<p>MOLDOVA\u2019DA T\u00dcRK TOPLUMUNUN YA\u015eADI\u011eI GAGAVUZYA\u2019YI Z\u0130YARET EDEN OSMANGAZ\u0130 BELED\u0130YE BA\u015eKANI MUSTAFA D\u00dcNDAR, GAGAVUZYA \u00d6ZERK CUMHUR\u0130YET\u0130 BA\u015eKANI \u0130VANA VLAH VE BELED\u0130YE BA\u015eKANI ANATOL\u0130 TOPAL \u0130LE B\u0130R ARAYA GELD\u0130<\/p>\n","protected":false},"author":1,"featured_media":168425,"comment_status":"closed","ping_status":"open","sticky":false,"template":"","format":"standard","meta":{"jetpack_post_was_ever_published":false,"_jetpack_newsletter_access":"","_jetpack_dont_email_post_to_subs":false,"_jetpack_newsletter_tier_id":0,"_jetpack_memberships_contains_paywalled_content":false,"_jetpack_memberships_contains_paid_content":false,"footnotes":"","jetpack_publicize_message":"","jetpack_publicize_feature_enabled":true,"jetpack_social_post_already_shared":true,"jetpack_social_options":{"image_generator_settings":{"template":"highway","default_image_id":0,"font":"","enabled":false},"version":2}},"categories":[1],"tags":[40359,10682,4117],"class_list":["post-168424","post","type-post","status-publish","format-standard","has-post-thumbnail","hentry","category-genel","tag-gagavuzyada","tag-ilgisi","tag-osmangazi"],"jetpack_publicize_connections":[],"jetpack_featured_media_url":"https:\/\/i0.wp.com\/www.tvturk.com\/wp-content\/uploads\/2019\/06\/gagavuzyada-osmangazi-ilgisi_456e2fe.jpg?fit=1000%2C750","jetpack_sharing_enabled":true,"jetpack_shortlink":"https:\/\/wp.me\/paKIfm-HOw","_links":{"self":[{"href":"http:\/\/www.tvturk.com\/index.php\/wp-json\/wp\/v2\/posts\/168424","targetHints":{"allow":["GET"]}}],"collection":[{"href":"http:\/\/www.tvturk.com\/index.php\/wp-json\/wp\/v2\/posts"}],"about":[{"href":"http:\/\/www.tvturk.com\/index.php\/wp-json\/wp\/v2\/types\/post"}],"author":[{"embeddable":true,"href":"http:\/\/www.tvturk.com\/index.php\/wp-json\/wp\/v2\/users\/1"}],"replies":[{"embeddable":true,"href":"http:\/\/www.tvturk.com\/index.php\/wp-json\/wp\/v2\/comments?post=168424"}],"version-history":[{"count":0,"href":"http:\/\/www.tvturk.com\/index.php\/wp-json\/wp\/v2\/posts\/168424\/revisions"}],"wp:featuredmedia":[{"embeddable":true,"href":"http:\/\/www.tvturk.com\/index.php\/wp-json\/wp\/v2\/media\/168425"}],"wp:attachment":[{"href":"http:\/\/www.tvturk.com\/index.php\/wp-json\/wp\/v2\/media?parent=168424"}],"wp:term":[{"taxonomy":"category","embeddable":true,"href":"http:\/\/www.tvturk.com\/index.php\/wp-json\/wp\/v2\/categories?post=168424"},{"taxonomy":"post_tag","embeddable":true,"href":"http:\/\/www.tvturk.com\/index.php\/wp-json\/wp\/v2\/tags?post=168424"}],"curies":[{"name":"wp","href":"https:\/\/api.w.org\/{rel}","templated":true}]}}