{"id":168436,"date":"2019-06-12T14:52:54","date_gmt":"2019-06-12T11:52:54","guid":{"rendered":"http:\/\/www.tvturk.com\/index.php\/uzmanlardan-klima-uyarisi-sicaktan-kacip-klimaya-tutulmayin\/"},"modified":"2019-06-12T14:52:54","modified_gmt":"2019-06-12T11:52:54","slug":"uzmanlardan-klima-uyarisi-sicaktan-kacip-klimaya-tutulmayin","status":"publish","type":"post","link":"http:\/\/www.tvturk.com\/index.php\/uzmanlardan-klima-uyarisi-sicaktan-kacip-klimaya-tutulmayin\/","title":{"rendered":"Uzmanlardan klima uyar\u0131s\u0131: &#8220;S\u0131caktan ka\u00e7\u0131p klimaya tutulmay\u0131n&#8221;"},"content":{"rendered":"<p>Kulak Burun Hastal\u0131klar\u0131 Uzman\u0131 Opr. Dr. Yusuf \u015eent\u00fcrk, \u201cKalite d\u00fczeyi d\u00fc\u015f\u00fck ya da temizli\u011fine dikkat edilmemi\u015f olan klimalar ate\u015f, halsizlik, \u00f6ks\u00fcr\u00fck gibi belirtiler ile ba\u015flayan hastal\u0131klara neden olabilir. Bahsi ge\u00e7en belirtiler dikkate al\u0131nmaz ise hastal\u0131k boyutu zat\u00fcrreye kadar varabilmektedir\u201d dedi.<\/p>\n<p>B\u00fcy\u00fck Anadolu Hastaneleri Kulak Burun Hastal\u0131klar\u0131 Uzman\u0131 Opr. Dr. Yusuf \u015eent\u00fcrk, klima kullan\u0131m\u0131na kar\u015f\u0131 uyar\u0131larda bulundu.  Yaz mevsiminin gelmesiyle birlikte artan s\u0131cakl\u0131k ve nem oran\u0131n\u0131n g\u00fcnl\u00fck ya\u015fant\u0131lar\u0131n\u0131 etkiledi\u011fini ifade eden \u015eent\u00fcrk, \u201cG\u00fcn\u00fcm\u00fczde olduk\u00e7a yayg\u0131n olarak kullan\u0131lan klimalar, benzetme yapmak gerekirse \u00e7\u00f6lde bir vaha olarak g\u00f6r\u00fclebilir. Ancak dikkat edilmelidir ki do\u011fal olmayan bu serinlik hastal\u0131klar\u0131n kap\u0131s\u0131n\u0131 aralayabilir. \u00d6zellikle kalite d\u00fczeyi d\u00fc\u015f\u00fck ya da temizli\u011fine dikkat edilmemi\u015f olan klimalar ate\u015f, halsizlik, \u00f6ks\u00fcr\u00fck gibi belirtiler ile ba\u015flayan hastal\u0131klara neden olabilir. Bahsi ge\u00e7en belirtiler dikkate al\u0131nmaz ise hastal\u0131k boyutu zat\u00fcrreye kadar varabilmektedir\u201d diye konu\u015ftu.<\/p>\n<p>\u201cKlima bak\u0131m\u0131 \u00f6nemli\u201d<\/p>\n<p>Kliman\u0131n kaliteli tercihi ve bak\u0131m\u0131 yap\u0131ld\u0131\u011f\u0131 taktirde ast\u0131m hastalar\u0131, \u015feker hastalar\u0131 ve kalp rahats\u0131zl\u0131klar\u0131 olan ki\u015filere fayda sa\u011flayabildi\u011fini kaydeden \u015eent\u00fcrk, \u201cAncak dikkat edilmelidir ki, temizli\u011fi aksat\u0131lm\u0131\u015f olan klimalar\u0131n filtreleri i\u00e7erisinde de bar\u0131nd\u0131rd\u0131\u011f\u0131 bakteriler, solunum yolu enfeksiyonlar\u0131n\u0131n olu\u015fmas\u0131na neden olabilmektedir. \u00d6zellikle ast\u0131m hastalar\u0131 i\u00e7in b\u00fcy\u00fck tehdit olu\u015fturabilecek olan klima i\u00e7i bakteri ve mantar sporlar\u0131 hastalar\u0131n atak ge\u00e7irmesine ve akci\u011fer enfeksiyonlar\u0131na kolayca yol a\u00e7abilmektedir\u201d \u015feklinde konu\u015ftu.<\/p>\n<p>\u201cKliman\u0131n kar\u015f\u0131s\u0131na oturmay\u0131n\u201d<\/p>\n<p>Kliman\u0131n do\u011frudan kar\u015f\u0131s\u0131nda oturulmamas\u0131 gerekti\u011fine dikkat \u00e7eken \u015eent\u00fcrk, \u201c\u00d6zellikle masa ba\u015f\u0131 \u00e7al\u0131\u015fanlar\u0131n s\u0131kl\u0131kla yapt\u0131klar\u0131 hatalardan birisi kliman\u0131n kar\u015f\u0131s\u0131nda ya da arka taraf\u0131nda konumland\u0131racak \u015fekilde oturmalar\u0131d\u0131r. Bu nedenle kaslarda kas\u0131lma ve tutulmalara neden olabilmektedir. \u00d6zellikle terli haldeyken kesinlikle klima kar\u015f\u0131s\u0131nda bulunulmamas\u0131 gerekmektedir\u201d ifadelerini kulland\u0131.<\/p>\n","protected":false},"excerpt":{"rendered":"<p>KULAK BURUN HASTALIKLARI UZMANI OPR. DR. YUSUF \u015eENT\u00dcRK, \u201cKAL\u0130TE D\u00dcZEY\u0130 D\u00dc\u015e\u00dcK YA DA TEM\u0130ZL\u0130\u011e\u0130NE D\u0130KKAT ED\u0130LMEM\u0130\u015e OLAN KL\u0130MALAR ATE\u015e, HALS\u0130ZL\u0130K, \u00d6KS\u00dcR\u00dcK G\u0130B\u0130 BEL\u0130RT\u0130LER \u0130LE BA\u015eLAYAN HASTALIKLARA NEDEN OLAB\u0130L\u0130R. BAHS\u0130 GE\u00c7EN BEL\u0130RT\u0130LER D\u0130KKATE ALINMAZ \u0130SE HASTALIK BOYUTU ZAT\u00dcRREYE KADAR VARAB\u0130LMEKTED\u0130R\u201d DED\u0130.<\/p>\n","protected":false},"author":1,"featured_media":168437,"comment_status":"closed","ping_status":"open","sticky":false,"template":"","format":"standard","meta":{"jetpack_post_was_ever_published":false,"_jetpack_newsletter_access":"","_jetpack_dont_email_post_to_subs":false,"_jetpack_newsletter_tier_id":0,"_jetpack_memberships_contains_paywalled_content":false,"_jetpack_memberships_contains_paid_content":false,"footnotes":"","jetpack_publicize_message":"","jetpack_publicize_feature_enabled":true,"jetpack_social_post_already_shared":true,"jetpack_social_options":{"image_generator_settings":{"template":"highway","default_image_id":0,"font":"","enabled":false},"version":2}},"categories":[1],"tags":[7046,18510,40392,37502,40393,914,17751],"class_list":["post-168436","post","type-post","status-publish","format-standard","has-post-thumbnail","hentry","category-genel","tag-kacip","tag-klima","tag-klimaya","tag-sicaktan","tag-tutulmayin","tag-uyarisi","tag-uzmanlardan"],"jetpack_publicize_connections":[],"jetpack_featured_media_url":"https:\/\/i0.wp.com\/www.tvturk.com\/wp-content\/uploads\/2019\/06\/uzmanlardan-klima-uyarisi-sicaktan-kacip-klimaya-tutulmayin_2aca5c6.jpg?fit=666%2C1000","jetpack_sharing_enabled":true,"jetpack_shortlink":"https:\/\/wp.me\/paKIfm-HOI","_links":{"self":[{"href":"http:\/\/www.tvturk.com\/index.php\/wp-json\/wp\/v2\/posts\/168436","targetHints":{"allow":["GET"]}}],"collection":[{"href":"http:\/\/www.tvturk.com\/index.php\/wp-json\/wp\/v2\/posts"}],"about":[{"href":"http:\/\/www.tvturk.com\/index.php\/wp-json\/wp\/v2\/types\/post"}],"author":[{"embeddable":true,"href":"http:\/\/www.tvturk.com\/index.php\/wp-json\/wp\/v2\/users\/1"}],"replies":[{"embeddable":true,"href":"http:\/\/www.tvturk.com\/index.php\/wp-json\/wp\/v2\/comments?post=168436"}],"version-history":[{"count":0,"href":"http:\/\/www.tvturk.com\/index.php\/wp-json\/wp\/v2\/posts\/168436\/revisions"}],"wp:featuredmedia":[{"embeddable":true,"href":"http:\/\/www.tvturk.com\/index.php\/wp-json\/wp\/v2\/media\/168437"}],"wp:attachment":[{"href":"http:\/\/www.tvturk.com\/index.php\/wp-json\/wp\/v2\/media?parent=168436"}],"wp:term":[{"taxonomy":"category","embeddable":true,"href":"http:\/\/www.tvturk.com\/index.php\/wp-json\/wp\/v2\/categories?post=168436"},{"taxonomy":"post_tag","embeddable":true,"href":"http:\/\/www.tvturk.com\/index.php\/wp-json\/wp\/v2\/tags?post=168436"}],"curies":[{"name":"wp","href":"https:\/\/api.w.org\/{rel}","templated":true}]}}