{"id":168438,"date":"2019-06-12T14:55:25","date_gmt":"2019-06-12T11:55:25","guid":{"rendered":"http:\/\/www.tvturk.com\/index.php\/400-cocuk-bir-arada-ucurtma-ucurdu\/"},"modified":"2019-06-12T14:55:25","modified_gmt":"2019-06-12T11:55:25","slug":"400-cocuk-bir-arada-ucurtma-ucurdu","status":"publish","type":"post","link":"http:\/\/www.tvturk.com\/index.php\/400-cocuk-bir-arada-ucurtma-ucurdu\/","title":{"rendered":"400 \u00e7ocuk bir arada u\u00e7urtma u\u00e7urdu"},"content":{"rendered":"<p>Bitlis \u00c7evre ve \u015eehircilik \u0130l M\u00fcd\u00fcrl\u00fc\u011f\u00fc taraf\u0131ndan \u2018\u00c7evre G\u00fcn\u00fc\u2019 dolay\u0131s\u0131yla d\u00fczenlenen \u015fenlikte, 400 \u00e7ocuk bir arada u\u00e7urtma u\u00e7urdu.<\/p>\n<p>Bitlis-Tatvan karayolu \u00fczerinde bulunan El Aman Han\u0131 arkas\u0131nda d\u00fczenlenen etkinli\u011fe yakla\u015f\u0131k 400 \u00f6\u011frenci, \u00f6\u011fretmen ve veli kat\u0131ld\u0131. Saat 11.00\u2019da ba\u015flayan etkinlikte \u00f6\u011frencilere u\u00e7urtma, t-shirt ve \u015fapka da\u011f\u0131t\u0131ld\u0131. R\u00fczgar\u0131n etkili oldu\u011fu b\u00f6lgede \u00f6\u011frenciler yapt\u0131klar\u0131 u\u00e7urtmalar\u0131 u\u00e7urtmaya \u00e7al\u0131\u015ft\u0131. Yakla\u015f\u0131k iki saat s\u00fcren etkinlikte \u00f6\u011frencilere yemek ve i\u00e7ecek de ikram edildi.<\/p>\n<p>Etkinlikle ilgili olarak gazetecilere a\u00e7\u0131klamalarda bulunan \u00c7evre ve \u015eehircilik \u0130l M\u00fcd\u00fcr\u00fc H\u00fcseyin Aras, her y\u0131l 5 Haziran\u2019da kutlanan \u00c7evre G\u00fcn\u00fc\u2019n\u00fcn Ramazan Bayram\u0131\u2019na denk gelmesi nedeniyle bug\u00fcn d\u00fczenledikleri U\u00e7urtma \u015eenli\u011fi ile kutlad\u0131klar\u0131n\u0131 s\u00f6yledi. Aras, \u201cOkullar\u0131m\u0131zda ikinci d\u00f6nemin ba\u015f\u0131ndan bu yana \u00e7evre bilincinin olu\u015fturulmas\u0131 ve aktifle\u015ftirilmesi i\u00e7in etkinliklerimizi s\u00fcrd\u00fcrd\u00fck. Bug\u00fcn de etkinliklerin bir devam\u0131 olarak 4 farkl\u0131 okulumuzdan \u00f6\u011frencilerimizi alarak Tarihi El Aman Han\u0131\u2019n\u0131n oldu\u011fu alana getirdi. \u015eimdi de u\u00e7urtma \u015fenli\u011fi d\u00fczenlemekteyiz. Buradaki amac\u0131m\u0131z, \u00e7ocuklar\u0131m\u0131za hen\u00fcz k\u00fc\u00e7\u00fck ya\u015flarda \u00e7evre bilincinin a\u015f\u0131lanmas\u0131, fark\u0131ndal\u0131k olu\u015fturulmas\u0131 ve aileden ba\u015flayarak, okul-aile ve veli \u00fc\u00e7geninde \u00e7evreye duyarl\u0131, \u00e7evreyi bir emanet olarak bilen, \u00e7evreyle b\u00fct\u00fcnle\u015fen bireylerin yeti\u015fmesini temin etmektir. \u00d6\u011frencilerimizi ara\u00e7larla buraya getirdik. U\u00e7urtmalar\u0131n\u0131 ve yiyeceklerini temin ettik. Onlar\u0131 tekrardan okullar\u0131na b\u0131rakaca\u011f\u0131z. \u0130yi bir kat\u0131l\u0131m oldu. G\u00fczel bir ilgi var. Allah\u2019\u0131n bize emanet etti\u011fi \u00e7evrenin muhafazas\u0131 noktas\u0131nda \u00e7ocuklar\u0131m\u0131z \u00fczerilerine d\u00fc\u015feni yapacaklard\u0131r in\u015fallah\u201d dedi.<\/p>\n<p>Etkinli\u011fe kat\u0131lan \u00e7ocuklar ise bu t\u00fcr etkinliklerin y\u0131l i\u00e7erisinde bir\u00e7ok kez yap\u0131lmas\u0131n\u0131 istedi. \u00c7ok e\u011flendiklerini dile getiren \u00e7ocuklar, eme\u011fi ge\u00e7enlere de te\u015fekk\u00fcr etti.<\/p>\n","protected":false},"excerpt":{"rendered":"<p>B\u0130TL\u0130S \u00c7EVRE VE \u015eEH\u0130RC\u0130L\u0130K \u0130L M\u00dcD\u00dcRL\u00dc\u011e\u00dc TARAFINDAN \u2018\u00c7EVRE G\u00dcN\u00dc\u2019 DOLAYISIYLA D\u00dcZENLENEN \u015eENL\u0130KTE, 400 \u00c7OCUK B\u0130R ARADA U\u00c7URTMA U\u00c7URDU.<\/p>\n","protected":false},"author":1,"featured_media":168439,"comment_status":"closed","ping_status":"open","sticky":false,"template":"","format":"standard","meta":{"jetpack_post_was_ever_published":false,"_jetpack_newsletter_access":"","_jetpack_dont_email_post_to_subs":false,"_jetpack_newsletter_tier_id":0,"_jetpack_memberships_contains_paywalled_content":false,"_jetpack_memberships_contains_paid_content":false,"footnotes":"","jetpack_publicize_message":"","jetpack_publicize_feature_enabled":true,"jetpack_social_post_already_shared":true,"jetpack_social_options":{"image_generator_settings":{"template":"highway","default_image_id":0,"font":"","enabled":false},"version":2}},"categories":[1],"tags":[6270,9048,125,1008,976,32946],"class_list":["post-168438","post","type-post","status-publish","format-standard","has-post-thumbnail","hentry","category-genel","tag-6270","tag-arada","tag-bir","tag-cocuk","tag-ucurdu","tag-ucurtma"],"jetpack_publicize_connections":[],"jetpack_featured_media_url":"https:\/\/i0.wp.com\/www.tvturk.com\/wp-content\/uploads\/2019\/06\/400-cocuk-bir-arada-ucurtma-ucurdu_15ad542.jpg?fit=1000%2C666","jetpack_sharing_enabled":true,"jetpack_shortlink":"https:\/\/wp.me\/paKIfm-HOK","_links":{"self":[{"href":"http:\/\/www.tvturk.com\/index.php\/wp-json\/wp\/v2\/posts\/168438","targetHints":{"allow":["GET"]}}],"collection":[{"href":"http:\/\/www.tvturk.com\/index.php\/wp-json\/wp\/v2\/posts"}],"about":[{"href":"http:\/\/www.tvturk.com\/index.php\/wp-json\/wp\/v2\/types\/post"}],"author":[{"embeddable":true,"href":"http:\/\/www.tvturk.com\/index.php\/wp-json\/wp\/v2\/users\/1"}],"replies":[{"embeddable":true,"href":"http:\/\/www.tvturk.com\/index.php\/wp-json\/wp\/v2\/comments?post=168438"}],"version-history":[{"count":0,"href":"http:\/\/www.tvturk.com\/index.php\/wp-json\/wp\/v2\/posts\/168438\/revisions"}],"wp:featuredmedia":[{"embeddable":true,"href":"http:\/\/www.tvturk.com\/index.php\/wp-json\/wp\/v2\/media\/168439"}],"wp:attachment":[{"href":"http:\/\/www.tvturk.com\/index.php\/wp-json\/wp\/v2\/media?parent=168438"}],"wp:term":[{"taxonomy":"category","embeddable":true,"href":"http:\/\/www.tvturk.com\/index.php\/wp-json\/wp\/v2\/categories?post=168438"},{"taxonomy":"post_tag","embeddable":true,"href":"http:\/\/www.tvturk.com\/index.php\/wp-json\/wp\/v2\/tags?post=168438"}],"curies":[{"name":"wp","href":"https:\/\/api.w.org\/{rel}","templated":true}]}}