{"id":168442,"date":"2019-06-12T14:58:23","date_gmt":"2019-06-12T11:58:23","guid":{"rendered":"http:\/\/www.tvturk.com\/index.php\/binali-yildirim-sanayi-odasi-yonetimi-ile-toplantinda-bir-araya-geldi\/"},"modified":"2019-06-12T14:58:23","modified_gmt":"2019-06-12T11:58:23","slug":"binali-yildirim-sanayi-odasi-yonetimi-ile-toplantinda-bir-araya-geldi","status":"publish","type":"post","link":"http:\/\/www.tvturk.com\/index.php\/binali-yildirim-sanayi-odasi-yonetimi-ile-toplantinda-bir-araya-geldi\/","title":{"rendered":"Binali Y\u0131ld\u0131r\u0131m, Sanayi Odas\u0131 y\u00f6netimi ile toplant\u0131nda bir araya geldi"},"content":{"rendered":"<p>\u0130stanbul Sanayi Odas\u0131 (\u0130SO) y\u00f6netimi ile toplant\u0131nda bir araya gelen AK Parti \u0130stanbul B\u00fcy\u00fck\u015fehir Belediye Ba\u015fkan Aday\u0131 Binali Y\u0131ld\u0131r\u0131m, \u201dBir \u015fehrin marka de\u011ferinin artt\u0131r\u0131lmas\u0131n\u0131n sadece hizmet sekt\u00f6r\u00fc ile de\u011fil. Ayn\u0131 zamanda sanayi ve \u00fcretim sekt\u00f6r\u00fcn\u00fcn daha da b\u00fcy\u00fcmesiyle m\u00fcmk\u00fcn oldu\u011funun fark\u0131nday\u0131z. T\u00fcrkiye\u2019nin her taraf\u0131na yapt\u0131\u011f\u0131m\u0131z hizmetlerimizin  \u00e7ok daha fazlas\u0131n\u0131 yapaca\u011f\u0131z\u201d dedi.<\/p>\n<p>AK Parti \u0130stanbul B\u00fcy\u00fck\u015fehir Belediye Ba\u015fkan Aday\u0131 Binali Y\u0131ld\u0131r\u0131m, Sanayi Odas\u0131 (\u0130SO) y\u00f6netimi ile toplant\u0131nda bir araya geldi. Y\u0131ld\u0131r\u0131m\u2019a eski Ekonomi Bakan\u0131 Nihat Zeybekci de e\u015flik etti.<\/p>\n<p>Toplant\u0131 sonunda a\u00e7\u0131klama yapan Binali Y\u0131ld\u0131r\u0131m, \u201cBurada sanayinin genel anlamda \u00f6zelinde de \u0130stanbul sanayicisinin,  \u00fcreticisinin konular\u0131n\u0131 ele ald\u0131k. Sanayi \u015fehir ili\u015fkilerini, sanayi belediye ili\u015fkilerini  konu\u015ftuk. Bir \u015fehrin marka de\u011ferinin artt\u0131r\u0131lmas\u0131n\u0131n sadece hizmet sekt\u00f6r\u00fc ile de\u011fil. Ayn\u0131 zamanda sanayi ve \u00fcretim sekt\u00f6r\u00fcn\u00fcn daha da b\u00fcy\u00fcmesiyle m\u00fcmk\u00fcn oldu\u011funun fark\u0131nday\u0131z. Ge\u00e7mi\u015fte sanayicilik  tecr\u00fcbesi olan birisi olarak \u00fcretmenin ne kadar faziletli, ne kadar me\u015fakkatli ama bir o kadar da keyifli bir i\u015f oldu\u011funu bilirim. Allah nasip eder \u0130stanbul halk\u0131 23 Haziran\u2019da yap\u0131lacak se\u00e7imlerde \u015fahs\u0131m\u0131zdan yana karar\u0131n\u0131 verirse 16,17 y\u0131ll\u0131k tecr\u00fcbemizi Say\u0131n Cumhurba\u015fkan\u0131m\u0131zla birlikte T\u00fcrkiye\u2019nin her taraf\u0131na yapt\u0131\u011f\u0131m\u0131z hizmetlerimizin \u00e7ok daha fazlas\u0131n\u0131, okudu\u011fumuz yuva kurdu\u011fumuz, i\u015f g\u00fc\u00e7 sahibi oldu\u011fumuz, beni milletvekil yapan, bakan yapan, ba\u015fbakan yapan bu m\u00fcjdelenmi\u015f \u015fehre \u00e7ok g\u00fczel i\u015fler \u00e7ok g\u00fczel hizmetler yapaca\u011f\u0131z. Tabi ki belediye ba\u015fkanl\u0131\u011f\u0131 g\u00f6revi \u015fehirde ya\u015fayan her kesimin, genci, ya\u015fl\u0131s\u0131, emeklisi, \u00e7al\u0131\u015fan\u0131, engellisi, engelsizi b\u00fct\u00fcn toplum kesimleri dahil olmak \u00fczere sorunlar\u0131 ile hem hal olmakt\u0131r. Sorunlar\u0131 torunlara b\u0131rakmadan \u00e7\u00f6zerek yol almakt\u0131r. Neleri yapabilece\u011fimizi g\u00f6rmek i\u00e7in ge\u00e7mi\u015fte neler yapt\u0131\u011f\u0131m\u0131za bakmak yeterli olur diye d\u00fc\u015f\u00fcyorum\u201d dedi.<\/p>\n","protected":false},"excerpt":{"rendered":"<p>AK PART\u0130 \u0130STANBUL B\u00dcY\u00dcK\u015eEH\u0130R BELED\u0130YE BA\u015eKAN ADAYI B\u0130NAL\u0130 YILDIRIM, SANAY\u0130 ODASI (\u0130SO) Y\u00d6NET\u0130M\u0130 \u0130LE TOPLANTINDA B\u0130R ARAYA GELD\u0130. YILDIRIM&#8217;A ESK\u0130 EKONOM\u0130 BAKANI N\u0130HAT ZEYBEKC\u0130 DE E\u015eL\u0130K ETT\u0130.<\/p>\n","protected":false},"author":1,"featured_media":168443,"comment_status":"closed","ping_status":"open","sticky":false,"template":"","format":"standard","meta":{"jetpack_post_was_ever_published":false,"_jetpack_newsletter_access":"","_jetpack_dont_email_post_to_subs":false,"_jetpack_newsletter_tier_id":0,"_jetpack_memberships_contains_paywalled_content":false,"_jetpack_memberships_contains_paid_content":false,"footnotes":"","jetpack_publicize_message":"","jetpack_publicize_feature_enabled":true,"jetpack_social_post_already_shared":true,"jetpack_social_options":{"image_generator_settings":{"template":"highway","default_image_id":0,"font":"","enabled":false},"version":2}},"categories":[1],"tags":[126,3333,125,127,192,374,1167,40394,376,1543],"class_list":["post-168442","post","type-post","status-publish","format-standard","has-post-thumbnail","hentry","category-genel","tag-araya","tag-binali","tag-bir","tag-geldi","tag-ile","tag-odasi","tag-sanayi","tag-toplantinda","tag-yildirim","tag-yonetimi"],"jetpack_publicize_connections":[],"jetpack_featured_media_url":"https:\/\/i0.wp.com\/www.tvturk.com\/wp-content\/uploads\/2019\/06\/binali-yildirim-sanayi-odasi-yonetimi-ile-toplantinda-bir-araya-geldi_7349035.jpg?fit=1000%2C666","jetpack_sharing_enabled":true,"jetpack_shortlink":"https:\/\/wp.me\/paKIfm-HOO","_links":{"self":[{"href":"http:\/\/www.tvturk.com\/index.php\/wp-json\/wp\/v2\/posts\/168442","targetHints":{"allow":["GET"]}}],"collection":[{"href":"http:\/\/www.tvturk.com\/index.php\/wp-json\/wp\/v2\/posts"}],"about":[{"href":"http:\/\/www.tvturk.com\/index.php\/wp-json\/wp\/v2\/types\/post"}],"author":[{"embeddable":true,"href":"http:\/\/www.tvturk.com\/index.php\/wp-json\/wp\/v2\/users\/1"}],"replies":[{"embeddable":true,"href":"http:\/\/www.tvturk.com\/index.php\/wp-json\/wp\/v2\/comments?post=168442"}],"version-history":[{"count":0,"href":"http:\/\/www.tvturk.com\/index.php\/wp-json\/wp\/v2\/posts\/168442\/revisions"}],"wp:featuredmedia":[{"embeddable":true,"href":"http:\/\/www.tvturk.com\/index.php\/wp-json\/wp\/v2\/media\/168443"}],"wp:attachment":[{"href":"http:\/\/www.tvturk.com\/index.php\/wp-json\/wp\/v2\/media?parent=168442"}],"wp:term":[{"taxonomy":"category","embeddable":true,"href":"http:\/\/www.tvturk.com\/index.php\/wp-json\/wp\/v2\/categories?post=168442"},{"taxonomy":"post_tag","embeddable":true,"href":"http:\/\/www.tvturk.com\/index.php\/wp-json\/wp\/v2\/tags?post=168442"}],"curies":[{"name":"wp","href":"https:\/\/api.w.org\/{rel}","templated":true}]}}