{"id":168458,"date":"2019-06-12T15:42:21","date_gmt":"2019-06-12T12:42:21","guid":{"rendered":"http:\/\/www.tvturk.com\/index.php\/niluferli-atlet-italyadan-gumus-madalya-ile-dondu\/"},"modified":"2019-06-12T15:42:21","modified_gmt":"2019-06-12T12:42:21","slug":"niluferli-atlet-italyadan-gumus-madalya-ile-dondu","status":"publish","type":"post","link":"http:\/\/www.tvturk.com\/index.php\/niluferli-atlet-italyadan-gumus-madalya-ile-dondu\/","title":{"rendered":"Nil\u00fcferli atlet \u0130talya\u2019dan g\u00fcm\u00fc\u015f madalya ile d\u00f6nd\u00fc"},"content":{"rendered":"<p>\u0130talya\u2019da d\u00fczenlenen Para Atletizm Grandprix\u2019inde, T\u00fcrkiye\u2019yi temsil eden Nil\u00fcfer Belediyesi G\u00f6rme Engelliler Spor Kul\u00fcb\u00fc sporcusu milli atlet Hakan Cira, 200 metrede ikinci olarak g\u00fcm\u00fc\u015f madalya kazand\u0131.<\/p>\n<p>Nil\u00fcfer Belediyesi G\u00f6rme Engelliler Spor Kul\u00fcb\u00fc sporcular\u0131 \u00fclkemizi mill\u00ee tak\u0131m b\u00fcnyesinde ba\u015far\u0131yla temsil etmeye devam ediyor. Nil\u00fcfer Belediyesi G\u00f6rme Engelliler Spor Kul\u00fcb\u00fc sporcusu Hakan Cira, \u00fclkemizi \u0130talya\u2019da d\u00fczenlenen Para Atletizm Grandprix\u2019inde temsil etti. 7-9 Haziran tarihlerinde  \u0130talya\u2019n\u0131n Grosseto \u015fehrinde yap\u0131lan yar\u0131\u015flarda Hakan Cira, 200 metrede ikinci olarak g\u00fcm\u00fc\u015f madalya kazand\u0131.<\/p>\n<p>Nil\u00fcfer Belediyesi G\u00f6rme Engelliler Spor Kul\u00fcb\u00fc Ba\u015fkan\u0131 Ali Gen\u00e7, al\u0131nan derecenin b\u00fcy\u00fck gurur verdi\u011fini belirterek, \u201cMill\u00ee atletimiz Hakan Cira,  bu y\u0131l yap\u0131lacak D\u00fcnya \u015eampiyonas\u0131 haz\u0131rl\u0131klar\u0131na aral\u0131ks\u0131z devam ediyor. En b\u00fcy\u00fck hedefimiz ise 2020 y\u0131l\u0131nda Japonya\u2019da yap\u0131lacak olimpiyatlar. Sporcumuzun olimpiyatlarda \u00fclkemizin ve Nil\u00fcfer\u2019in gururu olaca\u011f\u0131na inan\u0131yoruz. Elde edilen ba\u015far\u0131dan dolay\u0131 sporcumuzu tebrik ediyor, desteklerinden dolay\u0131 Nil\u00fcfer Belediye Ba\u015fkan\u0131 Turgay Erdem\u2019e te\u015fekk\u00fcr ediyorum\u201d dedi.<\/p>\n","protected":false},"excerpt":{"rendered":"<p>\u0130TALYA\u2019DA D\u00dcZENLENEN PARA ATLET\u0130ZM GRANDPR\u0130X\u2019\u0130NDE, T\u00dcRK\u0130YE\u2019Y\u0130 TEMS\u0130L EDEN N\u0130L\u00dcFER BELED\u0130YES\u0130 G\u00d6RME ENGELL\u0130LER SPOR KUL\u00dcB\u00dc SPORCUSU M\u0130LL\u0130 ATLET HAKAN C\u0130RA, 200 METREDE \u0130K\u0130NC\u0130 OLARAK G\u00dcM\u00dc\u015e MADALYA KAZANDI<\/p>\n","protected":false},"author":1,"featured_media":168459,"comment_status":"closed","ping_status":"open","sticky":false,"template":"","format":"standard","meta":{"jetpack_post_was_ever_published":false,"_jetpack_newsletter_access":"","_jetpack_dont_email_post_to_subs":false,"_jetpack_newsletter_tier_id":0,"_jetpack_memberships_contains_paywalled_content":false,"_jetpack_memberships_contains_paid_content":false,"footnotes":"","jetpack_publicize_message":"","jetpack_publicize_feature_enabled":true,"jetpack_social_post_already_shared":true,"jetpack_social_options":{"image_generator_settings":{"template":"highway","default_image_id":0,"font":"","enabled":false},"version":2}},"categories":[657],"tags":[3092,990,2680,192,20719,3800,5311],"class_list":["post-168458","post","type-post","status-publish","format-standard","has-post-thumbnail","hentry","category-spor","tag-atlet","tag-dondu","tag-gumus","tag-ile","tag-italyadan","tag-madalya","tag-niluferli"],"jetpack_publicize_connections":[],"jetpack_featured_media_url":"https:\/\/i0.wp.com\/www.tvturk.com\/wp-content\/uploads\/2019\/06\/niluferli-atlet-italyadan-gumus-madalya-ile-dondu_3db355e.jpg?fit=1000%2C750","jetpack_sharing_enabled":true,"jetpack_shortlink":"https:\/\/wp.me\/paKIfm-HP4","_links":{"self":[{"href":"http:\/\/www.tvturk.com\/index.php\/wp-json\/wp\/v2\/posts\/168458","targetHints":{"allow":["GET"]}}],"collection":[{"href":"http:\/\/www.tvturk.com\/index.php\/wp-json\/wp\/v2\/posts"}],"about":[{"href":"http:\/\/www.tvturk.com\/index.php\/wp-json\/wp\/v2\/types\/post"}],"author":[{"embeddable":true,"href":"http:\/\/www.tvturk.com\/index.php\/wp-json\/wp\/v2\/users\/1"}],"replies":[{"embeddable":true,"href":"http:\/\/www.tvturk.com\/index.php\/wp-json\/wp\/v2\/comments?post=168458"}],"version-history":[{"count":0,"href":"http:\/\/www.tvturk.com\/index.php\/wp-json\/wp\/v2\/posts\/168458\/revisions"}],"wp:featuredmedia":[{"embeddable":true,"href":"http:\/\/www.tvturk.com\/index.php\/wp-json\/wp\/v2\/media\/168459"}],"wp:attachment":[{"href":"http:\/\/www.tvturk.com\/index.php\/wp-json\/wp\/v2\/media?parent=168458"}],"wp:term":[{"taxonomy":"category","embeddable":true,"href":"http:\/\/www.tvturk.com\/index.php\/wp-json\/wp\/v2\/categories?post=168458"},{"taxonomy":"post_tag","embeddable":true,"href":"http:\/\/www.tvturk.com\/index.php\/wp-json\/wp\/v2\/tags?post=168458"}],"curies":[{"name":"wp","href":"https:\/\/api.w.org\/{rel}","templated":true}]}}