{"id":168472,"date":"2019-06-12T16:29:01","date_gmt":"2019-06-12T13:29:01","guid":{"rendered":"http:\/\/www.tvturk.com\/index.php\/hamburgda-dev-boks-galasi\/"},"modified":"2019-06-12T16:29:01","modified_gmt":"2019-06-12T13:29:01","slug":"hamburgda-dev-boks-galasi","status":"publish","type":"post","link":"http:\/\/www.tvturk.com\/index.php\/hamburgda-dev-boks-galasi\/","title":{"rendered":"Hamburg\u2019da dev boks galas\u0131"},"content":{"rendered":"<p>Almanya\u2019n\u0131n en iyi boks kul\u00fcb\u00fc se\u00e7ilen EC BOX\u0130NG\u2019in d\u00fczenleyece\u011fi gala gecesinde, iki d\u00fcnya ve bir de Avrupa \u015fampiyonluk kemerleri i\u00e7in dev m\u00fccadeleler ringe ta\u015f\u0131nacak.<\/p>\n<p>\u00dc\u00e7 kez \u00fcst \u00fcste Almanya\u2019n\u0131n en iyi boks kul\u00fcb\u00fc se\u00e7ilen EC BOX\u0130NG\u2019in y\u00f6netim kurulu ba\u015fkan\u0131 Erol Ceylan, Almanya\u2019da dev bir boks galas\u0131 ger\u00e7ekle\u015ftirmeye haz\u0131rlan\u0131yor. 6 Temmuz Cumartesi gecesi Hamburg\u2019un dev salonlar\u0131ndan CU Arena Neuegraben\u2019deki galada iki d\u00fcnya \u015fampiyonlu\u011fu ve bir de Avrupa \u015fampiyonlu\u011funun ortaya koyulaca\u011f\u0131n\u0131 vurgulayan Erol Ceylan, \u201cAyn\u0131 galada \u00fc\u00e7 alt\u0131n kemeri birden ortaya koymak boks d\u00fcnyas\u0131nda b\u00fcy\u00fck bir ba\u015far\u0131d\u0131r. Kul\u00fcb\u00fcm\u00fcz formas\u0131 alt\u0131nda d\u00f6v\u00fc\u015fen Almanya\u2019n\u0131n en ba\u015far\u0131l\u0131 boks\u00f6rlerinden Sebastian Formella, o gece IBO D\u00fcnya \u015eampiyonluk Kemeri i\u00e7in m\u00fccadele verecek. Yine kul\u00fcb\u00fcm\u00fcz\u00fcn sporcusu Igor Mikahalkin de d\u00fcnya \u015fampiyonlu\u011fu i\u00e7in m\u00fccadele verecek. Yine Almanlar\u0131n APB d\u00fcnya \u015fampiyonu boks\u00f6rlerinden EC BOX\u0130NG sporcusu a\u011f\u0131r s\u0131klet Erik Pfeifer de WBO Avrupa \u015eampiyonlu\u011fu i\u00e7in yumruk sallayacak. Kazanmalar\u0131 durumunda iki d\u00fcnya ve bir de Avrupa \u015fampiyonlu\u011fu kul\u00fcb\u00fcm\u00fcz \u00e7at\u0131s\u0131 alt\u0131na gelecektir. Sonbahara do\u011fru da \u0130stanbul\u2019da dev bir boks galas\u0131 d\u00fczenleyerek, d\u00fcnya medyas\u0131n\u0131 \u00fclkemize getirip tan\u0131t\u0131m\u0131n\u0131 yapaca\u011f\u0131z\u201d \u015feklinde konu\u015ftu.<\/p>\n<p>&#8220;\u0130ki alt\u0131n kemeri birden belimize takabiliriz&#8221;<\/p>\n<p>D\u00fcnyan\u0131n en iyi antren\u00f6rleri aras\u0131nda yer alan T\u00fcrk profesyonel boks tarihinin ilk antren\u00f6r\u00fc B\u00fclent Ba\u015fer, D\u00fcnya \u015fampiyonu Igor Michalkin, Almanlar\u0131n gelecek \u00fcmidi olan Erik Pfeifer, yine ba\u015far\u0131l\u0131 boks\u00f6r karde\u015fler Nikola Milacic ve Danilo Milacic\u2019in k\u00f6\u015fesinde ringe \u00e7\u0131kaca\u011f\u0131n\u0131 belirterek, \u201c\u0130gor daha \u00f6nce defalarca d\u00fcnya \u015fampiyonu oldu ve k\u00f6\u015fesinde ben yer ald\u0131m ancak medyan\u0131n bundan haberi olmad\u0131. Erik Pfeifer de yine APB d\u00fcnya \u015fampiyonluk madalyas\u0131 alm\u0131\u015f ba\u015far\u0131l\u0131 bir isim kendisini de bu \u00f6nemli ma\u00e7a haz\u0131rl\u0131yorum. \u015eu an i\u00e7in antrenmanlar\u0131m\u0131z \u00e7ok iyi gidiyor. Vermi\u015f oldu\u011fum t\u00fcm antrenman program\u0131n\u0131 kusursuz olarak yerine getiriyorlar. Bu \u015fekilde devam ederlerse iki alt\u0131n kemeri birden belimize takmamam\u0131z i\u00e7in bir neden yok\u201d dedi. EC BOX\u0130NG spor kul\u00fcb\u00fc bas\u0131n dan\u0131\u015fman\u0131 Vedat Alyaz, T\u00fcrk kul\u00fcb\u00fcn\u00fcn d\u00fcnyan\u0131n en iyi boks\u00f6rlerini b\u00fcnyesinde bar\u0131nd\u0131rd\u0131\u011f\u0131n\u0131n alt\u0131n\u0131 \u00e7izerek, \u201cGe\u00e7ti\u011fimiz g\u00fcn Anthony Joshua\u2019y\u0131 devirerek d\u00fcnyay\u0131 hayretlere d\u00fc\u015f\u00fcren Andy Ruiz ma\u00e7tan bir ay \u00f6nce boks\u00f6r\u00fcm\u00fcz Alexander Dimitrienko ile kar\u015f\u0131la\u015fm\u0131\u015ft\u0131. Yine kul\u00fcb\u00fcm\u00fcz b\u00fcnyesinde d\u00fcnya \u015fampiyonu Karo Murat, Avrupa \u015fampiyonlar\u0131m\u0131zdan Fatih Kele\u015f, Ali Eren Demirezen ve \u015fampiyon boks\u00f6r\u00fcm\u00fcz H\u00fcseyin Cinkara\u2019da yer al\u0131yor. Yak\u0131nda \u0130stanbul\u2019da da b\u00fcromuzu a\u00e7arak \u00fclkemizdeki boks\u00f6rlerin d\u00fcnya ringleriyle bulu\u015fmas\u0131n\u0131 sa\u011flayaca\u011f\u0131z\u201d \u015feklinde konu\u015ftu.<\/p>\n","protected":false},"excerpt":{"rendered":"<p>EC BOX\u0130NG&#8217;\u0130N Y\u00d6NET\u0130M KURULU BA\u015eKANI EROL CEYLAN, ALMANYA\u2019DA DEV B\u0130R BOKS GALASI GER\u00c7EKLE\u015eT\u0130RMEYE HAZIRLANIYOR.<\/p>\n","protected":false},"author":1,"featured_media":168473,"comment_status":"closed","ping_status":"open","sticky":false,"template":"","format":"standard","meta":{"jetpack_post_was_ever_published":false,"_jetpack_newsletter_access":"","_jetpack_dont_email_post_to_subs":false,"_jetpack_newsletter_tier_id":0,"_jetpack_memberships_contains_paywalled_content":false,"_jetpack_memberships_contains_paid_content":false,"footnotes":"","jetpack_publicize_message":"","jetpack_publicize_feature_enabled":true,"jetpack_social_post_already_shared":true,"jetpack_social_options":{"image_generator_settings":{"template":"highway","default_image_id":0,"font":"","enabled":false},"version":2}},"categories":[657],"tags":[13404,3017,10526,40402],"class_list":["post-168472","post","type-post","status-publish","format-standard","has-post-thumbnail","hentry","category-spor","tag-boks","tag-dev","tag-galasi","tag-hamburgda"],"jetpack_publicize_connections":[],"jetpack_featured_media_url":"https:\/\/i0.wp.com\/www.tvturk.com\/wp-content\/uploads\/2019\/06\/hamburgda-dev-boks-galasi_7353b79.jpg?fit=1000%2C610","jetpack_sharing_enabled":true,"jetpack_shortlink":"https:\/\/wp.me\/paKIfm-HPi","_links":{"self":[{"href":"http:\/\/www.tvturk.com\/index.php\/wp-json\/wp\/v2\/posts\/168472","targetHints":{"allow":["GET"]}}],"collection":[{"href":"http:\/\/www.tvturk.com\/index.php\/wp-json\/wp\/v2\/posts"}],"about":[{"href":"http:\/\/www.tvturk.com\/index.php\/wp-json\/wp\/v2\/types\/post"}],"author":[{"embeddable":true,"href":"http:\/\/www.tvturk.com\/index.php\/wp-json\/wp\/v2\/users\/1"}],"replies":[{"embeddable":true,"href":"http:\/\/www.tvturk.com\/index.php\/wp-json\/wp\/v2\/comments?post=168472"}],"version-history":[{"count":0,"href":"http:\/\/www.tvturk.com\/index.php\/wp-json\/wp\/v2\/posts\/168472\/revisions"}],"wp:featuredmedia":[{"embeddable":true,"href":"http:\/\/www.tvturk.com\/index.php\/wp-json\/wp\/v2\/media\/168473"}],"wp:attachment":[{"href":"http:\/\/www.tvturk.com\/index.php\/wp-json\/wp\/v2\/media?parent=168472"}],"wp:term":[{"taxonomy":"category","embeddable":true,"href":"http:\/\/www.tvturk.com\/index.php\/wp-json\/wp\/v2\/categories?post=168472"},{"taxonomy":"post_tag","embeddable":true,"href":"http:\/\/www.tvturk.com\/index.php\/wp-json\/wp\/v2\/tags?post=168472"}],"curies":[{"name":"wp","href":"https:\/\/api.w.org\/{rel}","templated":true}]}}