{"id":168506,"date":"2019-06-12T17:48:37","date_gmt":"2019-06-12T14:48:37","guid":{"rendered":"http:\/\/www.tvturk.com\/index.php\/refaeli-turk-kadinlari-cok-guzel\/"},"modified":"2019-06-12T17:48:37","modified_gmt":"2019-06-12T14:48:37","slug":"refaeli-turk-kadinlari-cok-guzel","status":"publish","type":"post","link":"http:\/\/www.tvturk.com\/index.php\/refaeli-turk-kadinlari-cok-guzel\/","title":{"rendered":"Refaeli: &#8220;T\u00fcrk kad\u0131nlar\u0131 \u00e7ok g\u00fczel&#8221;"},"content":{"rendered":"<p>Antalya\u2019da 27\u2019ncisi d\u00fczenlenen Dosso Dossi Fashion Show\u2019un defilesinde ba\u015f manken olarak podyuma \u00e7\u0131kan Bar Refaeli, T\u00fcrk kad\u0131n\u0131n\u0131 \u00f6vd\u00fc. Refaeli, &#8220;K\u0131yafetleri, ojelerinden sa\u00e7lar\u0131na kadar her \u015feyi ile g\u00fczel, kad\u0131ns\u0131 ve bak\u0131ml\u0131&#8221; dedi.<\/p>\n<p>Victoria\u2019s Secret ba\u015fka olmak \u00fczere d\u00fcnyaca \u00fcnl\u00fc markalar\u0131n defilelerinde yer alan ve kataloglar\u0131n\u0131 s\u00fcsleyen Bar Refaeli, Dosso Dossi Fashion Show\u2019un ba\u015f mankeni oldu. T\u00fcrkiye\u2019nin en b\u00fcy\u00fck moda \u015fovu olan ve \u00fcn\u00fc \u00fclke s\u0131n\u0131rlar\u0131n\u0131 a\u015fan Dosso Dossi Fashion Show, 12 Haziran\u2019da Antalya\u2019da ba\u015flad\u0131. Dosso Dossi Fashion Show\u2019da Anfa\u015f Antalya Expo Center\u2019da kurulan podyumda, Bar Refaeli\u2019e T\u00fcrk mankenler \u00d6zge Ulusoy ve Deniz Akkaya e\u015flik ederek podyuma \u00e7\u0131kt\u0131. Kad\u0131n, erkek, \u00e7ocuk ve ayakkab\u0131 olmak \u00fczere d\u00f6rt kategoride ger\u00e7ekle\u015ftirilen defilede yerli ve yabanc\u0131 yakla\u015f\u0131k 100 manken yer ald\u0131.<\/p>\n<p>Defile sonras\u0131 Dosso Dossi Holding Y\u00f6netim Kurulu Ba\u015fkan\u0131 Hikmet Eraslan ile Refaeli kameralar kar\u015f\u0131s\u0131na ge\u00e7ti. Eraslan pop\u00fcler mankenleri T\u00fcrkiye\u2019ye getirerek \u00f6nemli defilelere imza att\u0131klar\u0131n\u0131 kaydetti. Refaeli\u2019nin T\u00fcrkiye\u2019ye gelmesinden duydu\u011fu memnuniyeti dile getiren Eraslan, &#8220;\u015eahane bir sunum yapt\u0131 bug\u00fcn&#8221; \u015feklinde konu\u015ftu.<\/p>\n<p>T\u00fcrk bas\u0131n mensuplar\u0131n\u0131n sorular\u0131n\u0131 yan\u0131tlayan Refaeli ise T\u00fcrkiye\u2019ye daha \u00f6nce \u00e7ok kez geldi\u011fini ve T\u00fcrkiye\u2019yi \u00e7ok sevdi\u011fini s\u00f6yledi. Dosso Dossi\u2019yi d\u00fcnyadaki bas\u0131n yans\u0131malar\u0131ndan \u00e7ok iyi bildi\u011fini ifade eden Refaeli, &#8220;\u00c7ok eskiden bildi\u011fim bir marka, g\u00f6n\u00fcl rahatl\u0131\u011f\u0131yla T\u00fcrkiye\u2019ye geldim. B\u00fcy\u00fck ve uzun bir podyumdu, herkesin \u00e7\u0131kmak istedi\u011fi bir yer. \u00c7ocuklar b\u00f6l\u00fcm\u00fc de \u00e7ok tatl\u0131yd\u0131. B\u00fct\u00fcn\u00fcnde \u00e7ok e\u011flenceliydi&#8221; dedi.<\/p>\n<p>T\u00fcrk kad\u0131nlar\u0131n\u0131 nas\u0131l buldu\u011fu sorulan Refaeli, k\u0131yafetleri, ojelerinden sa\u00e7lar\u0131na kadar her \u015feyi ile g\u00fczel, kad\u0131ns\u0131 ve bak\u0131ml\u0131 g\u00f6rd\u00fc\u011f\u00fcn\u00fc s\u00f6yledi. T\u00fcrk \u00fcnl\u00fclerinden birini tan\u0131y\u0131p tan\u0131mad\u0131\u011f\u0131 sorusuna ise Nusret\u2019in tuz d\u00f6kme hareketini taklit eden Refaeli, g\u00fcl\u00fc\u015fmelere sebep oldu.<\/p>\n<p>Refaeli, anne olduktan sonra podyumlara d\u00f6nmesine ili\u015fkin, &#8220;Benim i\u00e7in farkl\u0131 bir tecr\u00fcbe oldu. \u0130\u015fe gitti\u011fimde yine kendimi bekar hissediyorum ama eve d\u00f6nd\u00fc\u011f\u00fcmde anne olarak, aile hayat\u0131n\u0131n bana pozitif bir etkisi oldu&#8221; diye konu\u015ftu.<\/p>\n","protected":false},"excerpt":{"rendered":"<p>DEF\u0130LE SONRASI DOSSO DOSS\u0130 HOLD\u0130NG Y\u00d6NET\u0130M KURULU BA\u015eKANI H\u0130KMET ERASLAN \u0130LE KAMERALAR KAR\u015eISINA GE\u00c7EN REFAEL\u0130, T\u00dcRK BASIN MENSUPLARININ SORULARINI YANITLADI.<\/p>\n","protected":false},"author":1,"featured_media":168507,"comment_status":"closed","ping_status":"open","sticky":false,"template":"","format":"standard","meta":{"jetpack_post_was_ever_published":false,"_jetpack_newsletter_access":"","_jetpack_dont_email_post_to_subs":false,"_jetpack_newsletter_tier_id":0,"_jetpack_memberships_contains_paywalled_content":false,"_jetpack_memberships_contains_paid_content":false,"footnotes":"","jetpack_publicize_message":"","jetpack_publicize_feature_enabled":true,"jetpack_social_post_already_shared":true,"jetpack_social_options":{"image_generator_settings":{"template":"highway","default_image_id":0,"font":"","enabled":false},"version":2}},"categories":[1],"tags":[105,1019,7920,40404,957],"class_list":["post-168506","post","type-post","status-publish","format-standard","has-post-thumbnail","hentry","category-genel","tag-cok","tag-guzel","tag-kadinlari","tag-refaeli","tag-turk"],"jetpack_publicize_connections":[],"jetpack_featured_media_url":"https:\/\/i0.wp.com\/www.tvturk.com\/wp-content\/uploads\/2019\/06\/refaeli-turk-kadinlari-cok-guzel_b7362ef.jpg?fit=1000%2C666","jetpack_sharing_enabled":true,"jetpack_shortlink":"https:\/\/wp.me\/paKIfm-HPQ","_links":{"self":[{"href":"http:\/\/www.tvturk.com\/index.php\/wp-json\/wp\/v2\/posts\/168506","targetHints":{"allow":["GET"]}}],"collection":[{"href":"http:\/\/www.tvturk.com\/index.php\/wp-json\/wp\/v2\/posts"}],"about":[{"href":"http:\/\/www.tvturk.com\/index.php\/wp-json\/wp\/v2\/types\/post"}],"author":[{"embeddable":true,"href":"http:\/\/www.tvturk.com\/index.php\/wp-json\/wp\/v2\/users\/1"}],"replies":[{"embeddable":true,"href":"http:\/\/www.tvturk.com\/index.php\/wp-json\/wp\/v2\/comments?post=168506"}],"version-history":[{"count":0,"href":"http:\/\/www.tvturk.com\/index.php\/wp-json\/wp\/v2\/posts\/168506\/revisions"}],"wp:featuredmedia":[{"embeddable":true,"href":"http:\/\/www.tvturk.com\/index.php\/wp-json\/wp\/v2\/media\/168507"}],"wp:attachment":[{"href":"http:\/\/www.tvturk.com\/index.php\/wp-json\/wp\/v2\/media?parent=168506"}],"wp:term":[{"taxonomy":"category","embeddable":true,"href":"http:\/\/www.tvturk.com\/index.php\/wp-json\/wp\/v2\/categories?post=168506"},{"taxonomy":"post_tag","embeddable":true,"href":"http:\/\/www.tvturk.com\/index.php\/wp-json\/wp\/v2\/tags?post=168506"}],"curies":[{"name":"wp","href":"https:\/\/api.w.org\/{rel}","templated":true}]}}