{"id":168514,"date":"2019-06-12T18:19:24","date_gmt":"2019-06-12T15:19:24","guid":{"rendered":"http:\/\/www.tvturk.com\/index.php\/ictigi-sudan-alkol-cikan-minik-masal-cok-korktum-olecegimi-sandim\/"},"modified":"2019-06-12T18:19:24","modified_gmt":"2019-06-12T15:19:24","slug":"ictigi-sudan-alkol-cikan-minik-masal-cok-korktum-olecegimi-sandim","status":"publish","type":"post","link":"http:\/\/www.tvturk.com\/index.php\/ictigi-sudan-alkol-cikan-minik-masal-cok-korktum-olecegimi-sandim\/","title":{"rendered":"\u0130\u00e7ti\u011fi sudan alkol \u00e7\u0131kan minik Masal: \u201c\u00c7ok korktum, \u00f6lece\u011fimi sand\u0131m&#8221;"},"content":{"rendered":"<p>B\u00fcy\u00fck\u00e7ekmece\u2019de s\u0131navda i\u00e7ti\u011fi su \u015fi\u015fesinin i\u00e7inden alkol \u00e7\u0131kan 8 ya\u015f\u0131ndaki \u0130stanbul Masal Oktay, \u201c\u00c7ok korktum. \u00d6lece\u011fimi sand\u0131m. Kolonya sand\u0131m ben ama dedem \u2018rak\u0131\u2019 dedi\u201d diye konu\u015ftu.<\/p>\n<p>B\u00fcy\u00fck\u00e7ekmece\u2019de ak\u0131llara durgunluk veren bir olay ya\u015fanm\u0131\u015ft\u0131. \u0130ddiaya g\u00f6re, \u00fcst\u00fcn zekal\u0131 \u00f6\u011frencilerin girdi\u011fi B\u0130LSEM s\u0131nav\u0131na giren 8 ya\u015f\u0131ndaki \u0130stanbul Masal Oktay\u2019\u0131n i\u00e7ti\u011fi suyun i\u00e7inden alkol \u00e7\u0131kt\u0131. Ya\u015fanan olay \u00fczerine gerekli yerlere \u015fikayette bulunan dede Hayrettin Avc\u0131, firmadan ve bayiden davac\u0131 oldu\u011funu s\u00f6yledi.<\/p>\n<p>Ya\u015fanan olay\u0131 anlatan minik Masal, \u00e7ok korktu\u011funu ve \u00f6lece\u011fini sand\u0131\u011f\u0131n\u0131 belirtti. \u0130stanbul Masal Oktay, \u201cBen gittim s\u0131navdan \u00f6nce i\u00e7tim. \u00d6\u011fretmenin odas\u0131ndayd\u0131m. Fazla i\u00e7medim. Kolonya sand\u0131m. Gittim dedeme. \u00d6\u011fretmen \u2018\u00c7ocu\u011fa ne i\u00e7irdiniz\u2019 dedi. Dedem koklad\u0131 ve rak\u0131 oldu\u011funu s\u00f6yledi. \u00c7ok korktum. \u00d6lece\u011fimi sand\u0131m. Kolonya sand\u0131m ben ama dedem \u2018rak\u0131\u2019 dedi. Hala biraz can\u0131m ac\u0131yordu. Bo\u011faz\u0131ma kadar geldi korkuyordum ama s\u0131nav\u0131m\u0131 bitirdim. \u00c7ok \u00f6nemli bir s\u0131navd\u0131. Annem s\u00f6ylemi\u015fti bunu\u201d diye konu\u015ftu.<\/p>\n","protected":false},"excerpt":{"rendered":"<p>B\u00dcY\u00dcK\u00c7EKMECE\u2019DE SINAVDA \u0130\u00c7T\u0130\u011e\u0130 SU \u015e\u0130\u015eES\u0130N\u0130N \u0130\u00c7\u0130NDEN ALKOL \u00c7IKAN 8 YA\u015eINDAK\u0130 \u0130STANBUL MASAL OKTAY, \u201c\u00c7OK KORKTUM. \u00d6LECE\u011e\u0130M\u0130 SANDIM. KOLONYA SANDIM BEN AMA DEDEM \u2018RAKI\u2019 DED\u0130\u201d D\u0130YE KONU\u015eTU.<\/p>\n","protected":false},"author":1,"featured_media":168515,"comment_status":"closed","ping_status":"open","sticky":false,"template":"","format":"standard","meta":{"jetpack_post_was_ever_published":false,"_jetpack_newsletter_access":"","_jetpack_dont_email_post_to_subs":false,"_jetpack_newsletter_tier_id":0,"_jetpack_memberships_contains_paywalled_content":false,"_jetpack_memberships_contains_paid_content":false,"footnotes":"","jetpack_publicize_message":"","jetpack_publicize_feature_enabled":true,"jetpack_social_post_already_shared":true,"jetpack_social_options":{"image_generator_settings":{"template":"highway","default_image_id":0,"font":"","enabled":false},"version":2}},"categories":[1],"tags":[11168,2114,105,40409,40410,141,1636,40411,40412,11919],"class_list":["post-168514","post","type-post","status-publish","format-standard","has-post-thumbnail","hentry","category-genel","tag-alkol","tag-cikan","tag-cok","tag-ictigi","tag-korktum","tag-masal","tag-minik","tag-olecegimi","tag-sandim","tag-sudan"],"jetpack_publicize_connections":[],"jetpack_featured_media_url":"https:\/\/i0.wp.com\/www.tvturk.com\/wp-content\/uploads\/2019\/06\/ictigi-sudan-alkol-cikan-minik-masal-cok-korktum-olecegimi-sandim_15416f7.jpg?fit=750%2C1000","jetpack_sharing_enabled":true,"jetpack_shortlink":"https:\/\/wp.me\/paKIfm-HPY","_links":{"self":[{"href":"http:\/\/www.tvturk.com\/index.php\/wp-json\/wp\/v2\/posts\/168514","targetHints":{"allow":["GET"]}}],"collection":[{"href":"http:\/\/www.tvturk.com\/index.php\/wp-json\/wp\/v2\/posts"}],"about":[{"href":"http:\/\/www.tvturk.com\/index.php\/wp-json\/wp\/v2\/types\/post"}],"author":[{"embeddable":true,"href":"http:\/\/www.tvturk.com\/index.php\/wp-json\/wp\/v2\/users\/1"}],"replies":[{"embeddable":true,"href":"http:\/\/www.tvturk.com\/index.php\/wp-json\/wp\/v2\/comments?post=168514"}],"version-history":[{"count":0,"href":"http:\/\/www.tvturk.com\/index.php\/wp-json\/wp\/v2\/posts\/168514\/revisions"}],"wp:featuredmedia":[{"embeddable":true,"href":"http:\/\/www.tvturk.com\/index.php\/wp-json\/wp\/v2\/media\/168515"}],"wp:attachment":[{"href":"http:\/\/www.tvturk.com\/index.php\/wp-json\/wp\/v2\/media?parent=168514"}],"wp:term":[{"taxonomy":"category","embeddable":true,"href":"http:\/\/www.tvturk.com\/index.php\/wp-json\/wp\/v2\/categories?post=168514"},{"taxonomy":"post_tag","embeddable":true,"href":"http:\/\/www.tvturk.com\/index.php\/wp-json\/wp\/v2\/tags?post=168514"}],"curies":[{"name":"wp","href":"https:\/\/api.w.org\/{rel}","templated":true}]}}