{"id":168534,"date":"2019-06-12T19:14:18","date_gmt":"2019-06-12T16:14:18","guid":{"rendered":"http:\/\/www.tvturk.com\/index.php\/kediyi-suni-teneffusle-kurtardi-o-anlar-fotograf-karelerine-yansidi\/"},"modified":"2019-06-12T19:14:18","modified_gmt":"2019-06-12T16:14:18","slug":"kediyi-suni-teneffusle-kurtardi-o-anlar-fotograf-karelerine-yansidi","status":"publish","type":"post","link":"http:\/\/www.tvturk.com\/index.php\/kediyi-suni-teneffusle-kurtardi-o-anlar-fotograf-karelerine-yansidi\/","title":{"rendered":"Kediyi suni teneff\u00fcsle kurtard\u0131, o anlar foto\u011fraf karelerine yans\u0131d\u0131"},"content":{"rendered":"<p>Pendik\u2019te yo\u011fun ya\u011f\u0131\u015f nedeniyle sele kap\u0131larak bo\u011fulma tehlikesi ya\u015fayan kedi, belediye i\u015f\u00e7isinin suni teneff\u00fcs\u00fcyle hayata d\u00f6nd\u00fc. Duygu dolu anlar foto\u011fraf karelerine yans\u0131d\u0131.<\/p>\n<p>Pendik\u2019te etkili olan kuvvetli ya\u011f\u0131\u015f hayat\u0131 olumsuz etkiledi. \u0130l\u00e7ede baz\u0131 yerlerde su bask\u0131nlar\u0131 ya\u015fan\u0131rken baz\u0131 yollarda da su birikintileri ve seller olu\u015ftu. B\u00f6lgede \u00e7al\u0131\u015fma yapan belediye i\u015f\u00e7ilerinden biri, sel suyuna kap\u0131larak \u00f6l\u00fcm tehlikesi ya\u015fayan bir yavru kedinin oldu\u011funu fark etti. Belediye i\u015f\u00e7isi sudan \u00e7\u0131kard\u0131\u011f\u0131 kediye suni teneff\u00fcs yaparak onu hayata d\u00f6nd\u00fcrd\u00fc. Ard\u0131ndan belediye i\u015f\u00e7isi kediyi havluya sararak arac\u0131na koydu ve veterinere g\u00f6t\u00fcrd\u00fc. Veteriner hekim taraf\u0131ndan tedavisi yap\u0131lan kedinin sa\u011fl\u0131k durumunun iyi oldu\u011fu \u00f6\u011frenildi. Belediye i\u015f\u00e7isinin kediyi kurtard\u0131\u011f\u0131 o anlar foto\u011fraf karelerine yans\u0131d\u0131.<\/p>\n","protected":false},"excerpt":{"rendered":"<p>PEND\u0130K\u2019TE YO\u011eUN YA\u011eI\u015e NEDEN\u0130YLE SELE KAPILARAK BO\u011eULMA TEHL\u0130KES\u0130 YA\u015eAYAN KED\u0130, BELED\u0130YE \u0130\u015e\u00c7\u0130S\u0130N\u0130N SUN\u0130 TENEFF\u00dcS\u00dcYLE HAYATA D\u00d6ND\u00dc. DUYGU DOLU ANLAR FOTO\u011eRAF KARELER\u0130NE YANSIDI.<\/p>\n","protected":false},"author":1,"featured_media":168535,"comment_status":"closed","ping_status":"open","sticky":false,"template":"","format":"standard","meta":{"jetpack_post_was_ever_published":false,"_jetpack_newsletter_access":"","_jetpack_dont_email_post_to_subs":false,"_jetpack_newsletter_tier_id":0,"_jetpack_memberships_contains_paywalled_content":false,"_jetpack_memberships_contains_paid_content":false,"footnotes":"","jetpack_publicize_message":"","jetpack_publicize_feature_enabled":true,"jetpack_social_post_already_shared":true,"jetpack_social_options":{"image_generator_settings":{"template":"highway","default_image_id":0,"font":"","enabled":false},"version":2}},"categories":[1],"tags":[5816,5874,40421,6092,477,19054,40420,1948],"class_list":["post-168534","post","type-post","status-publish","format-standard","has-post-thumbnail","hentry","category-genel","tag-anlar","tag-fotograf","tag-karelerine","tag-kediyi","tag-kurtardi","tag-suni","tag-teneffusle","tag-yansidi"],"jetpack_publicize_connections":[],"jetpack_featured_media_url":"https:\/\/i0.wp.com\/www.tvturk.com\/wp-content\/uploads\/2019\/06\/kediyi-suni-teneffusle-kurtardi-o-anlar-fotograf-karelerine-yansidi_0e00354.jpg?fit=900%2C898","jetpack_sharing_enabled":true,"jetpack_shortlink":"https:\/\/wp.me\/paKIfm-HQi","_links":{"self":[{"href":"http:\/\/www.tvturk.com\/index.php\/wp-json\/wp\/v2\/posts\/168534","targetHints":{"allow":["GET"]}}],"collection":[{"href":"http:\/\/www.tvturk.com\/index.php\/wp-json\/wp\/v2\/posts"}],"about":[{"href":"http:\/\/www.tvturk.com\/index.php\/wp-json\/wp\/v2\/types\/post"}],"author":[{"embeddable":true,"href":"http:\/\/www.tvturk.com\/index.php\/wp-json\/wp\/v2\/users\/1"}],"replies":[{"embeddable":true,"href":"http:\/\/www.tvturk.com\/index.php\/wp-json\/wp\/v2\/comments?post=168534"}],"version-history":[{"count":0,"href":"http:\/\/www.tvturk.com\/index.php\/wp-json\/wp\/v2\/posts\/168534\/revisions"}],"wp:featuredmedia":[{"embeddable":true,"href":"http:\/\/www.tvturk.com\/index.php\/wp-json\/wp\/v2\/media\/168535"}],"wp:attachment":[{"href":"http:\/\/www.tvturk.com\/index.php\/wp-json\/wp\/v2\/media?parent=168534"}],"wp:term":[{"taxonomy":"category","embeddable":true,"href":"http:\/\/www.tvturk.com\/index.php\/wp-json\/wp\/v2\/categories?post=168534"},{"taxonomy":"post_tag","embeddable":true,"href":"http:\/\/www.tvturk.com\/index.php\/wp-json\/wp\/v2\/tags?post=168534"}],"curies":[{"name":"wp","href":"https:\/\/api.w.org\/{rel}","templated":true}]}}