{"id":168538,"date":"2019-06-12T19:27:08","date_gmt":"2019-06-12T16:27:08","guid":{"rendered":"http:\/\/www.tvturk.com\/index.php\/turkiye-dortlu-finale-yukseldi\/"},"modified":"2019-06-12T19:27:08","modified_gmt":"2019-06-12T16:27:08","slug":"turkiye-dortlu-finale-yukseldi","status":"publish","type":"post","link":"http:\/\/www.tvturk.com\/index.php\/turkiye-dortlu-finale-yukseldi\/","title":{"rendered":"T\u00fcrkiye, D\u00f6rtl\u00fc Final\u2019e y\u00fckseldi"},"content":{"rendered":"<p>2019 Avrupa Alt\u0131n Ligi A Grubu\u2019nda A Milli Erkek Voleybol Tak\u0131m\u0131 Bel\u00e7ika\u2019y\u0131 setlerde 3-1 yenerek gruptaki be\u015f ma\u00e7\u0131ndan da galip ayr\u0131larak D\u00f6rtl\u00fc Final(e y\u00fckseldi.<\/p>\n<p>T\u00fcrkiye, gruptaki be\u015finci ma\u00e7\u0131nda Trabzon Be\u015firli Spor Kompleksi \u00c7ok Ama\u00e7l\u0131 Spor Salonu\u2019nda Bel\u00e7ika\u2019y\u0131 a\u011f\u0131rlad\u0131. Milliler, rakibine kar\u015f\u0131 setlerde 3-1 \u00fcst\u00fcnl\u00fck kurdu\u011fu ma\u00e7\u0131n sonunda, bitime 1 hafta kala D\u00f6rtl\u00fc Finale kalmaya hak kazand\u0131. Bu sonucun ard\u0131ndan, grupta oynad\u0131\u011f\u0131 5 ma\u00e7\u0131n\u0131 da nama\u011flup tamamlayan ay-y\u0131ld\u0131zl\u0131lar, 16 Haziran\u2019da Riga\u2019da Letonya ile oynayaca\u011f\u0131 grubun son ma\u00e7\u0131n\u0131n da tamamlanmas\u0131yla birlikte 21-22 Haziran tarihlerinde Estonya\u2019n\u0131n ba\u015fkenti Tallinn\u2019de d\u00fczenlenecek D\u00f6rtl\u00fc Final organizasyonunda m\u00fccadele edecek.<\/p>\n<p>Trabzon seyircisine te\u015fekk\u00fcr<\/p>\n<p>Milli Tak\u0131ma b\u00fcy\u00fck destek veren Trabzon seyircisine te\u015fekk\u00fcr eden T\u00fcrkiye Voleybol Federasyonu (TVF) Ba\u015fkan\u0131 Mehmet Akif \u00dcst\u00fcnda\u011f, ma\u00e7 sonu a\u00e7\u0131klamalarda bulundu.<\/p>\n<p>\u00dcst\u00fcnda\u011f, ya\u015fad\u0131klar\u0131 mutlulu\u011fu dile getirerek, &#8220;T\u00fcm tak\u0131m\u0131 tebrik ediyorum. Anadolu\u2019da voleybol \u015fenli\u011fi ya\u015f\u0131yoruz. Sivas\u2019ta ba\u015flayan, Malatya ile devam eden ve bug\u00fcn Trabzon\u2019da muhte\u015fem seyirci deste\u011fi vard\u0131. Trabzon, ger\u00e7ekten \u015fu galibiyette \u00f6nemli rol oynad\u0131. Eme\u011fi ge\u00e7en herkese te\u015fekk\u00fcr ediyorum&#8221; dedi.<\/p>\n<p>D\u00f6rtl\u00fc Final grubuna kald\u0131klar\u0131 i\u00e7in mutlu olduklar\u0131n\u0131 da ifade eden \u00dcst\u00fcnda\u011f, &#8220;Art\u0131k d\u00f6rt tak\u0131m aras\u0131nda Final-Four oynayaca\u011f\u0131z. Orada \u015fampiyon olmak istiyoruz. \u0130yi bir jenerasyon var, iyi m\u00fccadele ettiler. Hatas\u0131z oynamaya gayret ettiler. Oyuncular\u0131 kutluyorum, nama\u011flup gidiyoruz. Biraz onun stresi vard\u0131 ama onu da sahaya yans\u0131tmad\u0131lar, \u00e7ok te\u015fekk\u00fcr ediyorum&#8221; diye konu\u015ftu.<\/p>\n<p>Salon: Be\u015firli Spor Kompleksi \u00c7ok Ama\u00e7l\u0131<\/p>\n<p>Hakemler: Paul Catalin Szabo Alexi (Romanya), Serdar Ni\u015fanc\u0131o\u011flu (T\u00fcrkiye)<\/p>\n<p>T\u00fcrkiye: \u00c7a\u011fatay Durmaz, Burutay Suba\u015f\u0131, Yasin Ayd\u0131n, Arslan Ek\u015fi, Adis Lagumdzija, O\u011fuzhan Karasu, (Burak Mert, Volkan D\u00f6ne, Yi\u011fit G\u00fclmezo\u011flu, Metin Toy, Do\u011fukan Ulu, Ertu\u011frul Gazi Metin, O\u011fulcan Yatg\u0131n)<\/p>\n<p>Bel\u00e7ika: Kindt, Peters, Peeters, Depovere, Thys, Van De Velde (Stuer, Verstraete,  Dumont, Hofmans, Van Hoyweghen, Vandeweyer, D\u2019Heer)<\/p>\n<p>Setler: 25-20, 23-25, 25-14, 25-16<\/p>\n<p>S\u00fcre: 93 dakika (23, 27, 21, 22)<\/p>\n","protected":false},"excerpt":{"rendered":"<p>2019 AVRUPA ALTIN L\u0130G\u0130 A GRUBU&#8217;NDA A M\u0130LL\u0130 ERKEK VOLEYBOL TAKIMI BEL\u00c7\u0130KA\u2019YI SETLERDE 3-1 YENEREK GRUPTAK\u0130 BE\u015e MA\u00c7INDAN DA GAL\u0130P AYRILARAK D\u00d6RTL\u00dc F\u0130NAL&#8217;E Y\u00dcKSELD\u0130.<\/p>\n","protected":false},"author":1,"featured_media":168539,"comment_status":"closed","ping_status":"open","sticky":false,"template":"","format":"standard","meta":{"jetpack_post_was_ever_published":false,"_jetpack_newsletter_access":"","_jetpack_dont_email_post_to_subs":false,"_jetpack_newsletter_tier_id":0,"_jetpack_memberships_contains_paywalled_content":false,"_jetpack_memberships_contains_paid_content":false,"footnotes":"","jetpack_publicize_message":"","jetpack_publicize_feature_enabled":true,"jetpack_social_post_already_shared":true,"jetpack_social_options":{"image_generator_settings":{"template":"highway","default_image_id":0,"font":"","enabled":false},"version":2}},"categories":[657],"tags":[7948,7949,453,1681],"class_list":["post-168538","post","type-post","status-publish","format-standard","has-post-thumbnail","hentry","category-spor","tag-dortlu","tag-finale","tag-turkiye","tag-yukseldi"],"jetpack_publicize_connections":[],"jetpack_featured_media_url":"https:\/\/i0.wp.com\/www.tvturk.com\/wp-content\/uploads\/2019\/06\/turkiye-dortlu-finale-yukseldi_ce565c8.jpg?fit=1000%2C667","jetpack_sharing_enabled":true,"jetpack_shortlink":"https:\/\/wp.me\/paKIfm-HQm","_links":{"self":[{"href":"http:\/\/www.tvturk.com\/index.php\/wp-json\/wp\/v2\/posts\/168538","targetHints":{"allow":["GET"]}}],"collection":[{"href":"http:\/\/www.tvturk.com\/index.php\/wp-json\/wp\/v2\/posts"}],"about":[{"href":"http:\/\/www.tvturk.com\/index.php\/wp-json\/wp\/v2\/types\/post"}],"author":[{"embeddable":true,"href":"http:\/\/www.tvturk.com\/index.php\/wp-json\/wp\/v2\/users\/1"}],"replies":[{"embeddable":true,"href":"http:\/\/www.tvturk.com\/index.php\/wp-json\/wp\/v2\/comments?post=168538"}],"version-history":[{"count":0,"href":"http:\/\/www.tvturk.com\/index.php\/wp-json\/wp\/v2\/posts\/168538\/revisions"}],"wp:featuredmedia":[{"embeddable":true,"href":"http:\/\/www.tvturk.com\/index.php\/wp-json\/wp\/v2\/media\/168539"}],"wp:attachment":[{"href":"http:\/\/www.tvturk.com\/index.php\/wp-json\/wp\/v2\/media?parent=168538"}],"wp:term":[{"taxonomy":"category","embeddable":true,"href":"http:\/\/www.tvturk.com\/index.php\/wp-json\/wp\/v2\/categories?post=168538"},{"taxonomy":"post_tag","embeddable":true,"href":"http:\/\/www.tvturk.com\/index.php\/wp-json\/wp\/v2\/tags?post=168538"}],"curies":[{"name":"wp","href":"https:\/\/api.w.org\/{rel}","templated":true}]}}