{"id":168540,"date":"2019-06-12T19:53:18","date_gmt":"2019-06-12T16:53:18","guid":{"rendered":"http:\/\/www.tvturk.com\/index.php\/busmekin-14-yil-gururu\/"},"modified":"2019-06-12T19:53:18","modified_gmt":"2019-06-12T16:53:18","slug":"busmekin-14-yil-gururu","status":"publish","type":"post","link":"http:\/\/www.tvturk.com\/index.php\/busmekin-14-yil-gururu\/","title":{"rendered":"BUSMEK\u2019in 14. y\u0131l gururu"},"content":{"rendered":"<p>Bursa B\u00fcy\u00fck\u015fehir Belediyesi Sanat ve Meslek E\u011fitimi Kurslar\u0131 (BUSMEK) taraf\u0131ndan d\u00fczenlenen 14. Genel Sergi, Merinos AKKM\u2019de sanatseverlerin izlenimine sunuldu. 40 farkl\u0131 sanat dal\u0131nda 2 bine yak\u0131n eserin g\u00f6r\u00fcc\u00fcye \u00e7\u0131kt\u0131\u011f\u0131 serginin a\u00e7\u0131l\u0131\u015f\u0131na B\u00fcy\u00fck\u015fehir Belediye Ba\u015fkan\u0131 Alinur Akta\u015f da kat\u0131ld\u0131.<\/p>\n<p>Kursiyerlerin el eme\u011fi g\u00f6z nuru eserleri,sergilendi. Orkestra sanat\u00e7\u0131lar\u0131 ile B\u00fcy\u00fck\u015fehir Belediyesi\u2019ne ba\u011fl\u0131 bando ve mehter tak\u0131mlar\u0131n\u0131n konseriyle ba\u015flayan a\u00e7\u0131l\u0131\u015f t\u00f6renine, B\u00fcy\u00fck\u015fehir Belediye Ba\u015fkan\u0131 Alinur Akta\u015f ve e\u015fi Sevin\u00e7 Akta\u015f ile protokol \u00fcyeleri, BUSMEK kursiyerleri, kursiyer aileleri kat\u0131ld\u0131. Alinur Akta\u015f, 2006 y\u0131l\u0131ndan bu yana Bursal\u0131lar\u0131n sanat ve meslek\u00ee ihtiya\u00e7lar\u0131na kar\u015f\u0131l\u0131k veren BUSMEK\u2019in\u00e7a\u011f\u0131n gereklerine uygun olarak vatanda\u015flar\u0131n donan\u0131m\u0131n\u0131 art\u0131rarak yolculu\u011funa devam etti\u011fini s\u00f6yledi. BUSMEK\u2019in bug\u00fcn \u2018ortaya koydu\u011fu hizmetlerle\u2019\u00f6nemli i\u015flere imza atan, sosyal fayda \u00fcreten, \u00f6rnek, ula\u015f\u0131labilir, s\u00fcrd\u00fcr\u00fclebilir ve hayat boyu \u00f6\u011frenme ilkeleriyle hareket eden hizmet anlay\u0131\u015f\u0131n\u0131 ger\u00e7ekle\u015ftirdi\u011fini belirten Ba\u015fkan Akta\u015f, \u201cBUSMEK, 14. y\u0131l\u0131nda 30 farkl\u0131 mek\u00e2nda \u015fehir k\u00fclt\u00fcr\u00fcne uyumunu sa\u011flayarak, hizmetinden istifade eden fertler yeti\u015ftirmeye sevk ediyor. Kursiyerlerinin k\u00fclt\u00fcrel ve sosyal geli\u015fimlerine katk\u0131 sunmak ve \u015fehrimizin istihdam\u0131na art\u0131 de\u011fer sa\u011flamak ad\u0131na sanayile\u015fmenin do\u011furdu\u011fu kalifiye eleman a\u00e7\u0131\u011f\u0131n\u0131 kapatmaya yard\u0131mc\u0131 olmak i\u00e7in faaliyetlerini s\u00fcrd\u00fcr\u00fcyor\u201d dedi.<\/p>\n<p>Bu y\u0131l 14.\u2019s\u00fc d\u00fczenlenen \u2018Ya\u015famdan Dokular\u2019 temal\u0131 genel sergide 40 farkl\u0131 sanat dal\u0131nda estetik ve g\u00f6z nuru 2000 eserin g\u00f6r\u00fcc\u00fcye \u00e7\u0131kt\u0131\u011f\u0131n\u0131 ifade eden Ba\u015fkan Akta\u015f, \u201cBUSMEK, hayat boyu \u00f6\u011frenme esaslar\u0131 \u00e7er\u00e7evesinde y\u0131lda ortalama 30bin kursiyere e\u011fitim hizmeti sunuyor.250 farkl\u0131 bran\u015ftafaaliyetler devam ediyor.Ayr\u0131ca 8.s\u0131n\u0131f \u00f6\u011frencilerine y\u00f6nelik liselere giri\u015f ile \u00fcniversiteye giri\u015f s\u0131navlar\u0131na haz\u0131rl\u0131k e\u011fitimlerimizden 1500 \u00f6\u011frencimiz tamamen \u00fccretsiz olarak istifade etti\u201d diye konu\u015ftu.<\/p>\n<p>E\u011fitimin ve eme\u011fin istihdama d\u00f6n\u00fc\u015ft\u00fc\u011f\u00fc adres olan BUSMEK\u2019te ba\u015fta giyim \u00fcretim teknolojileri, end\u00fcstriyel mutfak, bili\u015fim teknolojileri, metal-makine teknolojisi ve di\u011fer bran\u015flarda e\u011fitimini ba\u015far\u0131l\u0131 \u015fekilde tamamlayan 800 kursiyerin \u00e7e\u015fitli i\u015fyerlerinde istihdam imk\u00e2n\u0131 buldu\u011funu kaydeden Ba\u015fkan Akta\u015f, \u201cKOSGEB i\u015f birli\u011fiyle ger\u00e7ekle\u015ftirilen giri\u015fimcilik e\u011fitimlerine kat\u0131lan kursiyerlerimizden ise 131 ki\u015fi, kendi i\u015fyerini a\u00e7arak Bursa\u2019n\u0131n g\u00fcc\u00fcne g\u00fc\u00e7 katt\u0131. B\u00fcy\u00fck\u015fehir Belediyesi\u2019nin ba\u015flatt\u0131\u011f\u0131 \u2018Bursa ipe\u011fi yeniden hayat buluyor\u2019 projesi kapsam\u0131nda yerli ipek \u00fcretimini art\u0131rmak ve kaybolmakta olan ipek b\u00f6cek\u00e7ili\u011fi \u00fcretimini yeniden canland\u0131rmak ad\u0131na Umurbey \u0130pek \u00dcretim ve Tasar\u0131m Merkezi, Orhaneli, B\u00fcy\u00fckorhan, Keles, Harmanc\u0131k ve \u0130neg\u00f6l il\u00e7elerinde kurulan hal\u0131hanelerde kursiyerlerimiz taraf\u0131ndan 263 hal\u0131 dokundu.Ayn\u0131 zamanda toplamda 4756 metrekare kuma\u015f dokunmu\u015f ve bunlardan pe\u015ftamal, \u015fal, bebek tak\u0131mlar\u0131, kravat, bornoz tak\u0131mlar\u0131, masa \u00f6rt\u00fcleri, \u00e7antalar ve fularlar yap\u0131lm\u0131\u015ft\u0131r.Kursiyerlerimizce dokunan Bursa\u2019n\u0131n ipek hal\u0131lar\u0131,2018 y\u0131l\u0131nda Almanya\u2019da d\u00fczenlenen d\u00fcnyan\u0131n en b\u00fcy\u00fck fuar\u0131 Domotex\u2019te yer ald\u0131. Bu y\u0131l 2. kez organize edilen ve kat\u0131l\u0131m sa\u011flad\u0131\u011f\u0131m\u0131z fuarda, ipe\u011fin kozadan nihai \u00fcr\u00fcne dek uzanan, kozadan ip \u00e7ekimi, b\u00fck\u00fcm\u00fc, hal\u0131 dokuma gibi t\u00fcm a\u015famalar\u0131 at\u00f6lye \u00e7al\u0131\u015fmalar\u0131yla ziyaret\u00e7ilere uygulamal\u0131 olarak g\u00f6sterildi\u201d \u015feklinde konu\u015ftu.<\/p>\n<p>\u00d6zellikle unutulmaya y\u00fcz tutmu\u015f geleneksel sanatlar\u0131 ya\u015fatma vizyonuyla hareket eden BUSMEK\u2019in \u0130ngiltere, Fransa, Arnavutluk, Almanya, Amerika, G\u00fcrcistan ve Azerbaycan\u2019da d\u00fczenlenen etkinliklerde yerini alarak T\u00fcrk k\u00fclt\u00fcr\u00fc ve T\u00fcrk-\u0130slam sanatlar\u0131n\u0131n tan\u0131t\u0131lmas\u0131nda \u00f6nemli katk\u0131lar sa\u011flad\u0131\u011f\u0131n\u0131 kaydeden Ba\u015fkan Akta\u015f, \u201cOrtaya koydu\u011fu sanat ve meslek e\u011fitimleri, sosyal ve k\u00fclt\u00fcrel hayat\u0131 kuvvetlendirici faaliyetleri ile BUSMEK, Bursa halk\u0131n\u0131n ilgisi ve tevecc\u00fchleriyle kaliteli e\u011fitim \u00e7\u0131tas\u0131n\u0131 gittik\u00e7e y\u00fckselten bir \u2018halk \u00fcniversitesi\u2019 konumundad\u0131r.\u2018I\u015f\u0131ldayan demir pas tutmaz\u2019 anlay\u0131\u015f\u0131ndaki gibi \u00e7al\u0131\u015fmalar\u0131n\u0131 s\u00fcrd\u00fcrmeye ve Bursa halk\u0131na hizmet vermeye devam edecektir.Evet, bu sergiBUSMEK\u2019inaynas\u0131 niteli\u011findedir.Bu vesileyle t\u00fcm kursiyerleri tebrik ediyor, BUSMEK Ailesi\u2019ne ba\u015far\u0131lar diliyorum\u201d a\u00e7\u0131klamas\u0131nda bulundu.<\/p>\n<p>Konu\u015fmalar\u0131n ard\u0131ndan Ba\u015fkan Akta\u015f, arkada\u015flar\u0131n\u0131 temsilen sahneye \u00e7\u0131kan kursiyerlere sertifikalar\u0131n\u0131 verdi. Kursiyerler de Ba\u015fkan Akta\u015f\u2019a \u00e7i\u00e7ek vererek, \u00fczerinde hat \u00f6rnekleri yer alan tablo takdim etti. Protokol \u00fcyeleriyle birlikte serginin a\u00e7\u0131l\u0131\u015f kurdelesini kesen Ba\u015fkan Akta\u015f, daha sonra e\u015fi Sevin\u00e7 Akta\u015f ile birlikte sergide yer alan eserleri tek tek inceledi.<\/p>\n","protected":false},"excerpt":{"rendered":"<p>BURSA B\u00dcY\u00dcK\u015eEH\u0130R BELED\u0130YES\u0130 SANAT VE MESLEK E\u011e\u0130T\u0130M\u0130 KURSLARI (BUSMEK) TARAFINDAN D\u00dcZENLENEN 14. GENEL SERG\u0130, MER\u0130NOS AKKM\u2019DE SANATSEVERLER\u0130N \u0130ZLEN\u0130M\u0130NE SUNULDU.<\/p>\n","protected":false},"author":1,"featured_media":168541,"comment_status":"closed","ping_status":"open","sticky":false,"template":"","format":"standard","meta":{"jetpack_post_was_ever_published":false,"_jetpack_newsletter_access":"","_jetpack_dont_email_post_to_subs":false,"_jetpack_newsletter_tier_id":0,"_jetpack_memberships_contains_paywalled_content":false,"_jetpack_memberships_contains_paid_content":false,"footnotes":"","jetpack_publicize_message":"","jetpack_publicize_feature_enabled":true,"jetpack_social_post_already_shared":true,"jetpack_social_options":{"image_generator_settings":{"template":"highway","default_image_id":0,"font":"","enabled":false},"version":2}},"categories":[1],"tags":[2779,40422,1343,231],"class_list":["post-168540","post","type-post","status-publish","format-standard","has-post-thumbnail","hentry","category-genel","tag-2779","tag-busmekin","tag-gururu","tag-yil"],"jetpack_publicize_connections":[],"jetpack_featured_media_url":"https:\/\/i0.wp.com\/www.tvturk.com\/wp-content\/uploads\/2019\/06\/busmekin-14-yil-gururu_08dd322.jpg?fit=1000%2C666","jetpack_sharing_enabled":true,"jetpack_shortlink":"https:\/\/wp.me\/paKIfm-HQo","_links":{"self":[{"href":"http:\/\/www.tvturk.com\/index.php\/wp-json\/wp\/v2\/posts\/168540","targetHints":{"allow":["GET"]}}],"collection":[{"href":"http:\/\/www.tvturk.com\/index.php\/wp-json\/wp\/v2\/posts"}],"about":[{"href":"http:\/\/www.tvturk.com\/index.php\/wp-json\/wp\/v2\/types\/post"}],"author":[{"embeddable":true,"href":"http:\/\/www.tvturk.com\/index.php\/wp-json\/wp\/v2\/users\/1"}],"replies":[{"embeddable":true,"href":"http:\/\/www.tvturk.com\/index.php\/wp-json\/wp\/v2\/comments?post=168540"}],"version-history":[{"count":0,"href":"http:\/\/www.tvturk.com\/index.php\/wp-json\/wp\/v2\/posts\/168540\/revisions"}],"wp:featuredmedia":[{"embeddable":true,"href":"http:\/\/www.tvturk.com\/index.php\/wp-json\/wp\/v2\/media\/168541"}],"wp:attachment":[{"href":"http:\/\/www.tvturk.com\/index.php\/wp-json\/wp\/v2\/media?parent=168540"}],"wp:term":[{"taxonomy":"category","embeddable":true,"href":"http:\/\/www.tvturk.com\/index.php\/wp-json\/wp\/v2\/categories?post=168540"},{"taxonomy":"post_tag","embeddable":true,"href":"http:\/\/www.tvturk.com\/index.php\/wp-json\/wp\/v2\/tags?post=168540"}],"curies":[{"name":"wp","href":"https:\/\/api.w.org\/{rel}","templated":true}]}}