{"id":168544,"date":"2019-06-12T20:30:18","date_gmt":"2019-06-12T17:30:18","guid":{"rendered":"http:\/\/www.tvturk.com\/index.php\/yildirim-dustu-8-buyukbas-hayvan-telef-oldu\/"},"modified":"2019-06-12T20:30:18","modified_gmt":"2019-06-12T17:30:18","slug":"yildirim-dustu-8-buyukbas-hayvan-telef-oldu","status":"publish","type":"post","link":"http:\/\/www.tvturk.com\/index.php\/yildirim-dustu-8-buyukbas-hayvan-telef-oldu\/","title":{"rendered":"Y\u0131ld\u0131r\u0131m d\u00fc\u015ft\u00fc, 8 b\u00fcy\u00fckba\u015f hayvan telef oldu"},"content":{"rendered":"<p>\u00c7orum\u2019un Karg\u0131 il\u00e7esinde y\u0131ld\u0131r\u0131m d\u00fc\u015fmesi sonucu 8 b\u00fcy\u00fckba\u015f hayvan telef oldu.<\/p>\n<p>Karg\u0131 il\u00e7esine ba\u011fl\u0131 Maksutlu k\u00f6y\u00fcnde Ramazan \u00c7al\u0131\u015fkan isimli besici hayvanlar\u0131n\u0131 otlatmaya \u00e7\u0131kartt\u0131. Hayvanlar, Karaa\u011fa\u00e7 mevkiine geldi\u011fi s\u0131rada aniden bast\u0131ran ya\u011f\u0131\u015f nedeniyle a\u011fac\u0131n alt\u0131na s\u0131\u011f\u0131nd\u0131. Bu s\u0131rada d\u00fc\u015fen y\u0131ld\u0131r\u0131m a\u011faca isabet etti. Y\u0131ld\u0131r\u0131m d\u00fc\u015fmesi sonucu a\u011fa\u00e7 alt\u0131nda bulunan 8 b\u00fcy\u00fckba\u015f hayvan telef oldu.<\/p>\n","protected":false},"excerpt":{"rendered":"<p>\u00c7ORUM\u2019UN KARGI \u0130L\u00c7ES\u0130NDE YILDIRIM D\u00dc\u015eMES\u0130 SONUCU 8 B\u00dcY\u00dcKBA\u015e HAYVAN TELEF OLDU.<\/p>\n","protected":false},"author":1,"featured_media":168545,"comment_status":"closed","ping_status":"open","sticky":false,"template":"","format":"standard","meta":{"jetpack_post_was_ever_published":false,"_jetpack_newsletter_access":"","_jetpack_dont_email_post_to_subs":false,"_jetpack_newsletter_tier_id":0,"_jetpack_memberships_contains_paywalled_content":false,"_jetpack_memberships_contains_paid_content":false,"footnotes":"","jetpack_publicize_message":"","jetpack_publicize_feature_enabled":true,"jetpack_social_post_already_shared":true,"jetpack_social_options":{"image_generator_settings":{"template":"highway","default_image_id":0,"font":"","enabled":false},"version":2}},"categories":[1],"tags":[7118,1613,3049,77,2693,376],"class_list":["post-168544","post","type-post","status-publish","format-standard","has-post-thumbnail","hentry","category-genel","tag-buyukbas","tag-dustu","tag-hayvan","tag-oldu","tag-telef","tag-yildirim"],"jetpack_publicize_connections":[],"jetpack_featured_media_url":"https:\/\/i0.wp.com\/www.tvturk.com\/wp-content\/uploads\/2019\/06\/yildirim-dustu-8-buyukbas-hayvan-telef-oldu_3aed920.jpg?fit=750%2C1000","jetpack_sharing_enabled":true,"jetpack_shortlink":"https:\/\/wp.me\/paKIfm-HQs","_links":{"self":[{"href":"http:\/\/www.tvturk.com\/index.php\/wp-json\/wp\/v2\/posts\/168544","targetHints":{"allow":["GET"]}}],"collection":[{"href":"http:\/\/www.tvturk.com\/index.php\/wp-json\/wp\/v2\/posts"}],"about":[{"href":"http:\/\/www.tvturk.com\/index.php\/wp-json\/wp\/v2\/types\/post"}],"author":[{"embeddable":true,"href":"http:\/\/www.tvturk.com\/index.php\/wp-json\/wp\/v2\/users\/1"}],"replies":[{"embeddable":true,"href":"http:\/\/www.tvturk.com\/index.php\/wp-json\/wp\/v2\/comments?post=168544"}],"version-history":[{"count":0,"href":"http:\/\/www.tvturk.com\/index.php\/wp-json\/wp\/v2\/posts\/168544\/revisions"}],"wp:featuredmedia":[{"embeddable":true,"href":"http:\/\/www.tvturk.com\/index.php\/wp-json\/wp\/v2\/media\/168545"}],"wp:attachment":[{"href":"http:\/\/www.tvturk.com\/index.php\/wp-json\/wp\/v2\/media?parent=168544"}],"wp:term":[{"taxonomy":"category","embeddable":true,"href":"http:\/\/www.tvturk.com\/index.php\/wp-json\/wp\/v2\/categories?post=168544"},{"taxonomy":"post_tag","embeddable":true,"href":"http:\/\/www.tvturk.com\/index.php\/wp-json\/wp\/v2\/tags?post=168544"}],"curies":[{"name":"wp","href":"https:\/\/api.w.org\/{rel}","templated":true}]}}