{"id":168546,"date":"2019-06-12T20:41:30","date_gmt":"2019-06-12T17:41:30","guid":{"rendered":"http:\/\/www.tvturk.com\/index.php\/kuvvetli-saganak-tekirdagda-etkili-oldu\/"},"modified":"2019-06-12T20:41:30","modified_gmt":"2019-06-12T17:41:30","slug":"kuvvetli-saganak-tekirdagda-etkili-oldu","status":"publish","type":"post","link":"http:\/\/www.tvturk.com\/index.php\/kuvvetli-saganak-tekirdagda-etkili-oldu\/","title":{"rendered":"Kuvvetli sa\u011fanak Tekirda\u011f\u2019da etkili oldu"},"content":{"rendered":"<p>Meteoroloji\u2019nin uyar\u0131lar\u0131n\u0131n ard\u0131ndan Tekirda\u011f\u2019\u0131n Malkara il\u00e7esinde sa\u011fanak ya\u011f\u0131\u015f etkili oldu.<\/p>\n<p>Meteoroloji 1. B\u00f6lge M\u00fcd\u00fcrl\u00fc\u011f\u00fc Trakya i\u00e7in kuvvetli ya\u011f\u0131\u015f uyar\u0131s\u0131 yaparak, vatanda\u015flara dikkatli olmalar\u0131 konusunda uyarm\u0131\u015ft\u0131. Beklenen ya\u011f\u0131\u015f Malkara il\u00e7e merkezinde hayat\u0131 olumsuz etkiledi. Ya\u011fmura yakalanan vatanda\u015flar, i\u015f yerlerine s\u0131\u011f\u0131narak \u0131slanmaktan korundu. PTT Malkara Merkez M\u00fcd\u00fcrl\u00fc\u011f\u00fc binas\u0131n\u0131 su bast\u0131. Ya\u011fmurun etkisini kaybetmesiyle biriken su g\u00f6revliler taraf\u0131ndan tahliye edildi.<\/p>\n","protected":false},"excerpt":{"rendered":"<p>METEOROLOJ\u0130&#8217;N\u0130N UYARILARININ ARDINDAN TEK\u0130RDA\u011e&#8217;IN MALKARA \u0130L\u00c7ES\u0130NDE SA\u011eANAK YA\u011eI\u015e ETK\u0130L\u0130 OLDU.<\/p>\n","protected":false},"author":1,"featured_media":168547,"comment_status":"closed","ping_status":"open","sticky":false,"template":"","format":"standard","meta":{"jetpack_post_was_ever_published":false,"_jetpack_newsletter_access":"","_jetpack_dont_email_post_to_subs":false,"_jetpack_newsletter_tier_id":0,"_jetpack_memberships_contains_paywalled_content":false,"_jetpack_memberships_contains_paid_content":false,"footnotes":"","jetpack_publicize_message":"","jetpack_publicize_feature_enabled":true,"jetpack_social_post_already_shared":true,"jetpack_social_options":{"image_generator_settings":{"template":"highway","default_image_id":0,"font":"","enabled":false},"version":2}},"categories":[1],"tags":[3102,913,77,4463,1163],"class_list":["post-168546","post","type-post","status-publish","format-standard","has-post-thumbnail","hentry","category-genel","tag-etkili","tag-kuvvetli","tag-oldu","tag-saganak","tag-tekirdagda"],"jetpack_publicize_connections":[],"jetpack_featured_media_url":"https:\/\/i0.wp.com\/www.tvturk.com\/wp-content\/uploads\/2019\/06\/kuvvetli-saganak-tekirdagda-etkili-oldu_ee2a5de.jpg?fit=1000%2C562","jetpack_sharing_enabled":true,"jetpack_shortlink":"https:\/\/wp.me\/paKIfm-HQu","_links":{"self":[{"href":"http:\/\/www.tvturk.com\/index.php\/wp-json\/wp\/v2\/posts\/168546","targetHints":{"allow":["GET"]}}],"collection":[{"href":"http:\/\/www.tvturk.com\/index.php\/wp-json\/wp\/v2\/posts"}],"about":[{"href":"http:\/\/www.tvturk.com\/index.php\/wp-json\/wp\/v2\/types\/post"}],"author":[{"embeddable":true,"href":"http:\/\/www.tvturk.com\/index.php\/wp-json\/wp\/v2\/users\/1"}],"replies":[{"embeddable":true,"href":"http:\/\/www.tvturk.com\/index.php\/wp-json\/wp\/v2\/comments?post=168546"}],"version-history":[{"count":0,"href":"http:\/\/www.tvturk.com\/index.php\/wp-json\/wp\/v2\/posts\/168546\/revisions"}],"wp:featuredmedia":[{"embeddable":true,"href":"http:\/\/www.tvturk.com\/index.php\/wp-json\/wp\/v2\/media\/168547"}],"wp:attachment":[{"href":"http:\/\/www.tvturk.com\/index.php\/wp-json\/wp\/v2\/media?parent=168546"}],"wp:term":[{"taxonomy":"category","embeddable":true,"href":"http:\/\/www.tvturk.com\/index.php\/wp-json\/wp\/v2\/categories?post=168546"},{"taxonomy":"post_tag","embeddable":true,"href":"http:\/\/www.tvturk.com\/index.php\/wp-json\/wp\/v2\/tags?post=168546"}],"curies":[{"name":"wp","href":"https:\/\/api.w.org\/{rel}","templated":true}]}}