{"id":168558,"date":"2019-06-12T22:50:23","date_gmt":"2019-06-12T19:50:23","guid":{"rendered":"http:\/\/www.tvturk.com\/index.php\/hatay-barosundan-suriyelilerin-denize-girmelerinin-yasaklanmasiyla-ilgili-aciklama\/"},"modified":"2019-06-12T22:50:23","modified_gmt":"2019-06-12T19:50:23","slug":"hatay-barosundan-suriyelilerin-denize-girmelerinin-yasaklanmasiyla-ilgili-aciklama","status":"publish","type":"post","link":"http:\/\/www.tvturk.com\/index.php\/hatay-barosundan-suriyelilerin-denize-girmelerinin-yasaklanmasiyla-ilgili-aciklama\/","title":{"rendered":"Hatay Barosu\u2019ndan Suriyelilerin denize girmelerinin yasaklanmas\u0131yla ilgili a\u00e7\u0131klama"},"content":{"rendered":"<p>Hatay Barosu Ba\u015fkan\u0131 Ekrem D\u00f6nmez, \u201cBir n\u00fcfusun T\u00fcrkiye\u2019de bir etnik kimli\u011fi ve farkl\u0131l\u0131\u011f\u0131 ortaya \u00e7\u0131kart\u0131larak, kendileri aleyhine \u0131rk\u00e7\u0131 nitelikte her t\u00fcrl\u00fc eylem ve i\u015flemlerin varl\u0131\u011f\u0131n\u0131 asla kabul etmeyiz\u201d dedi.<\/p>\n<p>Hatay Baro Ba\u015fkan\u0131 baz\u0131 belediyelerin Suriyelilerin plaja girmesini yasaklamas\u0131 \u00fczerine a\u00e7\u0131klama yapt\u0131. Hatay Barosu Ba\u015fkan\u0131 Ekrem D\u00f6nmez yapt\u0131\u011f\u0131 a\u00e7\u0131klamada, \u201cSuriyelilerin bayramda sahili olan kentlerimizde denize giri\u015fi sebebiyle baz\u0131 belediyelerimizin idari tasarruflar\u0131na da konu edilerek, kimi yerde denize giri\u015flerinin yasakland\u0131\u011f\u0131 haberleriyle Suriyeli n\u00fcfusun T\u00fcrkiye\u2019deki yerle\u015fme ve hayatlar\u0131n\u0131 idame ettirme s\u00fcre\u00e7leri ve her t\u00fcrl\u00fc tart\u0131\u015fma tekrar g\u00fcndeme oturdu. Elbette bir n\u00fcfusun T\u00fcrkiye\u2019de bir etnik kimli\u011fi ve farkl\u0131l\u0131\u011f\u0131 ortaya \u00e7\u0131kart\u0131larak, kendileri aleyhine \u0131rk\u00e7\u0131 nitelikte her t\u00fcrl\u00fc eylem ve i\u015flemlerin varl\u0131\u011f\u0131n\u0131 asla kabul etmeyiz. T\u00fcrkiye\u2019de mevzuat\u0131m\u0131z\u0131n yurtta\u015flar\u0131m\u0131za y\u00fckledi\u011fi her t\u00fcrl\u00fc hak ve yetkilerin bir yurtta\u015ftan farks\u0131z olarak herkese a\u00e7\u0131k olmas\u0131 gerekti\u011fi savunuruz\u201d dedi.<\/p>\n<p>D\u00f6nmez ter\u00f6rist cenazesinin g\u00f6steriye ve ter\u00f6r faaliyetlerini \u00f6zendirmeye ve \u00f6vmeye varacak seviyeye gelmesini de kabul edemeyeceklerini belirterek, \u201cBir ter\u00f6ristin cenazesinin kutsanmas\u0131n\u0131 ve y\u00fcceltilmesini de kabul etmeyiz. Sorumlular hakk\u0131nda gerekli idari ve cezai soru\u015fturman\u0131n acilen ba\u015flat\u0131lmas\u0131n\u0131; sadece cenaze i\u00e7in de\u011fil do\u011fabilecek bu nitelikli kamu g\u00fcvenli\u011fini sarsacak her t\u00fcr eylemlerin tekrar\u0131n\u0131n ya\u015fanmamas\u0131 i\u00e7in gerekli t\u00fcm \u00f6nlemlerin al\u0131nmas\u0131 gereklidir\u201d dedi.<\/p>\n","protected":false},"excerpt":{"rendered":"<p>HATAY BAROSU BA\u015eKANI EKREM D\u00d6NMEZ, \u201cB\u0130R N\u00dcFUSUN T\u00dcRK\u0130YE\u2019DE B\u0130R ETN\u0130K K\u0130ML\u0130\u011e\u0130 VE FARKLILI\u011eI ORTAYA \u00c7IKARTILARAK, KEND\u0130LER\u0130 ALEYH\u0130NE IRK\u00c7I N\u0130TEL\u0130KTE HER T\u00dcRL\u00dc EYLEM VE \u0130\u015eLEMLER\u0130N VARLI\u011eINI ASLA KABUL ETMEY\u0130Z\u201d DED\u0130.<\/p>\n","protected":false},"author":1,"featured_media":168559,"comment_status":"closed","ping_status":"open","sticky":false,"template":"","format":"standard","meta":{"jetpack_post_was_ever_published":false,"_jetpack_newsletter_access":"","_jetpack_dont_email_post_to_subs":false,"_jetpack_newsletter_tier_id":0,"_jetpack_memberships_contains_paywalled_content":false,"_jetpack_memberships_contains_paid_content":false,"footnotes":"","jetpack_publicize_message":"","jetpack_publicize_feature_enabled":true,"jetpack_social_post_already_shared":true,"jetpack_social_options":{"image_generator_settings":{"template":"highway","default_image_id":0,"font":"","enabled":false},"version":2}},"categories":[1],"tags":[3349,7742,969,40426,4494,3012,37566,40427],"class_list":["post-168558","post","type-post","status-publish","format-standard","has-post-thumbnail","hentry","category-genel","tag-aciklama","tag-barosundan","tag-denize","tag-girmelerinin","tag-hatay","tag-ilgili","tag-suriyelilerin","tag-yasaklanmasiyla"],"jetpack_publicize_connections":[],"jetpack_featured_media_url":"https:\/\/i0.wp.com\/www.tvturk.com\/wp-content\/uploads\/2019\/06\/hatay-barosundan-suriyelilerin-denize-girmelerinin-yasaklanmasiyla-ilgili-aciklama_2c7955c.jpg?fit=525%2C368","jetpack_sharing_enabled":true,"jetpack_shortlink":"https:\/\/wp.me\/paKIfm-HQG","_links":{"self":[{"href":"http:\/\/www.tvturk.com\/index.php\/wp-json\/wp\/v2\/posts\/168558","targetHints":{"allow":["GET"]}}],"collection":[{"href":"http:\/\/www.tvturk.com\/index.php\/wp-json\/wp\/v2\/posts"}],"about":[{"href":"http:\/\/www.tvturk.com\/index.php\/wp-json\/wp\/v2\/types\/post"}],"author":[{"embeddable":true,"href":"http:\/\/www.tvturk.com\/index.php\/wp-json\/wp\/v2\/users\/1"}],"replies":[{"embeddable":true,"href":"http:\/\/www.tvturk.com\/index.php\/wp-json\/wp\/v2\/comments?post=168558"}],"version-history":[{"count":0,"href":"http:\/\/www.tvturk.com\/index.php\/wp-json\/wp\/v2\/posts\/168558\/revisions"}],"wp:featuredmedia":[{"embeddable":true,"href":"http:\/\/www.tvturk.com\/index.php\/wp-json\/wp\/v2\/media\/168559"}],"wp:attachment":[{"href":"http:\/\/www.tvturk.com\/index.php\/wp-json\/wp\/v2\/media?parent=168558"}],"wp:term":[{"taxonomy":"category","embeddable":true,"href":"http:\/\/www.tvturk.com\/index.php\/wp-json\/wp\/v2\/categories?post=168558"},{"taxonomy":"post_tag","embeddable":true,"href":"http:\/\/www.tvturk.com\/index.php\/wp-json\/wp\/v2\/tags?post=168558"}],"curies":[{"name":"wp","href":"https:\/\/api.w.org\/{rel}","templated":true}]}}