{"id":168568,"date":"2019-06-13T09:12:04","date_gmt":"2019-06-13T06:12:04","guid":{"rendered":"http:\/\/www.tvturk.com\/index.php\/avrupada-birinci-oldular-simdi-dunya-fizik-olimpiyatlarina-gidiyorlar\/"},"modified":"2019-06-13T09:12:04","modified_gmt":"2019-06-13T06:12:04","slug":"avrupada-birinci-oldular-simdi-dunya-fizik-olimpiyatlarina-gidiyorlar","status":"publish","type":"post","link":"http:\/\/www.tvturk.com\/index.php\/avrupada-birinci-oldular-simdi-dunya-fizik-olimpiyatlarina-gidiyorlar\/","title":{"rendered":"Avrupa\u2019da birinci oldular \u015fimdi D\u00fcnya Fizik Olimpiyatlar\u0131\u2019na gidiyorlar"},"content":{"rendered":"<p>T\u00fcrkiye Fizik Olimpiyat Tak\u0131m\u0131, 7-15 Temmuz 2019 tarihleri aras\u0131nda d\u00fczenlenecek Uluslararas\u0131 Fizik Olimpiyat\u0131\u2019nda (IPhO-International Physics Olympiad) \u00fclkemizi temsil edecek.<\/p>\n<p>IPho\u2019da \u00fclkemizi temsil edecek Abdurrahman Hadi Ert\u00fcrk ve Bah\u00e7e\u015fehir Koleji \u00f6\u011frencileri Mert \u00dcnsal, Yunus Emre Parmaks\u0131z, Berkin Binba\u015f, Alk\u0131n Kaz\u2019dan 5 ki\u015filik T\u00fcrkiye Fizik Olimpiyat Tak\u0131m\u0131, 3 a\u015famal\u0131 eleme sonucu T\u00dcB\u0130TAK taraf\u0131ndan olu\u015fturuldu.<\/p>\n<p>2001 y\u0131l\u0131nda T\u00fcrkiye\u2019nin ev sahipli\u011finde ger\u00e7ekle\u015fen IPho, 1967 y\u0131l\u0131ndan bu yana \u00f6\u011frencileri fizi\u011fe y\u00f6nlendirmek amac\u0131yla d\u00fczenleniyor. T\u00fcrkiye, 1985 y\u0131l\u0131ndan bu yana IPho\u2019da yer al\u0131yor. T\u00dcB\u0130TAK taraf\u0131ndan \u00fclke \u00e7ap\u0131nda lise \u00f6\u011frencileri i\u00e7inden se\u00e7ilen 5 ki\u015filik tak\u0131m\u0131n T\u00fcrkiye\u2019yi temsil etti\u011fi olimpiyatlara kat\u0131lacak \u00f6\u011frencilerin se\u00e7ilmesi ve yeti\u015ftirilmesi amac\u0131yla T\u00dcB\u0130TAK Bilim Adam\u0131 Yeti\u015ftirme Grubu (BAYG) taraf\u0131ndan 1993 y\u0131l\u0131ndan bu yana Ulusal Fizik Olimpiyat\u0131 d\u00fczenleniyor.<\/p>\n<p>2019 y\u0131l\u0131nda 7-15 Temmuz tarihleri aras\u0131nda d\u00fczenlenecek IPho\u2019da \u00fclkemizi temsil edecek T\u00fcrkiye Fizik Olimpiyat Tak\u0131m\u0131, T\u00dcB\u0130TAK taraf\u0131ndan ger\u00e7ekle\u015ftirilen \u00fc\u00e7 a\u015famal\u0131 bir eleme sistemi ile belirlendi. Bah\u00e7e\u015fehir Koleji\u2019nden Mert \u00dcnsal, Yunus Emre Parmaks\u0131z, Berkin Binba\u015f, Alk\u0131n Kaz ba\u015far\u0131l\u0131 olarak 5 ki\u015filik tak\u0131m\u0131n \u00e7o\u011funlu\u011funu olu\u015fturdu.<\/p>\n<p>Avrupa Fizik Olimpiyat\u0131\u2019ndan alt\u0131n madalya ile d\u00f6nd\u00fcler<\/p>\n<p>IPho\u2019da \u00fclkemizi temsil edecek tak\u0131ma se\u00e7ilen Bah\u00e7e\u015fehir Koleji Fen ve Teknoloji Lisesi \u00f6\u011frencileri Alk\u0131n Kaz ve Yunus Emre Parmaks\u0131z; 31 May\u0131s &#8211; 4 Haziran 2019 tarihleri aras\u0131nda Letonya\u2019n\u0131n ba\u015fkenti Riga\u2019da 35 \u00fclkenin kat\u0131l\u0131m\u0131yla d\u00fczenlenen Avrupa Fizik Olimpiyatlar\u0131\u2019nda 3 alt\u0131n ve 2 g\u00fcm\u00fc\u015f madalya kazanarak Avrupa Birincisi olan T\u00fcrkiye Fizik Olimpiyat Tak\u0131m\u0131\u2019nda da yer ald\u0131.<\/p>\n<p>T\u00fcrkiye Fizik Olimpiyat Tak\u0131m\u0131\u2019nda yer alan Bah\u00e7e\u015fehir Koleji \u00f6\u011frencileri Yunus Emre Parmaks\u0131z ve Alk\u0131n Kaz, Abdurrahman Hadi Ert\u00fcrk ile birlikte Alt\u0131n Madalya almaya hak kazand\u0131. Kutay Ak\u0131n ve Bayram Alp \u015eahin ise G\u00fcm\u00fc\u015f Madalya ald\u0131. T\u00fcrkiye Fizik Olimpiyat Tak\u0131m\u0131 olimpiyatlarda 136,5 puanla rekor k\u0131rd\u0131. T\u00fcrkiye\u2019yi; 117,8 puanla Estonya, 112,3 puanla Slovenya, 107,4 puanla Bulgaristan, 106,9 puanla Singapur izledi.<\/p>\n<p>Konuyla ilgili konu\u015fan Bah\u00e7e\u015fehir Koleji Genel M\u00fcd\u00fcr\u00fc \u00d6zlem Da\u011f, 5 \u00f6\u011frenciden olu\u015fan T\u00fcrkiye Fizik Olimpiyat Tak\u0131m\u0131 ile gurur duyduklar\u0131n\u0131 belirtti. Da\u011f, s\u00f6zlerine \u015f\u00f6yle devam etti:<\/p>\n<p>\u201c5 ki\u015filik T\u00fcrkiye Fizik Olimpiyat Tak\u0131m\u0131m\u0131zdaki 5 \u00f6\u011frencimizi de tebrik ediyorum. Kurum olarak bu ba\u015far\u0131l\u0131 tak\u0131mda bizim de 2 \u00f6\u011frencimiz bulunuyor. Bug\u00fcn Avrupa \u015fampiyonu olarak b\u00fcy\u00fck ba\u015far\u0131ya imza atan bu gen\u00e7lerimizi gelecekte \u00e7ok ba\u015far\u0131l\u0131 yerlerde g\u00f6rece\u011fimize inan\u0131yorum. T\u00fcrkiye Fizik Olimpiyat Tak\u0131m\u0131 ile \u00fclkemizi gururland\u0131ran Yunus Emre Parmaks\u0131z, Alk\u0131n Kaz, Abdurrahman Hadi Ert\u00fcrk, Kutay Ak\u0131n ve Bayram Alp \u015eahin\u2019i kutluyor, ba\u015far\u0131lar\u0131n\u0131n devam\u0131n\u0131 diliyorum. \u015eimdi s\u0131ra 7 Temmuz\u2019da Uluslararas\u0131 Fizik Olimpiyat\u0131\u2019nda (IPhO-International Physics Olympiad). Burada da \u00fclkemizi temsil edecek Fizik Milli Tak\u0131m\u0131m\u0131z\u0131n T\u00dcB\u0130TAK taraf\u0131ndan belirlenen 5 \u00fcyesinin 4\u2019\u00fc Bah\u00e7e\u015fehir Koleji Fen ve Teknoloji Lisesi \u00f6\u011frencilerimiz. IPho\u2019da \u00fclkemizi temsil edecek tak\u0131m \u00fcyeleri Abdurrahman Hadi Ert\u00fcrk ve \u00f6\u011frencilerimiz Mert \u00dcnsal, Yunus Emre Parmaks\u0131z, Berkin Binba\u015f, Alk\u0131n Kaz\u2019\u0131n Uluslararas\u0131 Fizik Olimpiyat\u0131\u2019ndan da b\u00fcy\u00fck ba\u015far\u0131larla d\u00f6nece\u011fine inanc\u0131m tam.\u201d<\/p>\n<p>\u00d6zlem Da\u011f: \u201cBah\u00e7e\u015fehir Koleji\u2019nde Fizik Olimpiyat ba\u015far\u0131lar\u0131 bir gelenek\u201d<\/p>\n<p>Bah\u00e7e\u015fehir Koleji Genel M\u00fcd\u00fcr\u00fc \u00d6zlem Da\u011f, Bah\u00e7e\u015fehir Kolejinin y\u0131llard\u0131r Fizik Olimpiyat tak\u0131mlar\u0131na \u00f6\u011frenci g\u00f6nderdi\u011fini ve \u00f6\u011frencilerin madalyalarla d\u00f6nd\u00fcklerini s\u00f6yledi. Konuyla ilgili Da\u011f; \u201cYaln\u0131zca 10 y\u0131l geriye gidip \u00f6\u011frencilerimizin ba\u015far\u0131lar\u0131n\u0131 tarad\u0131\u011f\u0131m\u0131zda muazzam bir ba\u015far\u0131yla kar\u015f\u0131la\u015f\u0131yoruz. \u00d6\u011frencilerimiz d\u00fcnyan\u0131n d\u00f6rt bir yan\u0131na giden olimpiyat tak\u0131mlar\u0131na se\u00e7ilerek buralardan madalyalarla d\u00f6nd\u00fcler. Bu hem kurumumuz hem de \u00fclkemiz i\u00e7in b\u00fcy\u00fck bir gurur vesilesi\u201d dedi.<\/p>\n","protected":false},"excerpt":{"rendered":"<p>T\u00dcRK\u0130YE F\u0130Z\u0130K OL\u0130MP\u0130YAT TAKIMI, 7-15 TEMMUZ 2019 TAR\u0130HLER\u0130 ARASINDA D\u00dcZENLENECEK ULUSLARARASI F\u0130Z\u0130K OL\u0130MP\u0130YATI\u2019NDA (IPHO-INTERNAT\u0130ONAL PHYS\u0130CS OLYMP\u0130AD) \u00dcLKEM\u0130Z\u0130 TEMS\u0130L EDECEK.<\/p>\n","protected":false},"author":1,"featured_media":168569,"comment_status":"closed","ping_status":"open","sticky":false,"template":"","format":"standard","meta":{"jetpack_post_was_ever_published":false,"_jetpack_newsletter_access":"","_jetpack_dont_email_post_to_subs":false,"_jetpack_newsletter_tier_id":0,"_jetpack_memberships_contains_paywalled_content":false,"_jetpack_memberships_contains_paid_content":false,"footnotes":"","jetpack_publicize_message":"","jetpack_publicize_feature_enabled":true,"jetpack_social_post_already_shared":true,"jetpack_social_options":{"image_generator_settings":{"template":"highway","default_image_id":0,"font":"","enabled":false},"version":2}},"categories":[1],"tags":[349,3454,93,22962,26813,2025,14969,1534],"class_list":["post-168568","post","type-post","status-publish","format-standard","has-post-thumbnail","hentry","category-genel","tag-dunya","tag-avrupada","tag-birinci","tag-fizik","tag-gidiyorlar","tag-oldular","tag-olimpiyatlarina","tag-simdi"],"jetpack_publicize_connections":[],"jetpack_featured_media_url":"https:\/\/i0.wp.com\/www.tvturk.com\/wp-content\/uploads\/2019\/06\/avrupada-birinci-oldular-simdi-dunya-fizik-olimpiyatlarina-gidiyorlar_b2a746e.jpg?fit=1000%2C890","jetpack_sharing_enabled":true,"jetpack_shortlink":"https:\/\/wp.me\/paKIfm-HQQ","_links":{"self":[{"href":"http:\/\/www.tvturk.com\/index.php\/wp-json\/wp\/v2\/posts\/168568","targetHints":{"allow":["GET"]}}],"collection":[{"href":"http:\/\/www.tvturk.com\/index.php\/wp-json\/wp\/v2\/posts"}],"about":[{"href":"http:\/\/www.tvturk.com\/index.php\/wp-json\/wp\/v2\/types\/post"}],"author":[{"embeddable":true,"href":"http:\/\/www.tvturk.com\/index.php\/wp-json\/wp\/v2\/users\/1"}],"replies":[{"embeddable":true,"href":"http:\/\/www.tvturk.com\/index.php\/wp-json\/wp\/v2\/comments?post=168568"}],"version-history":[{"count":0,"href":"http:\/\/www.tvturk.com\/index.php\/wp-json\/wp\/v2\/posts\/168568\/revisions"}],"wp:featuredmedia":[{"embeddable":true,"href":"http:\/\/www.tvturk.com\/index.php\/wp-json\/wp\/v2\/media\/168569"}],"wp:attachment":[{"href":"http:\/\/www.tvturk.com\/index.php\/wp-json\/wp\/v2\/media?parent=168568"}],"wp:term":[{"taxonomy":"category","embeddable":true,"href":"http:\/\/www.tvturk.com\/index.php\/wp-json\/wp\/v2\/categories?post=168568"},{"taxonomy":"post_tag","embeddable":true,"href":"http:\/\/www.tvturk.com\/index.php\/wp-json\/wp\/v2\/tags?post=168568"}],"curies":[{"name":"wp","href":"https:\/\/api.w.org\/{rel}","templated":true}]}}