{"id":168592,"date":"2019-06-13T09:33:17","date_gmt":"2019-06-13T06:33:17","guid":{"rendered":"http:\/\/www.tvturk.com\/index.php\/bursada-universite-adaylarina-ucretsiz-ulasim\/"},"modified":"2019-06-13T09:33:17","modified_gmt":"2019-06-13T06:33:17","slug":"bursada-universite-adaylarina-ucretsiz-ulasim","status":"publish","type":"post","link":"http:\/\/www.tvturk.com\/index.php\/bursada-universite-adaylarina-ucretsiz-ulasim\/","title":{"rendered":"Bursa\u2019da \u00fcniversite adaylar\u0131na \u00fccretsiz ula\u015f\u0131m"},"content":{"rendered":"<p>Bursa\u2019da; hafta sonu yap\u0131lacak \u00fcniversite s\u0131nav\u0131na girecek \u00f6\u011frencilere B\u00fcy\u00fck\u015fehir Belediyesi\u2019nden \u00fccretsiz ula\u015f\u0131m jesti<\/p>\n<p>T\u00fcrkiye genelinde yakla\u015f\u0131k 2,5 milyon gencin gelece\u011fini tayin edecek \u00fcniversite s\u0131nav\u0131na say\u0131l\u0131 g\u00fcnler kala Bursa B\u00fcy\u00fck\u015fehir Belediyesi, Bursa\u2019da s\u0131nava girecek \u00f6\u011frencilere s\u0131nav g\u00fcnleri \u00fccretsiz ula\u015f\u0131m deste\u011fi verecek.<\/p>\n<p>Y\u00fcksek\u00f6\u011fretim Kurumlar\u0131 S\u0131nav\u0131 15 &#8211; 16 Haziran tarihlerinde yap\u0131lacak. Bursa\u2019da da binlerce \u00f6\u011frencinin kaderini tayin edecek s\u0131nav \u00f6ncesinden Bursa B\u00fcy\u00fck\u015fehir Belediyesi\u2019nden \u00fcniversite adaylar\u0131na \u00fccretsiz ula\u015f\u0131m m\u00fcjdesi geldi.<\/p>\n<p>BursaRay, t\u00fcm Burula\u015f otob\u00fcsleri ile t\u00fcm \u00d6zel Halk otob\u00fcsleri ve il\u00e7elerdeki halk otob\u00fcslerinde ge\u00e7erli olacak \u00fccretsiz ula\u015f\u0131m uygulamas\u0131 Bursa \u015fehir i\u00e7i toplu ta\u015f\u0131ma sistemi ile Mustafakemalpa\u015fa, Karacabey, Gemlik ve \u0130neg\u00f6l il\u00e7elerindeki il\u00e7e i\u00e7i toplu ta\u015f\u0131ma sistemlerinde ge\u00e7erli olacak. \u00dccretsiz ula\u015f\u0131m uygulamas\u0131 il\u00e7eler ile Bursa \u015fehir merkezi aras\u0131ndaki ula\u015f\u0131mda ge\u00e7erli olmayacak. \u00dcniversite s\u0131nav\u0131na girecekler 15 Haziran Cumartesi g\u00fcn\u00fc 08:00 -15:00 saatleri aras\u0131nda, 16 Haziran Pazar g\u00fcn\u00fc ise 08:00 &#8211; 20:00 saatleri aras\u0131nda \u00fccretsiz uygulamadan yararlanabilecek. \u00d6SYM taraf\u0131ndan sunulan YKS S\u0131nav giri\u015f belgesini g\u00f6steren \u00f6\u011frenciler turnike ve validat\u00f6rlere kart\/bilet okutmadan bini\u015f yapacaklar ve bir bini\u015f belgesi ile sadece 1 ki\u015fi toplu ta\u015f\u0131ma ara\u00e7lar\u0131na binebilecek. S\u0131nav sonras\u0131nda geri d\u00f6n\u00fc\u015fler i\u00e7in \u00fccretsiz uygulamadan yararlanmak isteyen \u00f6\u011frencilerin s\u0131nav giri\u015f belgelerini imha etmeden yanlar\u0131nda bulundurmalar\u0131 gerekiyor.<\/p>\n<p>Bursa B\u00fcy\u00fck\u015fehir Belediye Ba\u015fkan\u0131 Alinur Akta\u015f, \u00fcniversite s\u0131nav\u0131n\u0131n gen\u00e7lerin hayat\u0131nda \u00f6nemli bir e\u015fik noktas\u0131 oldu\u011funu hat\u0131rlatarak, s\u0131nava girecek t\u00fcm \u00fcniversite adaylar\u0131na ba\u015far\u0131lar diledi. B\u00f6ylesi \u00f6nemli bir g\u00fcnde ula\u015f\u0131mda bir sorun ya\u015fanmamas\u0131 i\u00e7in gerekli her t\u00fcrl\u00fc tedbiri ald\u0131klar\u0131n\u0131 dile getiren Ba\u015fkan Akta\u015f, her s\u0131nav d\u00f6neminde ya\u015fanan gecikmeler y\u00fcz\u00fcnden s\u0131nava al\u0131nmama olay\u0131n\u0131n ya\u015fanmamas\u0131 i\u00e7in s\u0131nava girecek adaylar\u0131n vaktinden \u00f6nce s\u0131nav merkezlerinde olmalar\u0131 y\u00f6n\u00fcnde de tavsiyelerde bulundu.<\/p>\n","protected":false},"excerpt":{"rendered":"<p>BURSADA ULA\u015eIM \u00d6\u011eRENC\u0130LERE \u00dcCRETS\u0130Z OLACAK<\/p>\n","protected":false},"author":1,"featured_media":168593,"comment_status":"closed","ping_status":"open","sticky":false,"template":"","format":"standard","meta":{"jetpack_post_was_ever_published":false,"_jetpack_newsletter_access":"","_jetpack_dont_email_post_to_subs":false,"_jetpack_newsletter_tier_id":0,"_jetpack_memberships_contains_paywalled_content":false,"_jetpack_memberships_contains_paid_content":false,"footnotes":"","jetpack_publicize_message":"","jetpack_publicize_feature_enabled":true,"jetpack_social_post_already_shared":true,"jetpack_social_options":{"image_generator_settings":{"template":"highway","default_image_id":0,"font":"","enabled":false},"version":2}},"categories":[1],"tags":[435,1032,324,1416,1281],"class_list":["post-168592","post","type-post","status-publish","format-standard","has-post-thumbnail","hentry","category-genel","tag-adaylarina","tag-bursada","tag-ucretsiz","tag-ulasim","tag-universite"],"jetpack_publicize_connections":[],"jetpack_featured_media_url":"https:\/\/i0.wp.com\/www.tvturk.com\/wp-content\/uploads\/2019\/06\/bursada-universite-adaylarina-ucretsiz-ulasim_21b2c69.jpg?fit=1000%2C666","jetpack_sharing_enabled":true,"jetpack_shortlink":"https:\/\/wp.me\/paKIfm-HRe","_links":{"self":[{"href":"http:\/\/www.tvturk.com\/index.php\/wp-json\/wp\/v2\/posts\/168592","targetHints":{"allow":["GET"]}}],"collection":[{"href":"http:\/\/www.tvturk.com\/index.php\/wp-json\/wp\/v2\/posts"}],"about":[{"href":"http:\/\/www.tvturk.com\/index.php\/wp-json\/wp\/v2\/types\/post"}],"author":[{"embeddable":true,"href":"http:\/\/www.tvturk.com\/index.php\/wp-json\/wp\/v2\/users\/1"}],"replies":[{"embeddable":true,"href":"http:\/\/www.tvturk.com\/index.php\/wp-json\/wp\/v2\/comments?post=168592"}],"version-history":[{"count":0,"href":"http:\/\/www.tvturk.com\/index.php\/wp-json\/wp\/v2\/posts\/168592\/revisions"}],"wp:featuredmedia":[{"embeddable":true,"href":"http:\/\/www.tvturk.com\/index.php\/wp-json\/wp\/v2\/media\/168593"}],"wp:attachment":[{"href":"http:\/\/www.tvturk.com\/index.php\/wp-json\/wp\/v2\/media?parent=168592"}],"wp:term":[{"taxonomy":"category","embeddable":true,"href":"http:\/\/www.tvturk.com\/index.php\/wp-json\/wp\/v2\/categories?post=168592"},{"taxonomy":"post_tag","embeddable":true,"href":"http:\/\/www.tvturk.com\/index.php\/wp-json\/wp\/v2\/tags?post=168592"}],"curies":[{"name":"wp","href":"https:\/\/api.w.org\/{rel}","templated":true}]}}