{"id":168608,"date":"2019-06-13T10:01:26","date_gmt":"2019-06-13T07:01:26","guid":{"rendered":"http:\/\/www.tvturk.com\/index.php\/sel-cini-yikip-gecmeye-devam-ediyor-49-olu\/"},"modified":"2019-06-13T10:01:26","modified_gmt":"2019-06-13T07:01:26","slug":"sel-cini-yikip-gecmeye-devam-ediyor-49-olu","status":"publish","type":"post","link":"http:\/\/www.tvturk.com\/index.php\/sel-cini-yikip-gecmeye-devam-ediyor-49-olu\/","title":{"rendered":"Sel, \u00c7in\u2019i y\u0131k\u0131p ge\u00e7meye devam ediyor: 49 \u00f6l\u00fc"},"content":{"rendered":"<p>\u00c7in\u2019de Haziran ay\u0131n\u0131n ba\u015f\u0131ndan beri etkili olan \u015fiddetli sa\u011fanaklar y\u00fcz\u00fcnden en az 49 ki\u015fi hayat\u0131n\u0131 kaybetti, kaybolan 14 ki\u015fiden ise hala haber al\u0131namad\u0131.<\/p>\n<p>\u00c7in\u2019de Haziran ay\u0131n\u0131n ba\u015f\u0131ndan beri etkili olan \u015fiddetli sa\u011fanaklar nedeniyle en az 49 ki\u015finin hayat\u0131n\u0131 kaybetti\u011fi ve 14 ki\u015finin de kay\u0131p oldu\u011fu a\u00e7\u0131kland\u0131. \u00c7in Afet Azaltma Komitesinden yap\u0131lan a\u00e7\u0131klamada, sel nedeniyle 7 binden fazla ev y\u0131k\u0131ld\u0131,  300 bin ki\u015fi de tahliye edildi.<\/p>\n<p>Komitenin, sosyal medya hesaplar\u0131nda yap\u0131lan a\u00e7\u0131klamaya g\u00f6re, yakla\u015f\u0131k 1,4 milyarl\u0131k dolarl\u0131k ekonomik zarar tahmin ediliyor. Sel, su bask\u0131nlar\u0131 ve toprak kaymas\u0131 8 \u015fehirde 4,5 milyondan fazla insan\u0131 etkiledi. Su kaynaklar\u0131ndan sorumlu bir yetkili ise 22 \u015fehirde 6 milyon 750 bin insan\u0131n ya\u011fmurdan etkilendi\u011fini ve bu y\u0131lda selde<\/p>\n<p>83 ki\u015finin \u00f6ld\u00fc\u011f\u00fcn\u00fc belirtti.<\/p>\n","protected":false},"excerpt":{"rendered":"<p>\u00c7\u0130N\u2019DE HAZ\u0130RAN AYININ BA\u015eINDAN BER\u0130 ETK\u0130L\u0130 OLAN \u015e\u0130DDETL\u0130 SA\u011eANAKLAR YA\u011eI\u015eLAR Y\u00dcZ\u00dcNDEN EN AZ 49 K\u0130\u015e\u0130 HAYATINI KAYBETT\u0130, KAYBOLAN 14 K\u0130\u015e\u0130DEN \u0130SE HALA HABER ALINAMADI.<\/p>\n","protected":false},"author":1,"featured_media":168609,"comment_status":"closed","ping_status":"open","sticky":false,"template":"","format":"standard","meta":{"jetpack_post_was_ever_published":false,"_jetpack_newsletter_access":"","_jetpack_dont_email_post_to_subs":false,"_jetpack_newsletter_tier_id":0,"_jetpack_memberships_contains_paywalled_content":false,"_jetpack_memberships_contains_paid_content":false,"footnotes":"","jetpack_publicize_message":"","jetpack_publicize_feature_enabled":true,"jetpack_social_post_already_shared":true,"jetpack_social_options":{"image_generator_settings":{"template":"highway","default_image_id":0,"font":"","enabled":false},"version":2}},"categories":[10],"tags":[695,15318,522,523,3784,1664,40440],"class_list":["post-168608","post","type-post","status-publish","format-standard","has-post-thumbnail","hentry","category-dunya","tag-sel","tag-cini","tag-devam","tag-ediyor","tag-gecmeye","tag-olu","tag-yikip"],"jetpack_publicize_connections":[],"jetpack_featured_media_url":"https:\/\/i0.wp.com\/www.tvturk.com\/wp-content\/uploads\/2019\/06\/sel-cini-yikip-gecmeye-devam-ediyor-49-olu_624df55.jpg?fit=1000%2C667","jetpack_sharing_enabled":true,"jetpack_shortlink":"https:\/\/wp.me\/paKIfm-HRu","_links":{"self":[{"href":"http:\/\/www.tvturk.com\/index.php\/wp-json\/wp\/v2\/posts\/168608","targetHints":{"allow":["GET"]}}],"collection":[{"href":"http:\/\/www.tvturk.com\/index.php\/wp-json\/wp\/v2\/posts"}],"about":[{"href":"http:\/\/www.tvturk.com\/index.php\/wp-json\/wp\/v2\/types\/post"}],"author":[{"embeddable":true,"href":"http:\/\/www.tvturk.com\/index.php\/wp-json\/wp\/v2\/users\/1"}],"replies":[{"embeddable":true,"href":"http:\/\/www.tvturk.com\/index.php\/wp-json\/wp\/v2\/comments?post=168608"}],"version-history":[{"count":0,"href":"http:\/\/www.tvturk.com\/index.php\/wp-json\/wp\/v2\/posts\/168608\/revisions"}],"wp:featuredmedia":[{"embeddable":true,"href":"http:\/\/www.tvturk.com\/index.php\/wp-json\/wp\/v2\/media\/168609"}],"wp:attachment":[{"href":"http:\/\/www.tvturk.com\/index.php\/wp-json\/wp\/v2\/media?parent=168608"}],"wp:term":[{"taxonomy":"category","embeddable":true,"href":"http:\/\/www.tvturk.com\/index.php\/wp-json\/wp\/v2\/categories?post=168608"},{"taxonomy":"post_tag","embeddable":true,"href":"http:\/\/www.tvturk.com\/index.php\/wp-json\/wp\/v2\/tags?post=168608"}],"curies":[{"name":"wp","href":"https:\/\/api.w.org\/{rel}","templated":true}]}}