{"id":168634,"date":"2019-06-13T10:29:51","date_gmt":"2019-06-13T07:29:51","guid":{"rendered":"http:\/\/www.tvturk.com\/index.php\/yaz-tatili-cocuk-anne-baba-iliskisini-gelistirmede-iyi-bir-firsat\/"},"modified":"2019-06-13T10:29:51","modified_gmt":"2019-06-13T07:29:51","slug":"yaz-tatili-cocuk-anne-baba-iliskisini-gelistirmede-iyi-bir-firsat","status":"publish","type":"post","link":"http:\/\/www.tvturk.com\/index.php\/yaz-tatili-cocuk-anne-baba-iliskisini-gelistirmede-iyi-bir-firsat\/","title":{"rendered":"Yaz tatili, \u00e7ocuk-anne-baba ili\u015fkisini geli\u015ftirmede iyi bir f\u0131rsat"},"content":{"rendered":"<p>Yakla\u015f\u0131k 18 milyon \u00f6\u011frenci hem karnelerini alman\u0131n hem de yaz tatiline girmenin heyecan\u0131n\u0131 ya\u015f\u0131yor. Elektronik veli bilgilendirme sistemini kullanan ebeveynler i\u00e7in eve gelecek karnenin \u00e7ok da s\u00fcrpriz olmayaca\u011f\u0131na dikkat \u00e7eken Psikoloji B\u00f6l\u00fcm\u00fc Dr. \u00d6\u011fretim \u00dcyesi Ilg\u0131n Ba\u015faran, \u201cKarne, yaln\u0131zca say\u0131sal de\u011ferlerden olu\u015fmaz. Karnenin g\u00f6r\u00fc\u015f k\u0131sm\u0131 da dikkate al\u0131nmal\u0131. K\u00f6t\u00fc veya yetersiz notlara sahip bir \u00f6\u011frencinin gerek\u00e7eleri iyi dinlenmeli ve iyi anla\u015f\u0131lmal\u0131&#8221; dedi.<\/p>\n<p>Yaz tatili \u00f6ncesi velilere \u00f6nemli tavsiyelerde bulunan Ya\u015far \u00dcniversitesi Psikoloji B\u00f6l\u00fcm\u00fc Dr. \u00d6\u011fretim \u00dcyesi Ilg\u0131n Ba\u015faran, dikkat \u00e7eken uyar\u0131lar yapt\u0131. &#8220;Karneyi yaln\u0131zca say\u0131sal de\u011ferler olarak g\u00f6rmemek laz\u0131m&#8221; diyen Ba\u015faran, &#8220;Bu nedenle karnede notlar ne kadar k\u00f6t\u00fc olursa olsun \u00f6ncelikle \u00f6\u011frenciden bunun nedenlerini anlatmas\u0131n\u0131 beklemek daha do\u011fru olacakt\u0131r; \u00e7\u00fcnk\u00fc mutlaka bir gerek\u00e7esi olacakt\u0131r. B\u0131rak\u0131n \u00f6ncelikle durumu kendisi yorumlas\u0131n. \u00d6te yandan veliler de, \u00f6\u011fretmen taraf\u0131ndan doldurulan g\u00f6r\u00fc\u015fler k\u0131sm\u0131na dikkat etmeli; ancak bunlar da standart ve hemen hemen ayn\u0131 olan g\u00f6r\u00fc\u015flerden olu\u015fmamal\u0131. G\u00f6r\u00fc\u015fler, ba\u015far\u0131 veya ba\u015far\u0131s\u0131zl\u0131ktan \u00f6te \u00f6\u011frencinin ki\u015fisel geli\u015fimi hakk\u0131nda bilgi vermeli. K\u0131sacas\u0131 g\u00f6r\u00fc\u015fler notlar dizisinden daha yo\u011fun ve a\u00e7\u0131klay\u0131c\u0131 olmal\u0131&#8221; bilgisini verdi.<\/p>\n<p>Her \u00e7ocu\u011fun ba\u015far\u0131s\u0131n\u0131 kendi i\u00e7inde de\u011ferlendirmek gerekti\u011finin alt\u0131n\u0131 \u00e7izen Ba\u015faran, \u00f6\u011frenci ba\u015far\u0131lar\u0131n\u0131n birbirleriyle k\u0131yaslanmas\u0131n\u0131n yanl\u0131\u015f oldu\u011funu s\u00f6yledi. Yaz tatilinde yap\u0131labilecek aktivitelere de de\u011finen Ilg\u0131n Ba\u015faran, \u015f\u00f6yle devam etti:<\/p>\n<p>&#8220;\u00c7ocu\u011fun zaman\u0131n\u0131 iyi de\u011ferlendirebilmesi i\u00e7in aileler tatili nas\u0131l ge\u00e7ireceklerini \u00f6nceden planlamal\u0131. \u00c7ocu\u011fun d\u00f6nem boyunca \u00f6zledi\u011fi ve yapmak istedi\u011fi aktiviteler neler ise bunlar\u0131 ger\u00e7ekle\u015ftirmesi i\u00e7in f\u0131rsatlar sunulmal\u0131. Yaz d\u00f6neminde tatile gitmek, yeni yerler, tarihi ve do\u011fal g\u00fczellikleri gezmek hem \u00e7ocuk-anne-baba ili\u015fkisini yak\u0131nla\u015ft\u0131ran bir deneyim olacak hem de \u00e7ocu\u011fun ufkunu geni\u015fletecektir. Bunun i\u00e7in aileler deniz kenar\u0131, yayla gibi havan\u0131n daha uygun oldu\u011fu alanlara gidilebilir; ayr\u0131ca belediyelerin \u00fccretsiz olarak a\u00e7t\u0131\u011f\u0131 kurslar da \u00f6nceden takip edilip, \u00e7ocu\u011fa uygun olan\u0131 se\u00e7ilebilir. B\u00fct\u00fcn elektronik cihazlardan uzak durup elektronik ortams\u0131z bir g\u00fcn ge\u00e7irilebilir. Kitap okumak isteyen \u00e7ocuklar i\u00e7in de evde g\u00fcr\u00fclt\u00fcs\u00fcz ve sakin bir ortam olu\u015fturulabilir.&#8221;<\/p>\n","protected":false},"excerpt":{"rendered":"<p>\u00d6\u011eRET\u0130M \u00dcYES\u0130 ILGIN BA\u015eARAN, \u201cKARNE, YALNIZCA SAYISAL DE\u011eERLERDEN OLU\u015eMAZ. KARNEN\u0130N G\u00d6R\u00dc\u015e KISMI DA D\u0130KKATE ALINMALI. K\u00d6T\u00dc VEYA YETERS\u0130Z NOTLARA SAH\u0130P B\u0130R \u00d6\u011eRENC\u0130N\u0130N GEREK\u00c7ELER\u0130 \u0130Y\u0130 D\u0130NLENMEL\u0130 VE \u0130Y\u0130 ANLA\u015eILMALI&#8221; DED\u0130.<\/p>\n","protected":false},"author":1,"featured_media":168635,"comment_status":"closed","ping_status":"open","sticky":false,"template":"","format":"standard","meta":{"jetpack_post_was_ever_published":false,"_jetpack_newsletter_access":"","_jetpack_dont_email_post_to_subs":false,"_jetpack_newsletter_tier_id":0,"_jetpack_memberships_contains_paywalled_content":false,"_jetpack_memberships_contains_paid_content":false,"footnotes":"","jetpack_publicize_message":"","jetpack_publicize_feature_enabled":true,"jetpack_social_post_already_shared":true,"jetpack_social_options":{"image_generator_settings":{"template":"highway","default_image_id":0,"font":"","enabled":false},"version":2}},"categories":[1],"tags":[125,40450,4837,29476,40451,1552,2210,183],"class_list":["post-168634","post","type-post","status-publish","format-standard","has-post-thumbnail","hentry","category-genel","tag-bir","tag-cocuk-anne-baba","tag-firsat","tag-gelistirmede","tag-iliskisini","tag-iyi","tag-tatili","tag-yaz"],"jetpack_publicize_connections":[],"jetpack_featured_media_url":"https:\/\/i0.wp.com\/www.tvturk.com\/wp-content\/uploads\/2019\/06\/yaz-tatili-cocuk-anne-baba-iliskisini-gelistirmede-iyi-bir-firsat_2a253d1.jpg?fit=1000%2C712","jetpack_sharing_enabled":true,"jetpack_shortlink":"https:\/\/wp.me\/paKIfm-HRU","_links":{"self":[{"href":"http:\/\/www.tvturk.com\/index.php\/wp-json\/wp\/v2\/posts\/168634","targetHints":{"allow":["GET"]}}],"collection":[{"href":"http:\/\/www.tvturk.com\/index.php\/wp-json\/wp\/v2\/posts"}],"about":[{"href":"http:\/\/www.tvturk.com\/index.php\/wp-json\/wp\/v2\/types\/post"}],"author":[{"embeddable":true,"href":"http:\/\/www.tvturk.com\/index.php\/wp-json\/wp\/v2\/users\/1"}],"replies":[{"embeddable":true,"href":"http:\/\/www.tvturk.com\/index.php\/wp-json\/wp\/v2\/comments?post=168634"}],"version-history":[{"count":0,"href":"http:\/\/www.tvturk.com\/index.php\/wp-json\/wp\/v2\/posts\/168634\/revisions"}],"wp:featuredmedia":[{"embeddable":true,"href":"http:\/\/www.tvturk.com\/index.php\/wp-json\/wp\/v2\/media\/168635"}],"wp:attachment":[{"href":"http:\/\/www.tvturk.com\/index.php\/wp-json\/wp\/v2\/media?parent=168634"}],"wp:term":[{"taxonomy":"category","embeddable":true,"href":"http:\/\/www.tvturk.com\/index.php\/wp-json\/wp\/v2\/categories?post=168634"},{"taxonomy":"post_tag","embeddable":true,"href":"http:\/\/www.tvturk.com\/index.php\/wp-json\/wp\/v2\/tags?post=168634"}],"curies":[{"name":"wp","href":"https:\/\/api.w.org\/{rel}","templated":true}]}}