{"id":168690,"date":"2019-06-13T11:24:21","date_gmt":"2019-06-13T08:24:21","guid":{"rendered":"http:\/\/www.tvturk.com\/index.php\/matliya-buyuk-gorev\/"},"modified":"2019-06-13T11:24:21","modified_gmt":"2019-06-13T08:24:21","slug":"matliya-buyuk-gorev","status":"publish","type":"post","link":"http:\/\/www.tvturk.com\/index.php\/matliya-buyuk-gorev\/","title":{"rendered":"Matl\u0131\u2019ya b\u00fcy\u00fck g\u00f6rev"},"content":{"rendered":"<p>Bursa Ticaret Borsas\u0131 (BTB) Y\u00f6netim Kurulu Ba\u015fkan\u0131 ve T\u00fcrkiye Odalar ve Borsalar Birli\u011fi (TOBB) Y\u00f6netim Kurulu \u00dcyesi \u00d6zer Matl\u0131, Brezilya\u2019da d\u00fczenlenen \u201c11.D\u00fcnya Odalar Kongresi\u2019nde \u00fclkemizi temsil etti.<\/p>\n<p>BTB Y\u00f6netim Kurulu Ba\u015fkan\u0131 \u00d6zer Matl\u0131, beraberindeki heyet ile birlikte Brezilya\u2019n\u0131n<\/p>\n<p>Sao Paulo kentinde \u00e7e\u015fitli temaslarda bulundu. Matl\u0131 ve beraberindeki TOBB Heyetinin ilk dura\u011f\u0131 Brezilya B\u00fcy\u00fckel\u00e7isi Murat Yavuz Ate\u015f ve Sao PauloBa\u015fkonsolosu Serkan Gedik oldu. Yap\u0131lan g\u00f6r\u00fc\u015fmede T\u00fcrkiye ile Brezilya aras\u0131ndaki ili\u015fkiler hakk\u0131nda bilgi al\u0131\u015fveri\u015fi yap\u0131ld\u0131.<\/p>\n<p>Sao Paulo Sanayiciler Federasyonu (FIESP)\u2019in TOBB Heyeti onuruna verdi\u011fi ak\u015fam yeme\u011finde TOBB-FIESP i\u015fbirli\u011fi konular\u0131 ele al\u0131nd\u0131. Sao Paulo temaslar\u0131n\u0131n ard\u0131ndan TOBB Heyeti, Rio de Janeiro\u2019da 11.D\u00fcnya Odalar Kongresi\u2019ne kat\u0131ld\u0131.<\/p>\n<p>TOBB Heyetinin yapt\u0131\u011f\u0131 ikili g\u00f6r\u00fc\u015fmelerde T\u00fcrkiye ile Brezilya aras\u0131ndaki ili\u015fkilerin geli\u015ftirilmesine y\u00f6nelik sa\u011flanabilecek katk\u0131lar, iki \u00fclke aras\u0131nda i\u015f birli\u011finin artmas\u0131, ticari ortakl\u0131klar\u0131n artt\u0131r\u0131lmas\u0131 konular\u0131n\u0131n ele al\u0131nd\u0131\u011f\u0131n\u0131 belirten BTB Y\u00f6netim Kurulu Ba\u015fkan\u0131 ve TOBB Y\u00f6netim Kurulu \u00dcyesi \u00d6zer Matl\u0131, \u201cBa\u015far\u0131l\u0131 bir kongreyi geride b\u0131rakt\u0131khem ikili g\u00f6r\u00fc\u015fmelerimizde hem de kongre boyunca \u00fclkemizin ticar\u00ee hareketlili\u011fini buradaki temsilcilere anlatma imk\u00e2n\u0131 bulduk. Yeni yat\u0131r\u0131mc\u0131lar\u0131n T\u00fcrkiye\u2019yi neden tercih etmeleri gerekti\u011fini, T\u00fcrkiye\u2019nin tarihten bug\u00fcne ticaretin tam merkezi oldu\u011funu, bu sebeple ticarette k\u00fcresel kazan\u00e7 i\u00e7in T\u00fcrkiye\u2019nin t\u00fcm pazarlara a\u00e7\u0131lan kap\u0131 oldu\u011funu bir kez daha hat\u0131rlatt\u0131k\u201d dedi.<\/p>\n<p>Brezilya\u2019da d\u00fczenlenen \u201c11.D\u00fcnya Odalar Kongresi\u2019ndeTOBB`u ve \u00fclkemizi temsil eden heyet, BTB Y\u00f6netim Kurulu Ba\u015fkan\u0131 ve TOBB Y\u00f6netim Kurulu \u00dcyesi \u00d6zer Matl\u0131, Genel Sekreter Yard\u0131mc\u0131s\u0131 Sarp Kalkan ve Uzman Yard\u0131mc\u0131s\u0131 Seda Gedik\u2019ten olu\u015ftu.<\/p>\n","protected":false},"excerpt":{"rendered":"<p>BURSA T\u0130CARET BORSASI (BTB) Y\u00d6NET\u0130M KURULU BA\u015eKANI VE T\u00dcRK\u0130YE ODALAR VE BORSALAR B\u0130RL\u0130\u011e\u0130 (TOBB) Y\u00d6NET\u0130M KURULU \u00dcYES\u0130 \u00d6ZER MATLI, BREZ\u0130LYA\u2019DA D\u00dcZENLENEN \u201c11.D\u00dcNYA ODALAR KONGRES\u0130\u2019NDE \u00dcLKEM\u0130Z\u0130 TEMS\u0130L ETT\u0130.<\/p>\n","protected":false},"author":1,"featured_media":168691,"comment_status":"closed","ping_status":"open","sticky":false,"template":"","format":"standard","meta":{"jetpack_post_was_ever_published":false,"_jetpack_newsletter_access":"","_jetpack_dont_email_post_to_subs":false,"_jetpack_newsletter_tier_id":0,"_jetpack_memberships_contains_paywalled_content":false,"_jetpack_memberships_contains_paid_content":false,"footnotes":"","jetpack_publicize_message":"","jetpack_publicize_feature_enabled":true,"jetpack_social_post_already_shared":true,"jetpack_social_options":{"image_generator_settings":{"template":"highway","default_image_id":0,"font":"","enabled":false},"version":2}},"categories":[1],"tags":[545,333,40475],"class_list":["post-168690","post","type-post","status-publish","format-standard","has-post-thumbnail","hentry","category-genel","tag-buyuk","tag-gorev","tag-matliya"],"jetpack_publicize_connections":[],"jetpack_featured_media_url":"https:\/\/i0.wp.com\/www.tvturk.com\/wp-content\/uploads\/2019\/06\/matliya-buyuk-gorev_ce5ac66.jpg?fit=1000%2C750","jetpack_sharing_enabled":true,"jetpack_shortlink":"https:\/\/wp.me\/paKIfm-HSO","_links":{"self":[{"href":"http:\/\/www.tvturk.com\/index.php\/wp-json\/wp\/v2\/posts\/168690","targetHints":{"allow":["GET"]}}],"collection":[{"href":"http:\/\/www.tvturk.com\/index.php\/wp-json\/wp\/v2\/posts"}],"about":[{"href":"http:\/\/www.tvturk.com\/index.php\/wp-json\/wp\/v2\/types\/post"}],"author":[{"embeddable":true,"href":"http:\/\/www.tvturk.com\/index.php\/wp-json\/wp\/v2\/users\/1"}],"replies":[{"embeddable":true,"href":"http:\/\/www.tvturk.com\/index.php\/wp-json\/wp\/v2\/comments?post=168690"}],"version-history":[{"count":0,"href":"http:\/\/www.tvturk.com\/index.php\/wp-json\/wp\/v2\/posts\/168690\/revisions"}],"wp:featuredmedia":[{"embeddable":true,"href":"http:\/\/www.tvturk.com\/index.php\/wp-json\/wp\/v2\/media\/168691"}],"wp:attachment":[{"href":"http:\/\/www.tvturk.com\/index.php\/wp-json\/wp\/v2\/media?parent=168690"}],"wp:term":[{"taxonomy":"category","embeddable":true,"href":"http:\/\/www.tvturk.com\/index.php\/wp-json\/wp\/v2\/categories?post=168690"},{"taxonomy":"post_tag","embeddable":true,"href":"http:\/\/www.tvturk.com\/index.php\/wp-json\/wp\/v2\/tags?post=168690"}],"curies":[{"name":"wp","href":"https:\/\/api.w.org\/{rel}","templated":true}]}}